{"id":26458,"date":"2019-01-28T11:09:15","date_gmt":"2019-01-28T10:09:15","guid":{"rendered":"http:\/\/www.bilten.org\/?p=26458"},"modified":"2019-01-28T11:12:04","modified_gmt":"2019-01-28T10:12:04","slug":"voda-ispred-profita","status":"publish","type":"post","link":"https:\/\/www.bilten.org\/?p=26458","title":{"rendered":"Voda ispred profita"},"content":{"rendered":"<p>Vi\u0161e tisu\u0107a ljudi iz cijele Srbije okupilo se ju\u010der u Beogradu na velikom prosvjedu &#8220;Odbranimo na\u0161e reke&#8221; koji je najavljen kao &#8220;najve\u0107i ekolo\u0161ki protest u istoriji Srbije&#8221;. Okupljeni su tra\u017eili hitno zaustavljanje kontroverznog projekta mini hidrocentrala na manjim planinskim rijekama, osobito na jugu Srbije. Gigantski projekt izgradnje \u010dak 800 mini hidroelektrana dr\u017eava pravda potrebom da pove\u0107a udio elektri\u010dne energije proizvedene iz obnovljivih izvora, u \u0161to ra\u010duna i ovaj tip hidroelektrana.<\/p>\n<p>No brojni stru\u010dnjaci ve\u0107 godinama obja\u0161njavaju kako bi, \u010dak i uz izgradnju svih planiranih mini hidroelektrana, njihov udio u proizvodnji elektri\u010dne energije ostao neznatan, dok bi istovremeno \u0161teta za male rijeke bila neprocjenjiva. Naime, taj tip elektrana zahtijeva promjenu i regulaciju tokova uglavnom planinskih rje\u010dica, s katastrofalnim posljedicama za riblji fond i dostupnost pitke vode u okolnim podru\u010djima. Da stvar bude gora, znatan broj predvi\u0111enih elektrana planira se na slu\u017ebeno za\u0161ti\u0107enim podru\u010djima.<\/p>\n<p><strong>\u017drtva na oltaru kapitala<\/strong><\/p>\n<p>Lokalni aktivisti ve\u0107 godinama &#8220;ratuju&#8221; s privatnim investitorima \u2013 jedinim akterima koji bi se od ovog projekta okoristili \u2013 ali njihova borba \u010desto ostaje nevidljiva u Beogradu kao centru politi\u010dke mo\u0107i. Uporni protesti, uklju\u010duju\u0107i i onaj odr\u017ean ju\u010der, ipak su poljuljali samopouzdanje vlasti. Ju\u010dera\u0161nje reakcije jasno su pokazale kako me\u0111u ministarstvima postoji odre\u0111en konflikt oko smislenosti ovog projekta i opasnosti koju za vlast predstavlja rastu\u0107i dru\u0161tveni pokret za obranu rijeka.<\/p>\n<p>Periferna podru\u010dja Srbije su u viziji vladaju\u0107e stranke idealni prostor za razli\u010dite eksperimente pogodovanja kapitalu na \u0161tetu lokalnog stanovni\u0161tva. Ra\u010dunaju\u0107i na siroma\u0161tvo i nerazvijenost tih podru\u010dja, vlada naj\u010de\u0161\u0107e upravo tamo &#8220;poti\u010de investicije&#8221; u proizvodnji kroz koje poklanja golema javna sredstva privatnim kompanijama i sustavno im &#8220;gleda kroz prste&#8221; dok kr\u0161e osnovna prava zaposlenih radnika. Mini hidroelektrane tako\u0111er se grade na korist privatnih investitora, koji bi za malu koli\u010dinu proizvedene struje trebali imati siguran prihod iz dr\u017eavnog prora\u010duna.<\/p>\n<p>\u017drtve bi i u ovom slu\u010daju trebali biti lokalni stanovnici koji gube svoje rijeke i kvalitetu \u017eivota zarad privatnog profita investitora. No kroz borbu za rijeke periferija je ipak pokazala kako ne\u0107e \u0161utke podnijeti ba\u0161 sve eksperimente koje su za nju osmislili u vladi.<\/p>\n","protected":false},"excerpt":{"rendered":"<p>Vi\u0161e tisu\u0107a ljudi iz cijele Srbije okupilo se ju\u010der u Beogradu na velikom prosvjedu &#8220;Odbranimo na\u0161e reke&#8221; koji je najavljen kao &#8220;najve\u0107i ekolo\u0161ki protest u istoriji Srbije&#8221;. Okupljeni su tra\u017eili hitno zaustavljanje kontroverznog projekta mini hidrocentrala na manjim planinskim rijekama&#8230;<\/p>\n","protected":false},"author":10,"featured_media":26459,"comment_status":"closed","ping_status":"closed","sticky":false,"template":"","format":"standard","meta":{"footnotes":""},"categories":[],"tags":[371,182,51],"theme":[457,455],"country":[11],"articleformat":[205],"coauthors":[26],"class_list":["post-26458","post","type-post","status-publish","format-standard","has-post-thumbnail","hentry","tag-klima","tag-okolis","tag-privatizacija","theme-klima","theme-rad","country-srbija","articleformat-vijest"],"_links":{"self":[{"href":"https:\/\/www.bilten.org\/index.php?rest_route=\/wp\/v2\/posts\/26458","targetHints":{"allow":["GET"]}}],"collection":[{"href":"https:\/\/www.bilten.org\/index.php?rest_route=\/wp\/v2\/posts"}],"about":[{"href":"https:\/\/www.bilten.org\/index.php?rest_route=\/wp\/v2\/types\/post"}],"author":[{"embeddable":true,"href":"https:\/\/www.bilten.org\/index.php?rest_route=\/wp\/v2\/users\/10"}],"replies":[{"embeddable":true,"href":"https:\/\/www.bilten.org\/index.php?rest_route=%2Fwp%2Fv2%2Fcomments&post=26458"}],"version-history":[{"count":2,"href":"https:\/\/www.bilten.org\/index.php?rest_route=\/wp\/v2\/posts\/26458\/revisions"}],"predecessor-version":[{"id":26461,"href":"https:\/\/www.bilten.org\/index.php?rest_route=\/wp\/v2\/posts\/26458\/revisions\/26461"}],"wp:featuredmedia":[{"embeddable":true,"href":"https:\/\/www.bilten.org\/index.php?rest_route=\/wp\/v2\/media\/26459"}],"wp:attachment":[{"href":"https:\/\/www.bilten.org\/index.php?rest_route=%2Fwp%2Fv2%2Fmedia&parent=26458"}],"wp:term":[{"taxonomy":"category","embeddable":true,"href":"https:\/\/www.bilten.org\/index.php?rest_route=%2Fwp%2Fv2%2Fcategories&post=26458"},{"taxonomy":"post_tag","embeddable":true,"href":"https:\/\/www.bilten.org\/index.php?rest_route=%2Fwp%2Fv2%2Ftags&post=26458"},{"taxonomy":"theme","embeddable":true,"href":"https:\/\/www.bilten.org\/index.php?rest_route=%2Fwp%2Fv2%2Ftheme&post=26458"},{"taxonomy":"country","embeddable":true,"href":"https:\/\/www.bilten.org\/index.php?rest_route=%2Fwp%2Fv2%2Fcountry&post=26458"},{"taxonomy":"articleformat","embeddable":true,"href":"https:\/\/www.bilten.org\/index.php?rest_route=%2Fwp%2Fv2%2Farticleformat&post=26458"},{"taxonomy":"author","embeddable":true,"href":"https:\/\/www.bilten.org\/index.php?rest_route=%2Fwp%2Fv2%2Fcoauthors&post=26458"}],"curies":[{"name":"wp","href":"https:\/\/api.w.org\/{rel}","templated":true}]}}