{"id":26393,"date":"2019-01-22T13:54:09","date_gmt":"2019-01-22T12:54:09","guid":{"rendered":"http:\/\/www.bilten.org\/?p=26393"},"modified":"2019-01-22T13:54:09","modified_gmt":"2019-01-22T12:54:09","slug":"hrvatska-neuspjesna-u-medunarodnoj-zastiti-ljudi","status":"publish","type":"post","link":"https:\/\/www.bilten.org\/?p=26393","title":{"rendered":"Hrvatska neuspje\u0161na u me\u0111unarodnoj za\u0161titi ljudi"},"content":{"rendered":"<p>Inicijativa Dobrodo\u0161li! objavila je jo\u0161 jedan izvje\u0161taj o stanju s migracijama u Hrvatskoj koji otkriva porazno nizak broj odobrenih isprava o me\u0111unarodnoj za\u0161titi; bilo da se radi o azilu (600) ili o supsidijarnoj za\u0161titi (139). Ukupno je izdano 739 takvih isprava o za\u0161titi, odnosno za\u0161ti\u0107eno je manje od 1000 ljudi. To nije brojka za 2018. godinu, ve\u0107 ukupna brojka za period od 2006. pa do kraja pro\u0161le godine.<\/p>\n<p>U Inicijativi nagla\u0161avaju da se &#8220;posljednjih godina broj odobrenih za\u0161tita pove\u0107ao, no Hrvatska je i dalje (u odnosu na neke druge zemlje \u010dlanice EU) restriktivna u odobravanju me\u0111unarodne za\u0161tite, a ujedno i manje po\u017eeljna zemlja destinacije zbog nekvalitetnog integracijskog sustava&#8221;.<\/p>\n<p>Iz inicijative obja\u0161njavaju da &#8220;na pobolj\u0161anje kvalitete sustava uvelike utje\u010du politike koje institucije sprovode&#8221;, stoga je posebno zanimljivo pitanje kako \u0107e izgledati nova Strategije za demografiju, u sklopu koje \u0107e se izraditi tzv. migracijski plan. Iako Hrvatska od 2016. godine nema migracijsku politiku, odnosno istu provodi na temelju Zakonu o me\u0111unarodnoj i privremenoj za\u0161titi, u Inicijativi Dobrodo\u0161li! Smatraju kako bi zbog kvalitetnijeg i sveobuhvatnijeg pristupa fenomenu migracija adekvatnije bilo da se izradi i migracijska politika.<\/p>\n<p><strong>Humanitarne vize i azili<\/strong><\/p>\n<p>Hrvatska tako\u0111er sudjeluje u programu preseljenja izbjeglica iz Turske te je, prema posljednjim informacijama u posljednjoj grupi izbjeglica, 50 osoba preseljeno i smje\u0161teno u Prihvatili\u0161te za tra\u017eitelje azila u Kutini; a dr\u017eava je za njih namijenila 14 stanova u gradu Rijeci, koji se odnedavno priklju\u010dio planu razmje\u0161taja. Grad Osijek, koji ve\u0107 ima neka iskustva s planom premje\u0161tanja, a o njima pomnije izvje\u0161tava Centar za mir, nenasilje i ljudska prava &#8211; Osijek, koji je po\u010detkom godine objavio Izvje\u0161\u0107e o integracijskom auditu grada Osijeka &#8211; kvalitetan pregled institucionalne i civilne spremnosti na uklju\u010divanje stranih dr\u017eavljana u javni gradski \u017eivot te pru\u017eanje podr\u0161ke za uspostavu takvog sustava.<\/p>\n<p>Napredak u za\u0161titi ljudskih \u017eivota tijekom \u017eivota u tranzitu mo\u017ee se prona\u0107i u odobravanju rezolucije o europskom sustavu humanitarnih viza \u0161to je izglasao Europski parlament s apsolutnom ve\u0107inom od 429 glasa. Rezolucija bi trebala omogu\u0107iti dr\u017eavljanima tre\u0107ih zemalja da se prijave za ulazak na teritorij EU na temelju humanitarnih razloga. Uvo\u0111enjem humanitarne vize, nastoji se jo\u0161 jednim mehanizmom obvezati \u010dlanice EU na ispunjenje me\u0111unarodnih obaveza na koje su pristale.<\/p>\n<p>Opasnost s uvo\u0111enjem instrumenta humanitarnih viza nosi rizike od reduciranja odobrenih azila i supsidijarnih za\u0161tita. Razlika je u tome \u0161to humanitarna viza osigurava mnogo manji set prava od me\u0111unarodne za\u0161tite, pa primjerice ne osigurava pravo na rad. Humanitarna viza bi mogla sprije\u010diti smrtna stradavanja i nasilje na granici, no ostaje pitanje ho\u0107e li \u0107e osigurati dostojanstven i uklju\u010div \u017eivot u nekoj zemlji ili \u0107e dovesti do daljnjeg uru\u0161avanja sustava me\u0111unarodne za\u0161tite i politi\u010dke zloupotrebe.<\/p>\n","protected":false},"excerpt":{"rendered":"<p>Inicijativa Dobrodo\u0161li! objavila je jo\u0161 jedan izvje\u0161taj o stanju s migracijama u Hrvatskoj koji otkriva porazno nizak broj odobrenih isprava o me\u0111unarodnoj za\u0161titi; bilo da se radi o azilu (600) ili o supsidijarnoj za\u0161titi (139). Ukupno je izdano 739 takvih isprava o za\u0161titi, odnosno za\u0161ti\u0107eno je manje od 1000 ljudi. To nije brojka za 2018. [&hellip;]<\/p>\n","protected":false},"author":4,"featured_media":26394,"comment_status":"closed","ping_status":"closed","sticky":false,"template":"","format":"standard","meta":{"footnotes":""},"categories":[],"tags":[46],"theme":[458],"country":[38],"articleformat":[205],"coauthors":[289],"class_list":["post-26393","post","type-post","status-publish","format-standard","has-post-thumbnail","hentry","tag-migracije","theme-drustvo","country-hrvatska","articleformat-vijest"],"_links":{"self":[{"href":"https:\/\/www.bilten.org\/index.php?rest_route=\/wp\/v2\/posts\/26393","targetHints":{"allow":["GET"]}}],"collection":[{"href":"https:\/\/www.bilten.org\/index.php?rest_route=\/wp\/v2\/posts"}],"about":[{"href":"https:\/\/www.bilten.org\/index.php?rest_route=\/wp\/v2\/types\/post"}],"author":[{"embeddable":true,"href":"https:\/\/www.bilten.org\/index.php?rest_route=\/wp\/v2\/users\/4"}],"replies":[{"embeddable":true,"href":"https:\/\/www.bilten.org\/index.php?rest_route=%2Fwp%2Fv2%2Fcomments&post=26393"}],"version-history":[{"count":1,"href":"https:\/\/www.bilten.org\/index.php?rest_route=\/wp\/v2\/posts\/26393\/revisions"}],"predecessor-version":[{"id":26395,"href":"https:\/\/www.bilten.org\/index.php?rest_route=\/wp\/v2\/posts\/26393\/revisions\/26395"}],"wp:featuredmedia":[{"embeddable":true,"href":"https:\/\/www.bilten.org\/index.php?rest_route=\/wp\/v2\/media\/26394"}],"wp:attachment":[{"href":"https:\/\/www.bilten.org\/index.php?rest_route=%2Fwp%2Fv2%2Fmedia&parent=26393"}],"wp:term":[{"taxonomy":"category","embeddable":true,"href":"https:\/\/www.bilten.org\/index.php?rest_route=%2Fwp%2Fv2%2Fcategories&post=26393"},{"taxonomy":"post_tag","embeddable":true,"href":"https:\/\/www.bilten.org\/index.php?rest_route=%2Fwp%2Fv2%2Ftags&post=26393"},{"taxonomy":"theme","embeddable":true,"href":"https:\/\/www.bilten.org\/index.php?rest_route=%2Fwp%2Fv2%2Ftheme&post=26393"},{"taxonomy":"country","embeddable":true,"href":"https:\/\/www.bilten.org\/index.php?rest_route=%2Fwp%2Fv2%2Fcountry&post=26393"},{"taxonomy":"articleformat","embeddable":true,"href":"https:\/\/www.bilten.org\/index.php?rest_route=%2Fwp%2Fv2%2Farticleformat&post=26393"},{"taxonomy":"author","embeddable":true,"href":"https:\/\/www.bilten.org\/index.php?rest_route=%2Fwp%2Fv2%2Fcoauthors&post=26393"}],"curies":[{"name":"wp","href":"https:\/\/api.w.org\/{rel}","templated":true}]}}