{"id":26385,"date":"2019-01-22T11:33:51","date_gmt":"2019-01-22T10:33:51","guid":{"rendered":"http:\/\/www.bilten.org\/?p=26385"},"modified":"2019-01-22T11:38:26","modified_gmt":"2019-01-22T10:38:26","slug":"saglasnost-za-eksploataciju","status":"publish","type":"post","link":"https:\/\/www.bilten.org\/?p=26385","title":{"rendered":"&#8220;Saglasnost&#8221; za eksploataciju?"},"content":{"rendered":"<p>&#8220;Saglasan sam da radim no\u0107u dulje od jedne nedelje [&#8230;] da radim prekovremeno i pored porodi\u010dne situacije [&#8230;] Da radim u proseku dulje od ugovorenog radnog vremena [&#8230;] Da mi poslodavac mo\u017ee vr\u0161iti obustave zarade [&#8230;] Da poslodavac mo\u017ee nov\u010dano potra\u017eivanje naplatiti obustavom zarade [&#8230;] Sa preme\u0161tanjem u drugo mesto rada koje je udaljeno vi\u0161e od 50km od mesta rada [&#8230;] Sa privremenim upu\u0107ivanjem na rad kod drugog poslodavca du\u017ee od godinu dana&#8221;. To je samo dio zahtjeva prema radnicima u firmi Leoni u Srbiji koji su posljednjih dana \u0161okirali javnost.<\/p>\n<p>Firma Leoni je njema\u010dka multinacionalka koja se bavi uglavnom proizvodnjom kablova za automobile i sli\u010dnih proizvoda. U Srbiji djeluje godinama, osobito u siroma\u0161nijim op\u0107inama na jugu, a ove bi godine broj zaposlenih trebala pove\u0107ati na vrlo visokih deset tisu\u0107a. Navedeni uvjeti rada dio su dokumenta koji je &#8220;ponu\u0111en&#8221;, kako ka\u017eu u firmi, svim radnicima, bez obzira na porijeklo i polo\u017eaj u hijerarhiji. Kako navode za medije, rije\u010d je o dodatku koji je &#8220;izva\u0111en&#8221; iz Zakona o radu, kako bi se radnicima omogu\u0107ila dodatna zarada. No ve\u0107 i kratki pogled na dokument zapravo pokazuje da je rije\u010d o<em>\u00a0de facto<\/em> suspenziji svake, pa i minimalne zakonske za\u0161tite radnika.<\/p>\n<p><strong>Slobodni rad<\/strong><\/p>\n<p>&#8220;Izjava saglasnosti&#8221; omogu\u0107uje zaobila\u017eenje svih ograni\u010denja vezanih uz radnu obavezu. Radnik mora raditi kad god, dokad god, gdje god i kod koga god (s istim ugovorom), a onda mu se i manje-vi\u0161e proizvoljno mo\u017ee uskra\u0107ivati pla\u0107a. Iako mo\u017eemo pretpostaviti da Leoni ipak ne namjerava uvesti &#8220;dobrovoljno&#8221; ropstvo u svoje srbijanske pogone, ipak je uo\u010dljivo kako je ovim jednim dokumentom jednostavno ukinuto zadnjih 150 godina borbe za pravednije radne uvjete. A radnici stavljeni u polo\u017eaj koji prije podsje\u0107a na 19. nego 21. stolje\u0107e.<\/p>\n<p>Unato\u010d tim \u0161okantnim pritiscima na radnike, firma, dobar dio medija te sindikat Nezavisnost koji djeluje u firmi, smatraju kako u tome nema ni\u0161ta sporno zato \u0161to je potpis suglasnosti &#8220;dobrovoljan&#8221;. Milorad Panovi\u0107 iz Nezavisnosti za Al Jazeeru <a href=\"https:\/\/www.youtube.com\/watch?v=3Izrdxt0UZE\" target=\"_blank\" rel=\"noopener\">tvrdi<\/a> kako oni od \u010dlanova nisu dobili ni jednu pritu\u017ebu. &#8220;Nitko od radnika nije primoran da tu saglasnost potpi\u0161e niti imaju pravne posledice ako to ne potpi\u0161u&#8221;, obja\u0161njava Panovi\u0107 u sindikalnom i borbenom poku\u0161aju da opravda i obrani upravu poduze\u0107a. No nije sasvim jasno \u0161to bi to zna\u010dilo da radnici &#8220;nisu primorani&#8221;.<\/p>\n<p>Od pada feudalizma na ovamo nitko formalno nije primoran da radi i ne snosi pravne posljedice ako odbije uvjete rada. Jedino \u0161to snosi su egzistencijalne posljedice u vidu smrti od gladi. Prema logici sindikalista Panovi\u0107a, uprave Leonija i dobrog dijela medija u Srbiji, radnici bi trebali biti zahvalni \u0161to zbog odbijanja uvjeta rada ne\u0107e zavr\u0161iti kao gladijatori u areni, vesla\u010di na galiji ili nabijeni na kolac za primjer drugima. Pritom nikome iz medija ili sindikata tobo\u017ee nije uop\u0107e bilo \u010dudno da nisu uspjeli na\u0107i nikoga od radnika tko bi s njima pri\u010dao o tamo\u0161njim uvjetima. Valjda nemaju vremena od silnog dobrovoljnog rada.<\/p>\n","protected":false},"excerpt":{"rendered":"<p>&#8220;Saglasan sam da radim no\u0107u dulje od jedne nedelje [&#8230;] da radim prekovremeno i pored porodi\u010dne situacije [&#8230;] Da radim u proseku dulje od ugovorenog radnog vremena [&#8230;] Da mi poslodavac mo\u017ee vr\u0161iti obustave zarade [&#8230;] Da poslodavac mo\u017ee nov\u010dano potra\u017eivanje naplatiti obustavom&#8230;<\/p>\n","protected":false},"author":10,"featured_media":26386,"comment_status":"closed","ping_status":"closed","sticky":false,"template":"","format":"standard","meta":{"footnotes":""},"categories":[],"tags":[85],"theme":[455],"country":[11],"articleformat":[205],"coauthors":[26],"class_list":["post-26385","post","type-post","status-publish","format-standard","has-post-thumbnail","hentry","tag-radnicki-pokret","theme-rad","country-srbija","articleformat-vijest"],"_links":{"self":[{"href":"https:\/\/www.bilten.org\/index.php?rest_route=\/wp\/v2\/posts\/26385","targetHints":{"allow":["GET"]}}],"collection":[{"href":"https:\/\/www.bilten.org\/index.php?rest_route=\/wp\/v2\/posts"}],"about":[{"href":"https:\/\/www.bilten.org\/index.php?rest_route=\/wp\/v2\/types\/post"}],"author":[{"embeddable":true,"href":"https:\/\/www.bilten.org\/index.php?rest_route=\/wp\/v2\/users\/10"}],"replies":[{"embeddable":true,"href":"https:\/\/www.bilten.org\/index.php?rest_route=%2Fwp%2Fv2%2Fcomments&post=26385"}],"version-history":[{"count":1,"href":"https:\/\/www.bilten.org\/index.php?rest_route=\/wp\/v2\/posts\/26385\/revisions"}],"predecessor-version":[{"id":26387,"href":"https:\/\/www.bilten.org\/index.php?rest_route=\/wp\/v2\/posts\/26385\/revisions\/26387"}],"wp:featuredmedia":[{"embeddable":true,"href":"https:\/\/www.bilten.org\/index.php?rest_route=\/wp\/v2\/media\/26386"}],"wp:attachment":[{"href":"https:\/\/www.bilten.org\/index.php?rest_route=%2Fwp%2Fv2%2Fmedia&parent=26385"}],"wp:term":[{"taxonomy":"category","embeddable":true,"href":"https:\/\/www.bilten.org\/index.php?rest_route=%2Fwp%2Fv2%2Fcategories&post=26385"},{"taxonomy":"post_tag","embeddable":true,"href":"https:\/\/www.bilten.org\/index.php?rest_route=%2Fwp%2Fv2%2Ftags&post=26385"},{"taxonomy":"theme","embeddable":true,"href":"https:\/\/www.bilten.org\/index.php?rest_route=%2Fwp%2Fv2%2Ftheme&post=26385"},{"taxonomy":"country","embeddable":true,"href":"https:\/\/www.bilten.org\/index.php?rest_route=%2Fwp%2Fv2%2Fcountry&post=26385"},{"taxonomy":"articleformat","embeddable":true,"href":"https:\/\/www.bilten.org\/index.php?rest_route=%2Fwp%2Fv2%2Farticleformat&post=26385"},{"taxonomy":"author","embeddable":true,"href":"https:\/\/www.bilten.org\/index.php?rest_route=%2Fwp%2Fv2%2Fcoauthors&post=26385"}],"curies":[{"name":"wp","href":"https:\/\/api.w.org\/{rel}","templated":true}]}}