{"id":26364,"date":"2019-01-21T14:07:11","date_gmt":"2019-01-21T13:07:11","guid":{"rendered":"http:\/\/www.bilten.org\/?p=26364"},"modified":"2019-01-21T14:09:19","modified_gmt":"2019-01-21T13:09:19","slug":"veliki-obracun-s-kriminalom-vecina-vec-na-slobodi","status":"publish","type":"post","link":"https:\/\/www.bilten.org\/?p=26364","title":{"rendered":"&#8220;Veliki&#8221; obra\u010dun s kriminalom: ve\u0107ina ve\u0107 na slobodi"},"content":{"rendered":"<p>Tjedan dana nakon \u0161to je srpski ministar unutarnjih poslova Neboj\u0161a Stefanovi\u0107 na tiskovnoj konferenciji slavodobitno izjavio kako je netom provedena akcija protiv skupina organiziranog kriminala &#8220;poruka svima koji se bave organizovanim kriminalom da \u0107emo te ljude progoniti na svakom mestu&#8221;, KRIK je prikupio informacije iz kojih je jasno da su dvije tre\u0107ine uhi\u0107enih u spomenutoj akciji ve\u0107 pu\u0161teni na slobodu, dok se protiv vi\u0161e od jedne tre\u0107ine njih ne\u0107e uop\u0107e provoditi postupak.<\/p>\n<p>Podatke <a href=\"https:\/\/www.krik.rs\/rezultat-policijske-akcije-dve-trecine-uhapsenih-pusteno-na-slobodu\/?fbclid=IwAR1CnQpBh_HNMeKzPepB-QPFFxl49ZSYGHB3t2UeAFN_Gm7D3UzAQnun3B8\" target=\"_blank\" rel=\"noopener\">KRIK-u<\/a> do sada je dostavilo 58 od ukupno 84 ureda tu\u017eitelja i prema njihovim odgovorima diljem Srbije uhi\u0107eno je 140 osoba od kojih se njih tek 48 jo\u0161 uvijek nalazi u pritvoru. KRIK navodi kako podaci koje su zaprimili pokazuju &#8220;da akcija nije preterano uspe\u0161na&#8221;. U organizaciji su tako\u0111er zaklju\u010dili kako &#8220;nije ta\u010dno ono \u0161to je ministar rekao \u2013 da su rasvetljena &#8216;najte\u017ea krivi\u010dna dela&#8217;, jer je najvi\u0161e krivi\u010dnih prijava podneto osnovnim tu\u017eila\u0161tvima, koja se bave bla\u017eim krivi\u010dnim delima&#8221;. Predvi\u0111ene kazne zatvora za bla\u017ea kaznena djela su do 10 godina zatvora. Ozbiljnost izjava ministra policije posebno je poljuljana kada se pokazalo da Tu\u017eiteljstvo za organizirani kriminal i specijalizirano za postupke protiv pripadnika kriminalnih klanova nije ni sudjelovalo u akciji.<\/p>\n<p>Biv\u0161i zamjenik ministra unutarnjih poslova Bo\u017eo Prelevi\u0107 za KRIK je bio dosta kriti\u010dan prema akciji za koju ka\u017ee da kao i sve sli\u010dne akcije iz prethodnih godina, ima sli\u010dan rezultat: &#8220;Vi praznite neke fioke i objavite to u medijima. I tu se za njih akcija zavr\u0161ila, jer cilj akcije nije da se suzbije kriminal, nego da se u medijima poka\u017ee da policija ne\u0161to radi. I to se zavr\u0161ava medijski.&#8221; Na pitanje za\u0161to u akcijama nije sudjelovalo tu\u017eiteljstvo za organizirani kriminal kazao je kako taj ured &#8220;zahteva da se na nekom predmetu radi du\u017ee, studioznije, da se pohvataju ozbiljne grupe i tako dalje. Ono ne slu\u017ei za te \u2019vikend akcije\u2019.&#8221;<\/p>\n<p>KRIK na kraju zaklju\u010duje kako ovo nije bila sveobuhvatna akcija protiv kriminala ve\u0107 obra\u010dun dr\u017eave samo sa <a href=\"https:\/\/www.kurir.rs\/crna-hronika\/3081949\/rascep-poceo-u-valensiji-rat-do-istrebljenja-zbog-nestalog-kokaina-odneo-brojne-zrtve\" target=\"_blank\" rel=\"noopener\">\u0161kaljarskim klanom<\/a> i njihovim suradnicima. S druge strane iz kava\u010dkog klana nije uhi\u0107en nitko, \u0161to je ministar Stefanovi\u0107 objasnio time da \u0161kaljarski klan intenzivnije djeluje u Srbiji. S druge strane neki srpski mediji tvrde da kava\u010dki klan ima jake veze u policiji \u0161to je ministar prokomentirao kao &#8220;<a href=\"https:\/\/www.krik.rs\/tag\/obracun-klanova\/\" target=\"_blank\" rel=\"noopener\">besmislene teorije<\/a>&#8220;.<\/p>\n","protected":false},"excerpt":{"rendered":"<p>Tjedan dana nakon \u0161to je srpski ministar unutarnjih poslova Neboj\u0161a Stefanovi\u0107 na tiskovnoj konferenciji slavodobitno izjavio kako je netom provedena akcija protiv skupina organiziranog kriminala &#8220;poruka svima koji se bave organizovanim kriminalom da \u0107emo te ljude progoniti na svakom mestu&#8221;, KRIK je prikupio informacije iz kojih je jasno da su dvije tre\u0107ine uhi\u0107enih u spomenutoj [&hellip;]<\/p>\n","protected":false},"author":4,"featured_media":26365,"comment_status":"closed","ping_status":"closed","sticky":false,"template":"","format":"standard","meta":{"footnotes":""},"categories":[],"tags":[],"theme":[],"country":[11],"articleformat":[205],"coauthors":[289],"class_list":["post-26364","post","type-post","status-publish","format-standard","has-post-thumbnail","hentry","country-srbija","articleformat-vijest"],"_links":{"self":[{"href":"https:\/\/www.bilten.org\/index.php?rest_route=\/wp\/v2\/posts\/26364","targetHints":{"allow":["GET"]}}],"collection":[{"href":"https:\/\/www.bilten.org\/index.php?rest_route=\/wp\/v2\/posts"}],"about":[{"href":"https:\/\/www.bilten.org\/index.php?rest_route=\/wp\/v2\/types\/post"}],"author":[{"embeddable":true,"href":"https:\/\/www.bilten.org\/index.php?rest_route=\/wp\/v2\/users\/4"}],"replies":[{"embeddable":true,"href":"https:\/\/www.bilten.org\/index.php?rest_route=%2Fwp%2Fv2%2Fcomments&post=26364"}],"version-history":[{"count":2,"href":"https:\/\/www.bilten.org\/index.php?rest_route=\/wp\/v2\/posts\/26364\/revisions"}],"predecessor-version":[{"id":26368,"href":"https:\/\/www.bilten.org\/index.php?rest_route=\/wp\/v2\/posts\/26364\/revisions\/26368"}],"wp:featuredmedia":[{"embeddable":true,"href":"https:\/\/www.bilten.org\/index.php?rest_route=\/wp\/v2\/media\/26365"}],"wp:attachment":[{"href":"https:\/\/www.bilten.org\/index.php?rest_route=%2Fwp%2Fv2%2Fmedia&parent=26364"}],"wp:term":[{"taxonomy":"category","embeddable":true,"href":"https:\/\/www.bilten.org\/index.php?rest_route=%2Fwp%2Fv2%2Fcategories&post=26364"},{"taxonomy":"post_tag","embeddable":true,"href":"https:\/\/www.bilten.org\/index.php?rest_route=%2Fwp%2Fv2%2Ftags&post=26364"},{"taxonomy":"theme","embeddable":true,"href":"https:\/\/www.bilten.org\/index.php?rest_route=%2Fwp%2Fv2%2Ftheme&post=26364"},{"taxonomy":"country","embeddable":true,"href":"https:\/\/www.bilten.org\/index.php?rest_route=%2Fwp%2Fv2%2Fcountry&post=26364"},{"taxonomy":"articleformat","embeddable":true,"href":"https:\/\/www.bilten.org\/index.php?rest_route=%2Fwp%2Fv2%2Farticleformat&post=26364"},{"taxonomy":"author","embeddable":true,"href":"https:\/\/www.bilten.org\/index.php?rest_route=%2Fwp%2Fv2%2Fcoauthors&post=26364"}],"curies":[{"name":"wp","href":"https:\/\/api.w.org\/{rel}","templated":true}]}}