{"id":26272,"date":"2019-01-14T10:53:49","date_gmt":"2019-01-14T09:53:49","guid":{"rendered":"http:\/\/www.bilten.org\/?p=26272"},"modified":"2019-01-14T10:53:49","modified_gmt":"2019-01-14T09:53:49","slug":"makedonija-promijenila-ime-ceka-se-grcka","status":"publish","type":"post","link":"https:\/\/www.bilten.org\/?p=26272","title":{"rendered":"Makedonija promijenila ime, \u010deka se Gr\u010dka"},"content":{"rendered":"<p>Prije samo koji mjesec, \u0161anse su se \u010dinile izrazito slabima, no krajem pro\u0161log tjedna makedonsko je Sobranje ipak glasalo za promjenu imena dr\u017eave u Sjeverna Makedonija. Za promjenu je glasao 81 od 120 zastupnika, \u010dime se za dlaku dostigla nu\u017ena dvotre\u0107inska ve\u0107ina. A ona je postignuta tek nakon \u0161to je vladaju\u0107a ve\u0107ina, koju \u010dine socijaldemokrati i stranke etni\u010dkih Albanaca, uspjela na svoju stranu raznim sredstvima privu\u0107i znatan broj opozicijskih nacionalisti\u010dkih zastupnika.<\/p>\n<p>Time je presko\u010dena jedna ogromna prepreka: jedna od strana je ispunila gotovo nemogu\u0107e, iako put do toga \u2013 stalno opravdavan potrebom za euroatlantskim integracijama \u2013 nije ne\u0161to \u010dime \u0107e se itko mo\u0107i pohvaliti. No, makedonska promjena imena tek je pola pri\u010de. Gr\u010dki premijer Aleksis Cipras je nakon glasanja u Sobranju hitno \u010destitao makedonskom kolegi Zoranu Zaevu, a ovaj mu je uzvratio podsjetnikom da se sada o\u010dekuje izglasavanje normalizacije odnosa u gr\u010dkom parlamentu.<\/p>\n<p><strong>Repovi sporazuma<\/strong><\/p>\n<p>A to tijelo, za razliku od Sobranja, ne treba mijenjati ime dr\u017eave niti bilo \u0161to sli\u010dno. Ono bi samo trebalo izglasati ukidanje <em>de facto<\/em> sankcija koje ju\u017eni susjed name\u0107e Makedoniji zbog vlastitih velikogr\u010dkih pretenzija na ime Makedonije. Tako\u0111er, Ciprasu \u2013 za razliku od Zaeva \u2013 ne treba nikakva dvotre\u0107inska superve\u0107ina, ve\u0107 samo obi\u010dna natpolovi\u010dna potpora. No i to je ne\u0161to \u0161to je, po svemu sude\u0107i, izgubio. Njegov manji koalicijski partner, nacionalisti\u010dka stranka ANEL, najavila je povla\u010denje iz vlade.<\/p>\n<p>Ciprasu sad ne preostaje ni\u0161ta drugo nego da, poput Zaeva, razli\u010ditim metodama po\u010dne &#8220;krasti&#8221; opozicijske zastupnike kako bi spasio ne samo sporazum s Makedonijom, ve\u0107 i svoju vladu. Pritom je u utrci s vremenom, jer se glasanje o povjerenju vladi treba odr\u017eati ve\u0107 u srijedu. Zadatak Ciprasu je tim te\u017ei, jer se ove godine ionako moraju odr\u017eati redovni izbori. Kako bilo, &#8220;kra\u0111e&#8221; opozicijskih zastupnika samo su jedan od &#8220;repova&#8221; koji \u0107e ostati iza ovog dogovora, \u010dak i ako se uspije realizirati.<\/p>\n<p>Uz njih, ostaje i \u010dinjenica da dogovor ni u \u010demu ne\u0107e oslabiti \u0161ovinisti\u010dke fantazije u gr\u010dkom dru\u0161tvu o monopolu nad imenom Makedonije. I pravu Gr\u010dke da prijetnjama kontrolira procese u manjim susjednim zemljama.<\/p>\n","protected":false},"excerpt":{"rendered":"<p>Prije samo koji mjesec, \u0161anse su se \u010dinile izrazito slabima, no krajem pro\u0161log tjedna makedonsko je Sobranje ipak glasalo za promjenu imena dr\u017eave u Sjeverna Makedonija. Za promjenu je glasao 81 od 120 zastupnika, \u010dime se za dlaku dostigla nu\u017ena dvotre\u0107inska ve\u0107ina. A ona je postignuta tek&#8230;<\/p>\n","protected":false},"author":10,"featured_media":26273,"comment_status":"closed","ping_status":"closed","sticky":false,"template":"","format":"standard","meta":{"footnotes":""},"categories":[],"tags":[226],"theme":[],"country":[24],"articleformat":[205],"coauthors":[26],"class_list":["post-26272","post","type-post","status-publish","format-standard","has-post-thumbnail","hentry","tag-grcka","country-makedonija","articleformat-vijest"],"_links":{"self":[{"href":"https:\/\/www.bilten.org\/index.php?rest_route=\/wp\/v2\/posts\/26272","targetHints":{"allow":["GET"]}}],"collection":[{"href":"https:\/\/www.bilten.org\/index.php?rest_route=\/wp\/v2\/posts"}],"about":[{"href":"https:\/\/www.bilten.org\/index.php?rest_route=\/wp\/v2\/types\/post"}],"author":[{"embeddable":true,"href":"https:\/\/www.bilten.org\/index.php?rest_route=\/wp\/v2\/users\/10"}],"replies":[{"embeddable":true,"href":"https:\/\/www.bilten.org\/index.php?rest_route=%2Fwp%2Fv2%2Fcomments&post=26272"}],"version-history":[{"count":1,"href":"https:\/\/www.bilten.org\/index.php?rest_route=\/wp\/v2\/posts\/26272\/revisions"}],"predecessor-version":[{"id":26274,"href":"https:\/\/www.bilten.org\/index.php?rest_route=\/wp\/v2\/posts\/26272\/revisions\/26274"}],"wp:featuredmedia":[{"embeddable":true,"href":"https:\/\/www.bilten.org\/index.php?rest_route=\/wp\/v2\/media\/26273"}],"wp:attachment":[{"href":"https:\/\/www.bilten.org\/index.php?rest_route=%2Fwp%2Fv2%2Fmedia&parent=26272"}],"wp:term":[{"taxonomy":"category","embeddable":true,"href":"https:\/\/www.bilten.org\/index.php?rest_route=%2Fwp%2Fv2%2Fcategories&post=26272"},{"taxonomy":"post_tag","embeddable":true,"href":"https:\/\/www.bilten.org\/index.php?rest_route=%2Fwp%2Fv2%2Ftags&post=26272"},{"taxonomy":"theme","embeddable":true,"href":"https:\/\/www.bilten.org\/index.php?rest_route=%2Fwp%2Fv2%2Ftheme&post=26272"},{"taxonomy":"country","embeddable":true,"href":"https:\/\/www.bilten.org\/index.php?rest_route=%2Fwp%2Fv2%2Fcountry&post=26272"},{"taxonomy":"articleformat","embeddable":true,"href":"https:\/\/www.bilten.org\/index.php?rest_route=%2Fwp%2Fv2%2Farticleformat&post=26272"},{"taxonomy":"author","embeddable":true,"href":"https:\/\/www.bilten.org\/index.php?rest_route=%2Fwp%2Fv2%2Fcoauthors&post=26272"}],"curies":[{"name":"wp","href":"https:\/\/api.w.org\/{rel}","templated":true}]}}