{"id":25966,"date":"2018-12-06T07:00:07","date_gmt":"2018-12-06T06:00:07","guid":{"rendered":"http:\/\/www.bilten.org\/?p=25966"},"modified":"2021-02-25T10:50:57","modified_gmt":"2021-02-25T09:50:57","slug":"audicije-i-trgovina","status":"publish","type":"post","link":"https:\/\/www.bilten.org\/?p=25966","title":{"rendered":"Sve se svelo na audicije i trgovinu"},"content":{"rendered":"<p><strong>Od samog po\u010detka mandata ove Vlade premijera Andreja Plenkovi\u0107a se optu\u017eivalo za &#8220;politi\u010dku anemiju&#8221;. Pritom se referiralo na njegovu ispri\u010dnicu za vojsku. Sada, na negdje pola mandata, cijela politi\u010dka kasta je postala anemi\u010dna.<\/strong><\/p>\n<p>Ju\u010dera\u0161nja scena u Hrvatskom saboru najbolji je prikaz faze u kojoj se nalazi doma\u0107a parlamentarna politika. Vladaju\u0107i su na dnevni red htjeli uvrstiti raspravu o Kona\u010dnom prijedlogu Zakona o poljoprivredi. Van protokola je za govornicu do\u0161ao samoprozvani narodni tribun iz Mosta Miro Bulj koji je zahtijevao da se rasprava odgodi. Uskoro mu se s istim zahtjevom priklju\u010dio strana\u010dki kolega Nikola Grmoja. Oni su tvrdili da se brzinskim guranjem rasprave na dnevni red \u017eele prevariti &#8220;gra\u0111ani i poljoprivrednici&#8221;.<\/p>\n<p>Nakon \u0161to je potpredsjednik Sabora \u017deljko Reiner (HDZ) pozvao stra\u017eu da ih ukloni s govornice, vlastitim tijelima su ih za\u0161titili zastupnici iz ostalih opozicijskih stranaka &#8211; SDP-a, HSS-a i \u017divog zida. Iz parlamentarnih klupa su krenula vrije\u0111anja i dobacivanja, spominjali su se branitelji i Vukovar, a oporbeni zastupnici su ostali ustrajni u svom prosvjedu i tra\u017eili da na raspravu do\u0111e ministar poljoprivrede Tomislav Tolu\u0161i\u0107, kao i da im je potrebno vi\u0161e vremena da se pripreme za raspravu. S obzirom na eskalaciju situacije sjednica je prekinuta. Sve je, naravno, snimao i na svom Facebook profilu objavio Ivan Pernar.<\/p>\n<p><strong>Prazan sadr\u017eaj<\/strong><\/p>\n<p>Premda je rije\u010d o dosad nevi\u0111enom obliku prosvjeda u Saboru, ovakav istup ne predstavlja neki novum ili radikalizaciju politi\u010dke situacije. Upravo suprotno: rije\u010d je samo o kondenzatu parlamentarne anemije. Tome u prilog dovoljno govori medijsko izvje\u0161tavanje. Nigdje nije bilo ni rije\u010di o sadr\u017eaju spomenutog zakonskog prijedloga. U opremi se samo nagla\u0161avala prazna atraktivnost situacije s naglaskom da je rije\u010d o cirkusu. A elemente cirkusa cijela pri\u010da ne sadr\u017ei zbog parlamentarne koreografije ve\u0107 zbog proste \u010dinjenice da nitko od \u010dlanova privremeno ujedinjene oporbe ne barata nikakvim konceptom agrarne politike. Da o nekom razvojnom i ne pri\u010damo.<\/p>\n<p>Bilo bi jo\u0161 i dobro da je takva situacija prisutna samo u poljoprivrednom sektoru. Te\u0161ko da mo\u017eemo razaznati bilo kakav suvisao i koherentan politi\u010dki koncept i program koji bi predstavljao relevantnu konkurenciju politikama koje se trenutno provode u bilo kojem sektoru. Sve se svodi na razli\u010dite oblike korekcija politika Vlade s obzirom na razlike u ideolo\u0161kim pozadinama opozicijskih stranaka. Prema nekima Vlada nije dovoljno &#8220;domoljubna&#8221; pa se politi\u010dki poeni nastoje uhvatiti radikalizacijom takve retorike. Neki inzistiraju na tehnokratskoj i moralnoj kritici odre\u0111enih poteza, dok neki naprosto zami\u0161ljaju \u0161to bi to mogao biti narodni interes nasuprot Vladinih politika pa besciljno trube o tome.<\/p>\n<p>Ne radi se o tome da su opozicijska djelovanja po\u010detkom godine bila sadr\u017eajnija. O\u010dito nisu kad se ova vlast uspjela odr\u017eati unato\u010d bezbrojnim aferama. Tada je situacija nalikovala ozbiljnoj politi\u010dkoj borbi iz prostog razloga \u0161to je parlamentarna ve\u0107ina bila itekako tanka. No u postupcima nadila\u017eenja afera vladaju\u0107a ve\u0107ina se uspjela pro\u0161iriti i tako si priskrbiti prili\u010dnu komociju. Tome su najvi\u0161e pridonijele politi\u010dke operacije Milana Bandi\u0107a \u010diji se klub od jednog zastupnika osvojenog na izborima uspio pove\u0107ati na dvoznamenkasti broj. Tu se dogodilo i jo\u0161 nekoliko napu\u0161tanja mati\u010dnih stranaka, ponajvi\u0161e u potpuno raspadnutom SDP-u, tako da vi\u0161e nitko i ne zna kolika je zapravo parlamentarna ve\u0107ina.<\/p>\n<p><strong>Mizerne kalkulacije<\/strong><\/p>\n<p>Slu\u010daj Milana Bandi\u0107a i &#8220;politi\u010dke trgovine&#8221;, kako se neslu\u017ebeno operacije prikupljanja zastupnika zovu, poslu\u017eio je brojnim komentatorima i politi\u010darima kao okida\u010d za dijagnozu nastupa parlamentarne apatije i op\u0107eg razo\u010daranja u politi\u010dki sustav. Iako je formalno nesporno da su bira\u010di tim operacijama prevareni i da sastav Sabora trenutno ne odgovara &#8220;\u017eeljama bira\u010da&#8221;, ta &#8220;politi\u010dka trgovina&#8221; nije uzrok apatije. Bez obzira na upitni moral strana\u010dkih prebjega, osnova tih poteza ne le\u017ei u individualnim stavovima. Ona le\u017ei u praznim politi\u010dkim programima. Prosvjed koji smo vidjeli ju\u010der u Saboru samo je druga strana medalje: &#8220;udru\u017eena oporba&#8221; se sadr\u017eajno ne razlikuje od prebjega. Njihovi programi su jednako prazni.<\/p>\n<p>To se vidi i u slu\u010daju onih koji se predstavljaju kao politi\u010dari s jasnim i nepokolobljivim stavom. Stranka Neovisni za Hrvatsku koju predvodi Zlatko Hasanbegovi\u0107 vi\u0161e nije dio vladaju\u0107e koalicije u gradu Zagrebu. Povod trenja s Milanom Bandi\u0107em bio je slu\u017ebeni dolazak gradona\u010delnika Jagodine, Dragana Markovi\u0107a zvanog Palma, u posjet Zagrebu. Koalicija je ovih dana i slu\u017ebeno raskinuta, a idu\u0107i petak je na rasporedu sjednica Gradske skup\u0161tine na kojoj \u0107e se vidjeti ima li Bandi\u0107 nakon raskida s Hasanbegovi\u0107em dovoljno zastupni\u010dkih ruku za izglasavanje prora\u010duna.<\/p>\n<p>Premda su Neovisni imali pregr\u0161t ozbiljnijih &#8220;prilika&#8221; da raskinu koaliciju, a da o samom ulasku u nju kao indikatoru politi\u010dke konzistentnosti i ne govorimo, odlu\u010dili su se za ovaj bizarni slu\u010daj. No, u cijeloj je pri\u010di najzanimljivija pozicija Zlatka Hasanbegovi\u0107a i kolega u procesu rastakanja koalicije. On se uop\u0107e nije referirao na \u010dinjenicu da je u koaliciji s Bandi\u0107em i HDZ-om ve\u0107 je prokazivao oporbu tvrde\u0107i da nisu prava oporba i da \u0107e ih Bandi\u0107 &#8220;kupiti&#8221;. A oni valjda jesu jer ih je &#8220;kupio&#8221; za ime trga i mjesto gradske \u0161efice za kulture. Dakle, \u010dak i kod onih koji se vole prikazivati kao nepokolebljivi nositelji odre\u0111enih vrijednosti jedina osnova politi\u010dkih kalkulacija su verbalna akrobatika i sitni interesi.<\/p>\n<p><strong>Hrvatska tra\u017ei zvijezdu<\/strong><\/p>\n<p>U pozadini &#8220;politi\u010dke trgovine&#8221; i preslagivanja vladaju\u0107ih ve\u0107ina u Saboru i zagreba\u010dkoj Skup\u0161tini, nastoje se izna\u0107i novi politi\u010dki momenti koji bi presjekli anemiju. Naime, paralelno se odvijaju dvije audicije. S jedne strane se tra\u017ei &#8220;hrvatski Orban&#8221;, lider tzv. suverenisti\u010dke desnice koji bi napokon ujedinio unutar i vanstrana\u010dku oporbu premijeru Andreju Plenkovi\u0107u. Tu se nude razna lica. Izme\u0111u ostaloga, biv\u0161i lider HSP-a Anto \u0110api\u0107 kojeg je svojevremeno HDZ tamo instalirao da ugasi prijetnju zdesna. A tu je i biv\u0161i predsjednik HDZ-a Tomislav Karamarko.<\/p>\n<p>Na tom tragu, nastoje\u0107i pohvatati europske trendove, je i Most koji se u zadnje vrijeme voli predstavljati kao jedina prava &#8220;suverenisti\u010dka&#8221; opcija. Pa je tako Nikola Grmoja u o\u0161troj raspravi u Saboru Hrvoja Zekanovi\u0107a iz Hrasta nedavno nazvao &#8220;la\u017enim suverenistom&#8221;. A na mjesto &#8220;istinskih suverenista&#8221; pretendiraju i u \u017divom zidu. Iako su oduvijek bili protiv Europske unije i NATO-a, sada su, pogotovo Ivan Pernar, zao\u0161trili najgadljiviju antiimigrantsku retoriku. Dakle, veliki broj ih se javio na audiciju, ali zasad sve protje\u010de u jalovom kopiranju europskih obrazaca u doma\u0107i kontekst.<\/p>\n<p>S druge strane, raspisana je audicija i za glavno lice liberalne tehnokracije: za &#8220;hrvatskog Macrona&#8221;. Tu manje-vi\u0161e sve kre\u0107e iz antikorupcijske pozadine. Sudac Trgova\u010dkog suda Mislav Kolaku\u0161i\u0107 je osnovao udrugu i ide okolo po dr\u017eavi i zaziva antikorupcijsku revoluciju. Tu su tako\u0111er i brojni prebjezi iz SDP-a koji se name\u0107u kao lideri jo\u0161 nepostoje\u0107e, &#8220;pristojne opcije&#8221;. Isti\u010de se Bojan Glava\u0161evi\u0107, ali i on, kao i Kolaku\u0161i\u0107, ne bi ba\u0161 osnivao stranku ve\u0107 platformu. Ipak, glavna kandidatkinja je Dalija Ore\u0161kovi\u0107, biv\u0161a predsjednica Povjerenstva za odlu\u010divanje o sukobu interesa.<\/p>\n<p>Ona isto kalkulira s oblikom svog ulaska u politiku, a o njenim politi\u010dkim stavovima ne znamo ni\u0161ta osim toga da se protivi korupciji i da je u tome rezolutna. I da ne bi svima dijelila besplatne ud\u017ebenike jer bi ih tako dobili i oni najbogatiji. To nam barem otprilike dovoljno govori o njenoj politi\u010dkoj imaginaciji. Te\u0161ko da bi joj moglo pasti napamet kako bi se najbogatiji mogli izda\u0161nije oporezivati u svrhu financiranja raznih socijalnih programa. Sa\u010dekajmo ipak objavu nekakvog programa da ju politi\u010dki ocijenimo, ali zasad mo\u017eemo, bez puno zadr\u0161ke, procijeniti da su svi oni koji u njoj vide nadu ljevice zapravo bli\u017ee desnici nego \u0161to misle.<\/p>\n<p>Dakle, audicije se odvijaju, vlada politi\u010dka anemija, a jedini koji je sasvim miran, barem zasad, jest premijer Andrej Plenkovi\u0107. Pre\u017eivio je Istanbulsku konvenciju i Agrokor te putem oja\u010dao saborsku ve\u0107inu. I dok su ga svi optu\u017eivali za politi\u010dku anemiju, on je, ni kriv ni du\u017ean, cijelu politi\u010dku scenu u\u010dinio anemi\u010dnom. Vi\u0161e zbog straha ve\u0107ine da se ni\u0161ta ne promijeni jer se ionako ni\u0161ta suvislo ne nudi.<\/p>\n","protected":false},"excerpt":{"rendered":"<p>Ju\u010dera\u0161nja scena u Hrvatskom saboru najbolji je prikaz faze u kojoj se nalazi doma\u0107a parlamentarna politika. Vladaju\u0107i su na dnevni red&#8230;<\/p>\n","protected":false},"author":5,"featured_media":24943,"comment_status":"closed","ping_status":"closed","sticky":false,"template":"","format":"standard","meta":{"footnotes":""},"categories":[454,1],"tags":[],"theme":[],"country":[38],"articleformat":[450],"coauthors":[90],"class_list":["post-25966","post","type-post","status-publish","format-standard","has-post-thumbnail","hentry","category-naslovnica","category-uncategorized","country-hrvatska","articleformat-tema"],"_links":{"self":[{"href":"https:\/\/www.bilten.org\/index.php?rest_route=\/wp\/v2\/posts\/25966","targetHints":{"allow":["GET"]}}],"collection":[{"href":"https:\/\/www.bilten.org\/index.php?rest_route=\/wp\/v2\/posts"}],"about":[{"href":"https:\/\/www.bilten.org\/index.php?rest_route=\/wp\/v2\/types\/post"}],"author":[{"embeddable":true,"href":"https:\/\/www.bilten.org\/index.php?rest_route=\/wp\/v2\/users\/5"}],"replies":[{"embeddable":true,"href":"https:\/\/www.bilten.org\/index.php?rest_route=%2Fwp%2Fv2%2Fcomments&post=25966"}],"version-history":[{"count":6,"href":"https:\/\/www.bilten.org\/index.php?rest_route=\/wp\/v2\/posts\/25966\/revisions"}],"predecessor-version":[{"id":25991,"href":"https:\/\/www.bilten.org\/index.php?rest_route=\/wp\/v2\/posts\/25966\/revisions\/25991"}],"wp:featuredmedia":[{"embeddable":true,"href":"https:\/\/www.bilten.org\/index.php?rest_route=\/wp\/v2\/media\/24943"}],"wp:attachment":[{"href":"https:\/\/www.bilten.org\/index.php?rest_route=%2Fwp%2Fv2%2Fmedia&parent=25966"}],"wp:term":[{"taxonomy":"category","embeddable":true,"href":"https:\/\/www.bilten.org\/index.php?rest_route=%2Fwp%2Fv2%2Fcategories&post=25966"},{"taxonomy":"post_tag","embeddable":true,"href":"https:\/\/www.bilten.org\/index.php?rest_route=%2Fwp%2Fv2%2Ftags&post=25966"},{"taxonomy":"theme","embeddable":true,"href":"https:\/\/www.bilten.org\/index.php?rest_route=%2Fwp%2Fv2%2Ftheme&post=25966"},{"taxonomy":"country","embeddable":true,"href":"https:\/\/www.bilten.org\/index.php?rest_route=%2Fwp%2Fv2%2Fcountry&post=25966"},{"taxonomy":"articleformat","embeddable":true,"href":"https:\/\/www.bilten.org\/index.php?rest_route=%2Fwp%2Fv2%2Farticleformat&post=25966"},{"taxonomy":"author","embeddable":true,"href":"https:\/\/www.bilten.org\/index.php?rest_route=%2Fwp%2Fv2%2Fcoauthors&post=25966"}],"curies":[{"name":"wp","href":"https:\/\/api.w.org\/{rel}","templated":true}]}}