{"id":25532,"date":"2018-11-02T09:20:20","date_gmt":"2018-11-02T08:20:20","guid":{"rendered":"http:\/\/www.bilten.org\/?p=25532"},"modified":"2021-02-25T10:51:07","modified_gmt":"2021-02-25T09:51:07","slug":"nacionalna-avangarda-bezbednosno-civilno-partnerstvo","status":"publish","type":"post","link":"https:\/\/www.bilten.org\/?p=25532","title":{"rendered":"Nacionalna avangarda: bezbednosno-civilno partnerstvo"},"content":{"rendered":"<p><strong>Po\u010detkom pro\u0161log mjeseca iz anonimnosti je isko\u010dila nevladina organizacija znakovitog naziva &#8211; Nacionalna avangarda. Organizacijom konferencije na kojoj se pojavio \u010ditav srpski dr\u017eavni vrh i predstavnici Bezbednosno-informativne agencije privukli su prili\u010dnu pa\u017enju javnosti. Tko su oni i \u0161to nam o\u010dita tijesna suradnja s vlasti govori o novim politi\u010dkim trendovima u Srbiji?<\/strong><\/p>\n<p>Knjigu &#8220;Arheofuturizam: evropski pogled na postpokalipti\u010dno doba&#8221; francuskog desni\u010darskog autora Gijoma Faja (Guillaume Faye) u Srbiji je prevela 2012. godine beogradska izdava\u010dka ku\u0107a Centar za izu\u010davanje tradicije Ukronija. Verovatno bi ekstravagntna kovanica iz naslova ovog dela, ostala zanimljiva samo malobrojnim lokalnim ljubiteljima politi\u010dko-filozofske ezoterije, opskurnim radikalno-desnim <a href=\"http:\/\/www.novo-videlo.com\/gijom-faj-arheofuturizam\/\" target=\"_blank\" rel=\"noopener\">aktivistima<\/a> i tek ponekom revnosnom politikologu ili kakvoj drugoj istra\u017eiva\u010dici dru\u0161tvenih nauka i fenomena, da na njega nisu nai\u0161le novinarke i drugi medijski radnici \u010ditaju\u0107i manifest Nacionalne Avangarde, organizacije do sada uglavnom nepoznate \u0161iroj javnosti. Otkuda se ova beogradska nevladina organizacija, provokativnog naziva, na\u0161la u medijskom fokusu po\u010detkom meseca oktobra?<\/p>\n<p>U beogradskom hotelu Hilton, i to ba\u0161 na dan 5. oktobra \u2013 kada se u Srbiji ritualno, ali i sve manje pompezno prise\u0107amo dana kada je 2000. godine narodnim demonstracijama svrgnut re\u017eim Slobodana Milo\u0161evi\u0107a \u2013 organizovana je &#8220;Konferencija nacionalne bezbednosti Srbije&#8221; punog naziva &#8220;Ka bezbednijoj Srbiji&#8221;. Sve u vezi sa ovim skupom bilo je prili\u010dno zanimljivo: lokacija presti\u017ena, tema osetljiva, gosti ekskluzivni, organizator kontroverzan. Krenimo redom.<\/p>\n<p><strong>Bezbednosno-informativna (nacionalna) avangarda<\/strong><\/p>\n<p>Skup je, dakle, organizovala Nacionalna Avangarda (NA), registrovana kao \u201cnevladino i neprofitno udru\u017eenje\u201d, koje <a href=\"http:\/\/www.nacionalnaavangarda.rs\/2017\/05\/31\/statut\/\" target=\"_blank\" rel=\"noopener\">radi<\/a> na \u201costvarivanju ciljeva u oblastima promocije gra\u0111anske i nacionalne kulture i vrednostima dru\u0161tvenog razvoja i solidarnosti Srba\u201d. Ova organizacija je osnovana na prole\u0107e 2017 godine \u2013 i to ba\u0161 9. maja, na dan pobede nad fa\u0161izmom, \u0161to \u0107e postati interesantna \u010dinjenica u naknadnim medijskim prepucavanjima i <a href=\"https:\/\/www.youtube.com\/watch?v=Pk1amAoeLsk&amp;feature=youtu.be&amp;fbclid=IwAR2cNi_wxlDp2CRgIUlqtF2tY7gpZ-AS7vTSoiTts-40TZdli_PL5EShtAs\" target=\"_blank\" rel=\"noopener\">dokazivanju<\/a> vo\u0111stva NA da je njihova organizacija antifa\u0161isti\u010dka, a uz to, naravno, \u201cniti proruska niti proameri\u010dka, nego prosrpska\u201d.<\/p>\n<p>U dosada\u0161njem radu NA nije uspevala, a mo\u017eda ni \u017eelela da privu\u010de pa\u017enju \u0161ire javnosti, ali ju je organizovanje ove konferencije, makar privremeno, vinulo u medijsku orbitu. Kako i ne bi, kada malo kojoj NVO, a posebno nekoj koja je aktivna zvani\u010dno svega 17 meseci, polazi za rukom da okupi dobar deo dr\u017eavnog vrha: premijerku, predsednika, ministre, \u010dak i visoke zvani\u010dnike Bezbednosno-informativne agencije (BIA) koji naj\u010de\u0161\u0107e imaju pametnijeg posla od u\u010destvovanja na javnim skupovima i debatnim seminarima.<\/p>\n<p>Ako su najvi\u0161i predstavnici izvr\u0161ne vlasti ove jeseni raspolo\u017eeni da javno diskutuju teme unutra\u0161nje, regionalne i me\u0111unarodne bezbednosti <sup><a href=\"#footnote_1_25532\" id=\"identifier_1_25532\" class=\"footnote-link footnote-identifier-link\" title=\"Desetak dana kasnije, jedna tematski donekle sli\u010dna manifestacija, uspela je jo&scaron; jednom da privu\u010de vrh politi\u010dkog establi&scaron;menta Srbije. Beogradski bezbednosni forum, koji ve\u0107 tradicionalno svake godine organizuju Beogradski fond za politi\u010dku izuzetnost, Beogradski centar za bezbednosnu politiku i Evropski pokret u Srbiji i koji okuplja &ldquo;donosioce odluka i kreatore politika, predstavnike bezbednosnih institucija, civilnog dru&scaron;tva, me\u0111unarodne i akademske zajednice iz Srbije i regiona, ali i ostalih delova Evrope i sveta&rdquo; odr\u017ean je po osmi put, i to pod nazivom &ldquo;Zajedni&scaron;tvom do odgovora na novu normalnost&rdquo;, tematizuju\u0107i \u010ditav niz pitanja: od kosovskog problema i odnosa EU-Zapadni Balkan, preko Bliskog Istoka, Rusije, &ldquo;azijskog veka&rdquo; i digitalne revolucije, do korupcije na Balkanu, rodne ravnopravnosti i krize poverenja u demokratiju. U trodnevnom doga\u0111aju uzele su u\u010de&scaron;\u0107a brojne evropske i regionalne diplomatske figure, me\u0111u njima i premijerka Brnabi\u0107, predsednik Vu\u010di\u0107, ameri\u010dki zvani\u010dnici zadu\u017eeni za balkanski region, kao i generalni sekretar NATO Jens Stoltenberg. Dakle, osnovna razlika u odnosu na bezbednosnu konferenciju u organizaciji NA jeste dominacija &ldquo;zapadne&rdquo; bezbednosne vizure. &ndash; &scaron;to bi se moglo objasniti makar mno&scaron;tvom de&scaron;avanja vezanih u(z) &ldquo;kosovski \u010dvor&rdquo;\">1<\/a><\/sup> \u2013 ostaje enigma za\u0161to su ba\u0161 sada i ba\u0161 na ovakvom skupu malo poznate NVO, slu\u017ebenici BIA re\u0161ili da iznose javno saznanja iz domena svog opisa posla. Zapravo, srpski bezbednjaci retko nastupaju u javnosti, a jo\u0161 re\u0111e iznose ocene kakve su se na skupu mogle \u010duti, a ticale su se unutra\u0161nje bezbednosti i potencijalnh pretnji po istu. Te\u0161ko je odupreti se utisku da je \u010ditav taj &#8220;performans&#8221; osmi\u0161ljen u &#8220;sadejstvu&#8221; sa akteulnim re\u017eimom, posebno imaju\u0107i u vidu da je za direktora BIA pro\u0161le godine izabran visoki funkcioner vladaju\u0107e stranke, <a href=\"https:\/\/www.krik.rs\/kljucni-dogadaji-u-vezi-sa-kriminalom-i-korupcijom-u-2015\/\" target=\"_blank\" rel=\"noopener\">kontroverzni<\/a> Bratislav Ga\u0161i\u0107, koji je pre imenovanja na novu funkciju \u201ezamrznuo\u201c \u010dlanstvo u Srpskoj Naprednoj Stranci (SNS).<\/p>\n<p><strong>Sindikati kao bezbednosni izazov<\/strong><\/p>\n<p>\u0160ta je zapravo <a href=\"https:\/\/www.infovranjske.rs\/info\/enigma-parezanovi%C4%87-%C4%8Dovek-za-specijalne-zadatke-i-u-vranju\" target=\"_blank\" rel=\"noopener\">Marko Parezanovi\u0107<\/a>, na\u010delnik za bezbednost BIA, obelodanio na konferenciji mla\u0111ane, a vlasti o\u010digledno simpati\u010dne, NVO? Ni manje ni vi\u0161e, nego saznanja da bezbednosnu pretnju Republici Srbiji predstavlja prikriveno delovanje spoljnog faktora koji naj\u010de\u0161\u0107e koristi mehanizme svojih specijalnih slu\u017ebi, vr\u0161e\u0107i na taj na\u010din odre\u0111ene zloupotrebe i stavljaju\u0107i u subverzivnu funkciju pojedince iz redova opozicije, pojedine delove medija i NVO sektora. Naglasio je Parezanovi\u0107 ipak da je re\u010d o pojedinim opozicionarima, pojedinim medijima i pojedinim NVO.<\/p>\n<p>Nepreciziranje tih pojedinih ostavlja prostora spekulacijama da su to izolovani slu\u010dajevi \u2013 ali ipak ne i bezopasni, \u010dim je opasnost intenzivna i vredna javnog pominjanja \u2013 ali i spekulacijama da me\u0111u tim pojedinim mo\u017ee biti bilo ko iz redova opozicije, medijskog ili NVO sektora. Ostavimo li po strani \u010dinjenicu da vlast u Srbiji poslednjih godina zaista u nekoj meri o\u017eivljava &#8220;retoriku devedesetih&#8221;, progla\u0161avaju\u0107i mnoge kriti\u010dke glasove iz navedenih dru\u0161tvenih sektora za &#8220;doma\u0107e izdajnike i strane pla\u0107enike&#8221;, kao i \u010dinjenicu da svetske sile, zapadne kao i isto\u010dne, \u0161tite\u0107i sopstvene interese svakako poku\u0161avaju uticati na javno mnjenje, kao i ekonomski i politi\u010dki \u017eivot svake od balkanskih mini republika \u2013 u izlaganju funkcionera BIA izdvaja se jedna novina: uticanje stranih agentura na sindikate.<\/p>\n<p>Na koje je to sindikate mogao ciljati na\u010delnik Parezanovi\u0107? Mo\u017eda na sindikat USS Sloga, jednu od \u010dlanica opozicionog <a href=\"http:\/\/www.masina.rs\/?p=7488\" target=\"_blank\" rel=\"noopener\">Saveza za Srbiju<\/a>? Ili na UGS Nezavisnost \u010dije vo\u0111stvo sve \u010de\u0161\u0107e <a href=\"http:\/\/nezavisnost.org\/populisticka-proteza-i-sumnjivi-sindikati\/\" target=\"_blank\" rel=\"noopener\">pomin<\/a>je kako saradnju sa civilnim dru\u0161tvom, tako i progresivne, donekle leve, politi\u010dke, ideje? Kako god, interesantno je da se u novoj konstrukciji bezbednosnih izazova koji stoje pred Srbijom, po\u010dinju pojavljivati i doma\u0107i sindikati i to verovatno upravo oni koji u najve\u0107oj meri kritikuju ekonomsku politiku Vlade Srbije i njenu usmerenost prevashodno na strane direktne investicije. Paradoksalno, te investicije uglavnom pristi\u017eu iz zemalja za \u010dije se \u0161pijunske slu\u017ebe insinuira da bi mogle stajati iza poku\u0161aja podrivanja bezbednosti Srbije.<\/p>\n<p>\u0160ta smo jo\u0161 saznali na konferenciji nacionalne bezbednosti Srbije? Koje su to ostale <a href=\"http:\/\/rs.n1info.com\/a425693\/Vesti\/Spoljni-faktor-najveca-pretnja-po-bezbednost-zemlje.html\" target=\"_blank\" rel=\"noopener\">va\u017ene pretnje<\/a>? Premijerka je kao glavne izazove istakla migracije, terorizam, visokotehnolo\u0161ki kriminal i situaciju na Kosovu. Predsednik se ipak fokusirao na provokacije pri\u0161tinskih vlasti i kosovsku problematiku generalno, a ministar odbrane je kosovsko pitanje preveo na paranoju od posledi\u010dnog potencijalnog stvaranja velikoalbanske dr\u017eave. Sve u svemu, ni\u0161ta neo\u010dekivano. Sve bi to moglo nalikovati na prethodni Vu\u010di\u0107ev politi\u010dki \u017eivot, naravno sada modifikovan euro-integracijama, diskursom dobrosusedskih odnosa, tr\u017ei\u0161nim ubrzanjem, balansiranjem sa \u201csvim svetskim silama\u201d i tome sli\u010dno. Na sceni je sada i prva balkanska premijerka homoseksualne orijentacije, koja dolazi iz <a href=\"http:\/\/www.bilten.org\/?p=21018\" target=\"_blank\" rel=\"noopener\">NALED-<\/a>a (Nacionalna alijansa za lokalni ekonomski razvoj), neoliberalnog rezervoara tehnokratskih kadrova koji zauzimaju klju\u010dne polo\u017eaje u strukturama vlasti. Mo\u017eda je vreme da SNS re\u017eim, opet balansa radi, stvori ili podr\u017ei neki <em>think tank<\/em> ili sli\u010dnu \u201corganizaciju civilnog dru\u0161tva\u201d koja bi predstavljala represivni pandan NALED-u, mo\u017eda prividno \u010dak konkurentski, a zapravo kompatibilan?<\/p>\n<p><strong>Arheofuturisti i dr\u017eavni slu\u017ebenici<\/strong><\/p>\n<p>I tu se mo\u017eemo vratiti na misteriju NA. O kakvoj se organizaciji radi, kako oni organizuju skup ovakvog nivoa i kakvu poruku svojim prisustvom i aktivnim u\u010de\u0161\u0107em aktuelna vlast \u0161alje? Organizacija NA koristi ljubi\u010dastu, kao boju Romejske (vizantijske) carske porodice. Knjiga u logou NA predstavlja nameru da se stvara \u201cnova misao i nova elita srpskog nacionalnog pokreta\u201d \u010dija je misija da vodi \u201caktivnu dr\u017eavnu politiku Srbije prema Kosovu i Metohiji, Crnoj Gori, Republici Srpskoj, prema nacionalnim manjinama Srba u susednim dr\u017eavama\u201d, a \u201cprvi i najva\u017eniji front nije ni u Kninu, ni u RS ni na KiM, ve\u0107 u Beogradu\u201c, u &#8220;mozgu nervnog sistema Srbije&#8221; kojim \u201cu kulturnoj, politi\u010dkoj, obrazovnoj i svakoj drugoj sferi dominira nenacionalna elita, Druga Srbija &#8230; sme\u0161tena pre svega u \u2019Krug dvojke\u2019.\u201c<\/p>\n<p>Hoplitski \u0161lem, kao drugi sastavni deo logoa, okrenut je u desno. Simbol je \u201canti\u010dke, helenske i mediteranske civilizacije\u201d, a mo\u017ee da va\u017ei kako za srpsku, tako i za \u201csve ostale evropske nacije\u201d. On predstavlja \u017eelju da \u201cutvrdimo \u0161ta je koren na\u0161eg identiteta \u2013 arhe \u2013 kako bismo mogli to da projektujemo u nove dru\u0161tvene i tehnolo\u0161ke forme budu\u0107nosti.\u201d Programski dokument NA zagovara stvaranje &#8220;srpskog nacionalnog pokreta&#8221; koji \u010dine svi &#8220;pripadnici srpske nacije koji su privr\u017eeni nacionalnoj ideji Srba&#8221;. A nacionalna ideja \u0107e se \u201cpromovisati arheofuturisti\u010dkim pristupom, \u0161to podrazumeva projektovanje predmodernog u postmoderno kako bi se se prevazi\u0161lo (zaobi\u0161lo) moderno\u201d. Jedan od glavnih aspekata moderne koji smeta pobornicima arheofuturizma jeste <a href=\"https:\/\/pescanik.net\/arheofuturizam\/\" target=\"_blank\" rel=\"noopener\">princip egalitarnosti<\/a> i mo\u017ee se re\u0107i da su vrlo savremeni kada su u pitanju aktuelne evropske i svetske tendencije nove alternativne desnice.<\/p>\n<p>Tako\u0111e, mnogo toga postaje jasnije, ali i prizemnije, kada vidimo ko su zaista <a href=\"http:\/\/rs.n1info.com\/a426623\/Vesti\/Ko-je-iza-Nacionalne-avangarde-koja-olako-okupi-drzavni-vrh.html\" target=\"_blank\" rel=\"noopener\">ljudi koji vode<\/a> NA, u kakvim su (nejasnim) vezama sa Vladom Srbije, ali i pojedinim inostranim vladama, policijskim i bezbednosnim strukturama generalno, kao i doajenima srpske (para)dr\u017eavne desnice.<\/p>\n<p><strong>Uvek u trendu<\/strong><\/p>\n<p>Re\u017eimu bliski mediji u Srbiji redovno optu\u017euju deo NVO sektora za finansiranje \u201cod strane Soro\u0161a ili Rokfelera\u201d, a aktuelni se predsednik redovno sastaje sa predstavnicima istih tih pojedinih finansijera. I dok godinama unazad razni dr\u017eavni projekti koriste sredstva organizacija drugih dr\u017eava, poput USAID ili GiZ, u poslednje vreme postoje <a href=\"https:\/\/www.pressreader.com\/serbia\/nin\/20181101\/281526522056517\" target=\"_blank\" rel=\"noopener\">indicije<\/a> da je u Srbiji na delu poku\u0161aj stvaranja paralelnog civilnog dru\u0161tva, sa\u010dinjenog od pro-vladinih \u201cnevladinih organizacija\u201d.<\/p>\n<p>Neke slu\u010dajeve svakako nije te\u0161ko <a href=\"https:\/\/www.danas.rs\/drustvo\/vladin-sluzbenik-preko-svoje-nvo-napada-poverenika\/\" target=\"_blank\" rel=\"noopener\">razotkriti<\/a>, ali primeri poput NA tra\u017ee ipak barem trunku opreza. Jesu li takve organizacije poku\u0161aji infiltracije lokalnog <em>alt-right<\/em> pokreta u dr\u017eavne strukture ili samo jedan u nizu re\u017eimskih projekata stvaranja kvazi-civilnog dru\u0161tva? A mo\u017eda je i nekakav miks u pitanju? Realno postoje\u0107a EU, i dalje ve\u0107inski deklarativno liberalna, jeste u ideolo\u0161kom rasulu, a novi desni autoritarni politi\u010dki kontekst, primetan od Rusije i Turske, preko sve ve\u0107eg broja EU zemalja, pa do SAD i Brazila, verovatno ne\u0107e mimoi\u0107i ni balkanske dr\u017eavice. A \u0161ta ako Vu\u010di\u0107 \u2013 kao trendy politi\u010dar \u2013 dok i dalje ska\u010de na svaki mig Angele Merkel, ujedno namiguje i Orbanu, \u0160traheu i ostatku dru\u017eine, \u0161apu\u0107u\u0107i im da prati i razumeva \u0161ta se oko njega de\u0161ava?<\/p>\n<ol class=\"footnotes\"><li id=\"footnote_1_25532\" class=\"footnote\">Desetak dana kasnije, jedna tematski donekle sli\u010dna manifestacija, uspela je jo\u0161 jednom da privu\u010de vrh politi\u010dkog establi\u0161menta Srbije. <a href=\"https:\/\/bfpe.org\/beogradski-bezbednosni-forum-biti-otporan-u-kontekstu-trajne-krize\/\" target=\"_blank\" rel=\"noopener\">Beogradski bezbednosni forum<\/a>, koji ve\u0107 tradicionalno svake godine organizuju Beogradski fond za politi\u010dku izuzetnost, Beogradski centar za bezbednosnu politiku i Evropski pokret u Srbiji i koji okuplja &#8220;donosioce odluka i kreatore politika, predstavnike bezbednosnih institucija, civilnog dru\u0161tva, me\u0111unarodne i akademske zajednice iz Srbije i regiona, ali i ostalih delova Evrope i sveta&#8221; odr\u017ean je po osmi put, i to pod nazivom &#8220;Zajedni\u0161tvom do odgovora na novu normalnost&#8221;, tematizuju\u0107i \u010ditav niz pitanja: od kosovskog problema i odnosa EU-Zapadni Balkan, preko Bliskog Istoka, Rusije, &#8220;azijskog veka&#8221; i digitalne revolucije, do korupcije na Balkanu, rodne ravnopravnosti i krize poverenja u demokratiju. U trodnevnom doga\u0111aju uzele su u\u010de\u0161\u0107a brojne evropske i regionalne diplomatske figure, me\u0111u njima i premijerka Brnabi\u0107, predsednik Vu\u010di\u0107, ameri\u010dki zvani\u010dnici zadu\u017eeni za balkanski region, kao i generalni sekretar NATO Jens Stoltenberg. Dakle, osnovna razlika u odnosu na bezbednosnu konferenciju u organizaciji NA jeste dominacija &#8220;zapadne&#8221; bezbednosne vizure. \u2013 \u0161to bi se moglo objasniti makar mno\u0161tvom de\u0161avanja vezanih u(z) \u201ckosovski \u010dvor\u201d<span class=\"footnote-back-link-wrapper\">[<a href=\"#identifier_1_25532\" class=\"footnote-link footnote-back-link\">&#8617;<\/a>]<\/span><\/li><\/ol>","protected":false},"excerpt":{"rendered":"<p>Po\u010detkom pro\u0161log mjeseca iz anonimnosti je isko\u010dila nevladina organizacija znakovitog naziva &#8211; Nacionalna avangarda. Organizacijom konferencije na kojoj se pojavio \u010ditav srpski dr\u017eavni vrh i predstavnici Bezbednosno-informativne agencije privukli su prili\u010dnu pa\u017enju javnosti. Tko su oni i \u0161to nam o\u010dita tijesna suradnja s vlasti govori o novim politi\u010dkim trendovima u Srbiji? Knjigu &#8220;Arheofuturizam: evropski pogled [&hellip;]<\/p>\n","protected":false},"author":5,"featured_media":25534,"comment_status":"closed","ping_status":"closed","sticky":false,"template":"","format":"standard","meta":{"footnotes":""},"categories":[454,1],"tags":[],"theme":[],"country":[11],"articleformat":[450],"coauthors":[194],"class_list":["post-25532","post","type-post","status-publish","format-standard","has-post-thumbnail","hentry","category-naslovnica","category-uncategorized","country-srbija","articleformat-tema"],"_links":{"self":[{"href":"https:\/\/www.bilten.org\/index.php?rest_route=\/wp\/v2\/posts\/25532","targetHints":{"allow":["GET"]}}],"collection":[{"href":"https:\/\/www.bilten.org\/index.php?rest_route=\/wp\/v2\/posts"}],"about":[{"href":"https:\/\/www.bilten.org\/index.php?rest_route=\/wp\/v2\/types\/post"}],"author":[{"embeddable":true,"href":"https:\/\/www.bilten.org\/index.php?rest_route=\/wp\/v2\/users\/5"}],"replies":[{"embeddable":true,"href":"https:\/\/www.bilten.org\/index.php?rest_route=%2Fwp%2Fv2%2Fcomments&post=25532"}],"version-history":[{"count":1,"href":"https:\/\/www.bilten.org\/index.php?rest_route=\/wp\/v2\/posts\/25532\/revisions"}],"predecessor-version":[{"id":25533,"href":"https:\/\/www.bilten.org\/index.php?rest_route=\/wp\/v2\/posts\/25532\/revisions\/25533"}],"wp:featuredmedia":[{"embeddable":true,"href":"https:\/\/www.bilten.org\/index.php?rest_route=\/wp\/v2\/media\/25534"}],"wp:attachment":[{"href":"https:\/\/www.bilten.org\/index.php?rest_route=%2Fwp%2Fv2%2Fmedia&parent=25532"}],"wp:term":[{"taxonomy":"category","embeddable":true,"href":"https:\/\/www.bilten.org\/index.php?rest_route=%2Fwp%2Fv2%2Fcategories&post=25532"},{"taxonomy":"post_tag","embeddable":true,"href":"https:\/\/www.bilten.org\/index.php?rest_route=%2Fwp%2Fv2%2Ftags&post=25532"},{"taxonomy":"theme","embeddable":true,"href":"https:\/\/www.bilten.org\/index.php?rest_route=%2Fwp%2Fv2%2Ftheme&post=25532"},{"taxonomy":"country","embeddable":true,"href":"https:\/\/www.bilten.org\/index.php?rest_route=%2Fwp%2Fv2%2Fcountry&post=25532"},{"taxonomy":"articleformat","embeddable":true,"href":"https:\/\/www.bilten.org\/index.php?rest_route=%2Fwp%2Fv2%2Farticleformat&post=25532"},{"taxonomy":"author","embeddable":true,"href":"https:\/\/www.bilten.org\/index.php?rest_route=%2Fwp%2Fv2%2Fcoauthors&post=25532"}],"curies":[{"name":"wp","href":"https:\/\/api.w.org\/{rel}","templated":true}]}}