{"id":25417,"date":"2018-10-24T10:02:39","date_gmt":"2018-10-24T09:02:39","guid":{"rendered":"http:\/\/www.bilten.org\/?p=25417"},"modified":"2018-10-24T10:10:56","modified_gmt":"2018-10-24T09:10:56","slug":"veliki-europski-drzavnik-ili-mali-balkanski-huskac","status":"publish","type":"post","link":"https:\/\/www.bilten.org\/?p=25417","title":{"rendered":"Veliki europski dr\u017eavnik ili mali balkanski hu\u0161ka\u010d?"},"content":{"rendered":"<p>&#8220;[J]ednakost [triju etni\u010dkih skupina u BiH] je bila postavljena kao uvjet za me\u0111unarodno priznanje. Ali ta jednakost je sada kompromitirana na \u0161tetu Hrvata, nakon \u0161to u Predsjedni\u0161tvo BiH nije izabran kandidat koji je osvojio preko 80 posto hrvatskih glasova, nego \u017deljko Kom\u0161i\u0107, koji je izabran bo\u0161nja\u010dkim glasovima.&#8221; Tako je zaprijetio hrvatski premijer Andrej Plenkovi\u0107 nakon \u0161to je sredinom ovog mjeseca, prilikom slu\u017ebenog posjeta Parizu, s francuskim predsjednikom Emmanuelom Macronom razgovarao o izbornim pravilima u tre\u0107oj zemlji \u2013 BiH. Plenkovi\u0107 je time ispunio svoje obe\u0107anje da \u0107e o problemu neizabiranja kandidata HDZ-a za \u010dlana predsjedni\u0161tva susjedne dr\u017eave govoriti na svim bilateralnim susretima i svim skupovima EU. Istu je temu naime otvorio i na samitu EU koji se odr\u017eao u Bruxellesu neposredno prije posjeta Parizu.<\/p>\n<p>U oba je navrata hrvatski premijer pri\u010dao, a doma\u0107i mediji entuzijasti\u010dno i nekriti\u010dno prenijeli, kako je za stajali\u0161te hrvatskog HDZ-a o izbornim rezultatima bosanskohercegova\u010dkog HDZ-a na europskim forumima pokazan veliki interes. Plenkovi\u0107, dodu\u0161e, nije mogao ustvrditi da ga je itko u njegovom lobiranju zapravo podr\u017eao, pa je radije govorio o &#8220;razumijevanju&#8221; koje su iznijeli Macron i europska povjerenica za vanjske poslove Federica Mogherini. Sude\u0107i prema kasnijim detaljnijim obja\u0161njenjima, \u010dini se da su ti du\u017enosnici doista donekle razumjeli problem s bh. izborima, ali su tako\u0111er zauzeli stavove potpuno suprotne od Plenkovi\u0107evog. Kako je hrvatski premijer sam morao potvrditi, Macron je konstatirao tek da je &#8220;hrvatska percepcije [problema] jedinstvena&#8221;, \u0161to \u0107e re\u0107i i u neskladu s onom ve\u0107ine drugih zemalja.<\/p>\n<p><strong>\u0160aptanje na uho sila<\/strong><\/p>\n<p>Jo\u0161 je ve\u0107i \u0161amar, \u010dini se, stigao od Mogherini \u010diji je ured na novinarske upite odgovorio kako &#8220;ne treba preduzimati nikakve zakonodavne ili politi\u010dke korake koji bi u\u010dinili ve\u0107i izazov primjeni presude Sejdi\u0107-Finci i srodnih odluka.&#8221; U prijevodu, izborna pravila ne treba mijenjati tako da se dodatno utvr\u0111uje etni\u010dka podjela prilikom glasanja i kandidiranja, \u0161to je upravo suprotno onome za \u0161to se HDZ zala\u017ee. Plenkovi\u0107 sebe do\u017eivljava kao ljubimca briselskih kuloara, no njegov uspjeh po pitanju ure\u0111enja susjedne BiH i vi\u0161e je nego upitan. Kako to? Mo\u017eda bi to moglo imati neke veze s \u010dinjenicom da je njegova stranka proteklih nekoliko desetlje\u0107a provela u poku\u0161ajima destabilizacije susjedne dr\u017eave. Europsko institucionalno pam\u0107enje i razumijevanje lokalne situacije ipak nije toliko slabo da bi zaboravili na tu \u010dinjenicu.<\/p>\n<p>Hrvatski je sabor mogao svojevremeno donijeti rezoluciju u kojoj se tvrdi da RH nije nikada izvr\u0161ila agresiju na susjedu BiH, mogao je tako\u0111er posredno i ustvrditi da su osu\u0111eni ratni zlo\u010dinci iz redova HDZ-a BiH i HVO-a &#8220;nevini&#8221;, ali to \u2013 gle \u010duda \u2013 nije promijenilo svjetsku historiografiju niti je poni\u0161tilo znanje o doga\u0111ajima 1990-ih izvan granica Hrvatske. Stoga nikoga ne bi trebalo \u010duditi ni to da je najva\u017eniji rezultat Plenkovi\u0107eve intenzivne lobisti\u010dke kampanje izrazito negativan <a href=\"https:\/\/www.dw.com\/bs\/opasnost-za-balkan\/a-45981812\" target=\"_blank\" rel=\"noopener\">dojam<\/a> o njemu kao &#8220;destabilizatoru Balkana&#8221; iznesen u nekoliko stranih medija. \u0160to bi uostalom itko mogao zaklju\u010diti iz svega nego da Plenkovi\u0107 radi u korist svoje stranke pozivaju\u0107i se na za\u0161titu isklju\u010divo svoje etni\u010dke skupine? A situaciji vjerojatno nije pomoglo ni to \u0161to je HDZ BiH u isto vrijeme sklopio koaliciju s Miloradom Dodikom, koji otvoreno poziva na promjenu granica i kultivira bliske odnose s Moskvom.<\/p>\n<p>Pritom nema nikakve sumnje da je izborni i svaki drugi sustav u BiH u ozbiljnim problemima. \u017deljko Kom\u0161i\u0107, koji je izabran za \u010dlana predsjedni\u0161tva BiH umjesto kandidata HDZ-a, nije nikakav demokrat, ali je \u010dovjek koji o\u010dito u\u017eiva odre\u0111enu potporu &#8220;me\u0111unarodne zajednice&#8221;. Ta je zajednica prvo u Daytonu zacementirala bh. etni\u010dke podjele, a onda narednih 20 godina provela u poku\u0161aju da ih razmrda. Ni jedno ni drugo nije donijelo nikakve pozitivne rezultate, tako da je ve\u0107 neko vrijeme dominantan stav onaj rezignacije. No ono \u0161to je sigurno \u2013 takav stav ne\u0107e mo\u0107i promijeniti oni lokalni hu\u0161ka\u010di koji \u0107e na uha svjetskih sila do\u0161aptavati &#8220;rje\u0161enja&#8221; koja bi dodatno zakomplicirala situaciju, ali bi njima i njihovim strankama oja\u010dala poziciju na terenu.<\/p>\n","protected":false},"excerpt":{"rendered":"<p>&#8220;[J]ednakost [triju etni\u010dkih skupina u BiH] je bila postavljena kao uvjet za me\u0111unarodno priznanje. Ali ta jednakost je sada kompromitirana na \u0161tetu Hrvata, nakon \u0161to u Predsjedni\u0161tvo BiH nije izabran kandidat koji je osvojio preko 80 posto hrvatskih glasova, nego \u017deljko Kom\u0161i\u0107, koji je&#8230;<\/p>\n","protected":false},"author":10,"featured_media":25418,"comment_status":"closed","ping_status":"closed","sticky":false,"template":"","format":"standard","meta":{"footnotes":""},"categories":[],"tags":[243],"theme":[456],"country":[35,38],"articleformat":[205],"coauthors":[26],"class_list":["post-25417","post","type-post","status-publish","format-standard","has-post-thumbnail","hentry","tag-eu","theme-politika","country-bih","country-hrvatska","articleformat-vijest"],"_links":{"self":[{"href":"https:\/\/www.bilten.org\/index.php?rest_route=\/wp\/v2\/posts\/25417","targetHints":{"allow":["GET"]}}],"collection":[{"href":"https:\/\/www.bilten.org\/index.php?rest_route=\/wp\/v2\/posts"}],"about":[{"href":"https:\/\/www.bilten.org\/index.php?rest_route=\/wp\/v2\/types\/post"}],"author":[{"embeddable":true,"href":"https:\/\/www.bilten.org\/index.php?rest_route=\/wp\/v2\/users\/10"}],"replies":[{"embeddable":true,"href":"https:\/\/www.bilten.org\/index.php?rest_route=%2Fwp%2Fv2%2Fcomments&post=25417"}],"version-history":[{"count":3,"href":"https:\/\/www.bilten.org\/index.php?rest_route=\/wp\/v2\/posts\/25417\/revisions"}],"predecessor-version":[{"id":25422,"href":"https:\/\/www.bilten.org\/index.php?rest_route=\/wp\/v2\/posts\/25417\/revisions\/25422"}],"wp:featuredmedia":[{"embeddable":true,"href":"https:\/\/www.bilten.org\/index.php?rest_route=\/wp\/v2\/media\/25418"}],"wp:attachment":[{"href":"https:\/\/www.bilten.org\/index.php?rest_route=%2Fwp%2Fv2%2Fmedia&parent=25417"}],"wp:term":[{"taxonomy":"category","embeddable":true,"href":"https:\/\/www.bilten.org\/index.php?rest_route=%2Fwp%2Fv2%2Fcategories&post=25417"},{"taxonomy":"post_tag","embeddable":true,"href":"https:\/\/www.bilten.org\/index.php?rest_route=%2Fwp%2Fv2%2Ftags&post=25417"},{"taxonomy":"theme","embeddable":true,"href":"https:\/\/www.bilten.org\/index.php?rest_route=%2Fwp%2Fv2%2Ftheme&post=25417"},{"taxonomy":"country","embeddable":true,"href":"https:\/\/www.bilten.org\/index.php?rest_route=%2Fwp%2Fv2%2Fcountry&post=25417"},{"taxonomy":"articleformat","embeddable":true,"href":"https:\/\/www.bilten.org\/index.php?rest_route=%2Fwp%2Fv2%2Farticleformat&post=25417"},{"taxonomy":"author","embeddable":true,"href":"https:\/\/www.bilten.org\/index.php?rest_route=%2Fwp%2Fv2%2Fcoauthors&post=25417"}],"curies":[{"name":"wp","href":"https:\/\/api.w.org\/{rel}","templated":true}]}}