{"id":25391,"date":"2018-10-22T10:45:50","date_gmt":"2018-10-22T09:45:50","guid":{"rendered":"http:\/\/www.bilten.org\/?p=25391"},"modified":"2018-10-22T10:47:15","modified_gmt":"2018-10-22T09:47:15","slug":"strana-investicija-ili-dogovoreni-brak","status":"publish","type":"post","link":"https:\/\/www.bilten.org\/?p=25391","title":{"rendered":"Strana investicija ili dogovoreni brak?"},"content":{"rendered":"<p>Srpski predsjednik Aleksandar Vu\u010di\u0107 ju\u010der je <a href=\"http:\/\/rs.n1info.com\/a429592\/Biznis\/Vucic-obisao-radove-na-izgradnji-fabrike-tekstila-u-Kraljevu.html?fbclid=IwAR1BDgD1-IqH20FLcyG_IQSb9gU_FQV-a1Dsu1LGk0s1BSpypotDkBLl7es\" target=\"_blank\" rel=\"noopener\">posjetio<\/a> gradili\u0161te tekstilne tvornice Eurotay u Adranima kod Kraljeva. Pritom je odr\u017eao i govor kojim se obratio prisutnima, kao i cjelokupnoj javnosti. Iz govora smo saznali kako \u0107e u svakodnevnoj politi\u010dkoj praksi i retorici izgledati primjena novog Zakona o inspekcijskom nadzoru koji bi trebao na snagu stupiti do kraja ove godine. O nacrtu novog Zakona smo <a href=\"http:\/\/www.bilten.org\/?p=25102\" target=\"_blank\" rel=\"noopener\">pisali<\/a> krajem pro\u0161log mjeseca: radi se zapravo o obustavi primjene zakona jer \u0107e poslodavcima biti ostavljeno na savjest da sami procijene provode li zakone ili ne.<\/p>\n<p>Na tom tragu, Vu\u010di\u0107 je &#8220;upozorio&#8221; investitore iz Turske da budu &#8220;fini i ljubazni prema \u017eenama&#8221; koje \u0107e mahom tamo raditi. Navodno \u0107e se u tvornici otvoriti 2.500 radnih mjesta. Predsjednik Srbije se zatim i zahvalio investitorima na tome \u0161to ne\u0107e zaposliti samo mlade \u017eene ve\u0107 i one starije od 40 i 50 godine. Dodao je da se radi o vrijednim \u017eenama koje \u0107e pokazati lojalnost kompaniji. Na koncu je i &#8220;zaprijetio&#8221; turskim investitorima: &#8220;Vi Turci \u0161to ste dovedeni, da vodite ra\u010duna o na\u0161im \u017eenama, da budete fini i ljubazni prema njima! Jeste li me \u010duli, Turci? Da vodite ra\u010duna! To su divne, dobre \u017eene, porodi\u010dne, koje \u017eele da vredno rade kako bi napravile budu\u0107nost za sebe i svoje porodice.&#8221;<\/p>\n<p>Dakle, o po\u0161tovanju radnih prava i uvjeta rada vi\u0161e ne\u0107e odlu\u010divati inspekcijski nadzor &#8211; ako ga Turci sami ne pozovu &#8211; ve\u0107 obzir investitora prema prijetnji ili molbi, te\u0161ko je razlu\u010diti, srpskog predsjednika. A o\u010dito je da \u0107e i sindikalno organiziranje u tvornici biti u najmanju ruku sabotirano. A kako se radi uglavnom o radnicama, Vu\u010di\u0107 im je \u0161ovinisti\u010dki preventivno oduzeo bilo kakvu svijest, uklju\u010duju\u0107i radni\u010dku i politi\u010dku. Samo budite fini i ljubazni i one \u0107e sve otrpjeti. Naime, lojalne su: to su &#8220;nau\u010dile&#8221; u porodici, a i izostanak drugih radnih mjesta im ne ostavlja previ\u0161e prostora za postavljanje pitanja.<\/p>\n<p>Sva silna halabuka o modernizacijskom impulsu stranih investicija svela se zapravo na predmodernu transakciju: Vu\u010di\u0107 je u maniri strogog, ali po\u0161tenog srpskog doma\u0107ina isporu\u010dio vi\u0161e od 2.000 \u017eena turskom \u017eeniku i zatra\u017eio od njega da se prema njima ophodi &#8220;fino i ljubazno&#8221;. Dakle, strane investicije nisu ni\u0161ta drugo nego dogovoreni brak s likvidiranim obiteljskim zakonom. Valja jo\u0161 samo saznati koliki je miraz Vu\u010di\u0107 spremio Turcima u obliku subvencija.<\/p>\n","protected":false},"excerpt":{"rendered":"<p>Srpski predsjednik Aleksandar Vu\u010di\u0107 ju\u010der je posjetio gradili\u0161te tekstilne tvornice Eurotay u Adranima kod Kraljeva. Pritom je odr\u017eao i govor kojim se obratio prisutnima, kao i cjelokupnoj javnosti. Iz govora smo saznali kako \u0107e u svakodnevnoj politi\u010dkoj praksi i retorici izgledati primjena novog Zakona o inspekcijskom nadzoru koji bi trebao na snagu stupiti do kraja [&hellip;]<\/p>\n","protected":false},"author":5,"featured_media":25393,"comment_status":"closed","ping_status":"closed","sticky":false,"template":"","format":"standard","meta":{"footnotes":""},"categories":[],"tags":[228],"theme":[455],"country":[11],"articleformat":[205],"coauthors":[291],"class_list":["post-25391","post","type-post","status-publish","format-standard","has-post-thumbnail","hentry","tag-ekonomija","theme-rad","country-srbija","articleformat-vijest"],"_links":{"self":[{"href":"https:\/\/www.bilten.org\/index.php?rest_route=\/wp\/v2\/posts\/25391","targetHints":{"allow":["GET"]}}],"collection":[{"href":"https:\/\/www.bilten.org\/index.php?rest_route=\/wp\/v2\/posts"}],"about":[{"href":"https:\/\/www.bilten.org\/index.php?rest_route=\/wp\/v2\/types\/post"}],"author":[{"embeddable":true,"href":"https:\/\/www.bilten.org\/index.php?rest_route=\/wp\/v2\/users\/5"}],"replies":[{"embeddable":true,"href":"https:\/\/www.bilten.org\/index.php?rest_route=%2Fwp%2Fv2%2Fcomments&post=25391"}],"version-history":[{"count":1,"href":"https:\/\/www.bilten.org\/index.php?rest_route=\/wp\/v2\/posts\/25391\/revisions"}],"predecessor-version":[{"id":25392,"href":"https:\/\/www.bilten.org\/index.php?rest_route=\/wp\/v2\/posts\/25391\/revisions\/25392"}],"wp:featuredmedia":[{"embeddable":true,"href":"https:\/\/www.bilten.org\/index.php?rest_route=\/wp\/v2\/media\/25393"}],"wp:attachment":[{"href":"https:\/\/www.bilten.org\/index.php?rest_route=%2Fwp%2Fv2%2Fmedia&parent=25391"}],"wp:term":[{"taxonomy":"category","embeddable":true,"href":"https:\/\/www.bilten.org\/index.php?rest_route=%2Fwp%2Fv2%2Fcategories&post=25391"},{"taxonomy":"post_tag","embeddable":true,"href":"https:\/\/www.bilten.org\/index.php?rest_route=%2Fwp%2Fv2%2Ftags&post=25391"},{"taxonomy":"theme","embeddable":true,"href":"https:\/\/www.bilten.org\/index.php?rest_route=%2Fwp%2Fv2%2Ftheme&post=25391"},{"taxonomy":"country","embeddable":true,"href":"https:\/\/www.bilten.org\/index.php?rest_route=%2Fwp%2Fv2%2Fcountry&post=25391"},{"taxonomy":"articleformat","embeddable":true,"href":"https:\/\/www.bilten.org\/index.php?rest_route=%2Fwp%2Fv2%2Farticleformat&post=25391"},{"taxonomy":"author","embeddable":true,"href":"https:\/\/www.bilten.org\/index.php?rest_route=%2Fwp%2Fv2%2Fcoauthors&post=25391"}],"curies":[{"name":"wp","href":"https:\/\/api.w.org\/{rel}","templated":true}]}}