{"id":25242,"date":"2018-10-10T13:07:00","date_gmt":"2018-10-10T12:07:00","guid":{"rendered":"http:\/\/www.bilten.org\/?p=25242"},"modified":"2018-10-10T18:31:54","modified_gmt":"2018-10-10T17:31:54","slug":"pozar-u-rafineriji-lakoca-politickog-cinizma","status":"publish","type":"post","link":"https:\/\/www.bilten.org\/?p=25242","title":{"rendered":"Po\u017ear u rafineriji: Lako\u0107a politi\u010dkog cinizma"},"content":{"rendered":"<p>Nakon eksplozije koja se dogodila u utorak (9. oktobra) nave\u010der oko 21.30 u pogonima rafinerije nafte u Bosanskom Brodu u kojoj je poginuo jedan radnik, a ozlije\u0111eno jo\u0161 9, danas se na povr\u0161ini rijeke Save pojavila ogromna naftna mrlja duga oko 5 km i \u0161iroka 15 metara. Ekslpozija se dogodila u pogonima nakon \u010dega je izbio po\u017ear lokaliziran brzom reakcijom vatrogasaca pa je \u0161teta minimalizirana. Prema dana\u0161njim informacijama, zrak nije dodatno zaga\u0111en, stoga \u0161kole i vrti\u0107i rade normalno. Sve ovo, informacije su iz Slavonskog Broda, objavljene po zavr\u0161etku sastanka kriznog sto\u017eera civilne za\u0161tite. Poplave iz 2015. godine u\u010dinile su,\u00a0\u010dini se,\u00a0 civilnu za\u0161titu u Hrvatskoj u\u010dinkovitom, po\u010dela je ponovno zadovoljavaju\u0107e funkcionirati. Na\u017ealost, sa bosanske strane ne mo\u017ee se utvrditi isto.<\/p>\n<p>&#8220;Slu\u017ebe su na terenu&#8221;, &#8220;sanacija je u toku&#8221;, &#8220;uzrok one\u010di\u0161\u0107enja \u0107e se utvrditi&#8221; jer se &#8220;u ovom trenutku ne zna je li ovo one\u010di\u0161\u0107enje Save povezano sa sino\u0107njom eksplozijom&#8221; \u2013 izjave su to \u017eupana Brodsko posavske \u017eupanije Danijela Maru\u0161i\u0107a. Ne\u0161to manje poduzetan i vi\u0161e hrabar gradona\u010delnik je Slavonskog Broda koji je kazao kako se sumnja da mrlja jeste povezana s eksplozijom u rafineriji u Bosanskom Brodu. Cinizam politi\u010dara koji nikako ne doprinosi osje\u0107aju sigurnosti gra\u0111ana s obje strane rijeke Save danas je najbolje vidljiv u le\u017eernom, bezbri\u017enom, gotovo frajerskom <a href=\"https:\/\/www.klix.ba\/vijesti\/bih\/nacelnik-bosanskog-broda-hitna-pomoc-bez-zaustavljanja-prelazila-granicu-steta-ce-biti-nadoknadjena\/181010036\" target=\"_blank\" rel=\"noopener\">nastupu na\u010delnika op\u0107ine Bosanski Brod Ilije Jovi\u010di\u0107a<\/a> iz \u010dijeg bi se nastupa moglo i\u0161\u010ditati da se zapravo ma, uop\u0107e ni\u0161ta, nije ni dogodilo. Prema njemu, odgovorni su dakako mediji, koji su prenapuhali cijeli slu\u010daj. Radnici se osje\u0107aju dobro, kazao je Jovi\u010di\u0107 na dana\u0161njoj presici. Uzrok po\u017eara je nepoznat.<\/p>\n<p><strong>Odgovorne firme, odgovorni politi\u010dari<\/strong><\/p>\n<p>&#8220;Povrije\u0111eni radnici su u dobrom stanju, \u0161alili smo se, napravili smo zajedni\u010dke fotografije i objavio sam ih na Facebooku. Najbitnije je da nisu te\u017ee povrije\u0111eni&#8221;, dodao je Jovi\u010di\u0107. Na\u010delnik je bio sino\u0107 i s vatrogascima, pretpostavimo, nadgledaju\u0107i ga\u0161enje po\u017eara: &#8220;Bio sam na kapiji sino\u0107 s vatrogascima koji su zajedno s rafinerijskim vatrogasnim timom brzo ugasili vatru. Sve \u0161to se dogodilo je vi\u0161estruko uve\u0107ano&#8221;, no ipak &#8220;tragedija \u0161to je jedan radnik poginuo&#8221;.<\/p>\n<p>&#8220;Rafinerija je odgovorna firma&#8221;, smatra Jovi\u010di\u0107, s \u010dim se nitko drugi, a pogotovo gra\u0111ani iz oba grada s obala rijeke Save ne <a href=\"http:\/\/www.bilten.org\/?p=20848\" target=\"_blank\" rel=\"noopener\">bi slo\u017eili<\/a>. Tako odgovorna, Rafinerija \u0107e procijeniti \u0161tetu i nadoknaditi mje\u0161tanima Bosanskog Broda. U priop\u0107enju kompanije Njeftegazinkora navedeno je da \u0107e slu\u017ebena komisija istra\u017eiti razlog i odrediti razmjere posljedica te da \u0107e rezultati biti naknadno objavljeni.<\/p>\n<p>Kako pi\u0161e Klix, &#8220;na kraju je istaknuo kako informacije o mrlji u Savi nisu to\u010dne, da bi na dodatno pitanje novinara i konstatacije naglasio da nije siguran da li se radi o izmi\u0161ljotinama.&#8221;<\/p>\n<p>S druge strane, one gra\u0111ana, stra\u0161na detonacija podsjetila je gra\u0111ane s obje strane Save na jo\u0161 uvijek nezacijeljene ratne traume. Ne \u010dude stoga potresna <a href=\"https:\/\/www.klix.ba\/vijesti\/bih\/mjestani-bosanskog-broda-sve-se-treslo-a-ljudi-su-bjezali-ne-znajuci-gdje-i-od-cega\/181010044\" target=\"_blank\" rel=\"noopener\">svjedo\u010danstva s terena<\/a>. Za razliku od na\u010delnika Jovi\u010di\u0107a, mje\u0161tani Bosanskog Broda u izjavama za Klix.ba su kazali da su prvenstveno mislili da se radi o potresu, no mnogo je ljudi po navici automatski po\u010delo bje\u017eati, odlu\u010div\u0161i se prvo sakriti, pa onda \u010dekati racionalna obja\u0161njenja. Ovaj nam strah gra\u0111ana ne govori nu\u017eno ni\u0161ta o samoj rafineriji koliko o op\u0107em dru\u0161tvenom stanju u tom kraju. \u010cak ni dvadeset i ne\u0161to godina od kraja rata, nesigurnost u \u017eivote koja je onomad bila dijelom svakodnevice, danas je svje\u017ei podsjetnik traume. Dok je onomad bila povezana s neposrednom fizi\u010dkom ugrozom, danas se radi o posrednoj, a ipak primarno socio-ekonomskoj i politi\u010dkoj nesigurnosti. Da \u017eive u nekoj drugoj zemlji, gra\u0111ani Bosanskog Broda mogli bi mo\u017eda obe\u0161tetiti svoje du\u0161evne boli naplatom putem kolektivne tu\u017ebe protiv lokalnih vlasti i vlasnika Rafinerije, ruskog Zarube\u017enjefta.<\/p>\n","protected":false},"excerpt":{"rendered":"<p>Nakon eksplozije koja se dogodila u utorak (9. oktobra) nave\u010der oko 21.30 u pogonima rafinerije nafte u Bosanskom Brodu u kojoj je poginuo jedan radnik, a ozlije\u0111eno jo\u0161 9, danas se na povr\u0161ini rijeke Save pojavila ogromna naftna mrlja duga oko 5 km i \u0161iroka 15 metara. Ekslpozija se dogodila u pogonima nakon \u010dega je [&hellip;]<\/p>\n","protected":false},"author":4,"featured_media":25243,"comment_status":"closed","ping_status":"closed","sticky":false,"template":"","format":"standard","meta":{"footnotes":""},"categories":[],"tags":[334,128],"theme":[457],"country":[35],"articleformat":[205],"coauthors":[289],"class_list":["post-25242","post","type-post","status-publish","format-standard","has-post-thumbnail","hentry","tag-ekologija","tag-energetika","theme-klima","country-bih","articleformat-vijest"],"_links":{"self":[{"href":"https:\/\/www.bilten.org\/index.php?rest_route=\/wp\/v2\/posts\/25242","targetHints":{"allow":["GET"]}}],"collection":[{"href":"https:\/\/www.bilten.org\/index.php?rest_route=\/wp\/v2\/posts"}],"about":[{"href":"https:\/\/www.bilten.org\/index.php?rest_route=\/wp\/v2\/types\/post"}],"author":[{"embeddable":true,"href":"https:\/\/www.bilten.org\/index.php?rest_route=\/wp\/v2\/users\/4"}],"replies":[{"embeddable":true,"href":"https:\/\/www.bilten.org\/index.php?rest_route=%2Fwp%2Fv2%2Fcomments&post=25242"}],"version-history":[{"count":3,"href":"https:\/\/www.bilten.org\/index.php?rest_route=\/wp\/v2\/posts\/25242\/revisions"}],"predecessor-version":[{"id":25251,"href":"https:\/\/www.bilten.org\/index.php?rest_route=\/wp\/v2\/posts\/25242\/revisions\/25251"}],"wp:featuredmedia":[{"embeddable":true,"href":"https:\/\/www.bilten.org\/index.php?rest_route=\/wp\/v2\/media\/25243"}],"wp:attachment":[{"href":"https:\/\/www.bilten.org\/index.php?rest_route=%2Fwp%2Fv2%2Fmedia&parent=25242"}],"wp:term":[{"taxonomy":"category","embeddable":true,"href":"https:\/\/www.bilten.org\/index.php?rest_route=%2Fwp%2Fv2%2Fcategories&post=25242"},{"taxonomy":"post_tag","embeddable":true,"href":"https:\/\/www.bilten.org\/index.php?rest_route=%2Fwp%2Fv2%2Ftags&post=25242"},{"taxonomy":"theme","embeddable":true,"href":"https:\/\/www.bilten.org\/index.php?rest_route=%2Fwp%2Fv2%2Ftheme&post=25242"},{"taxonomy":"country","embeddable":true,"href":"https:\/\/www.bilten.org\/index.php?rest_route=%2Fwp%2Fv2%2Fcountry&post=25242"},{"taxonomy":"articleformat","embeddable":true,"href":"https:\/\/www.bilten.org\/index.php?rest_route=%2Fwp%2Fv2%2Farticleformat&post=25242"},{"taxonomy":"author","embeddable":true,"href":"https:\/\/www.bilten.org\/index.php?rest_route=%2Fwp%2Fv2%2Fcoauthors&post=25242"}],"curies":[{"name":"wp","href":"https:\/\/api.w.org\/{rel}","templated":true}]}}