{"id":25182,"date":"2018-10-03T09:38:33","date_gmt":"2018-10-03T08:38:33","guid":{"rendered":"http:\/\/www.bilten.org\/?p=25182"},"modified":"2018-10-03T11:38:59","modified_gmt":"2018-10-03T10:38:59","slug":"kazna-za-odbijanje-rasizma","status":"publish","type":"post","link":"https:\/\/www.bilten.org\/?p=25182","title":{"rendered":"Kazna za odbijanje rasizma"},"content":{"rendered":"<p>Talijansku javnost ju\u010der je iznenadila informacija da je uhi\u0107en Domenico Lucano, na\u010delnik sela Riace u Kalabriji. Iako je politi\u010dar iz provincije koji ne utje\u010de zna\u010dajnije na doga\u0111aje u Rimu, Lucano je ipak posljednjih godina postao nacionalna zvijezda, prije svega zbog posebnog modela integracije koji njegovo selo provodi nezavisno od dr\u017eavnih politika. Riace se nalazi u regiji \u010dije stanovni\u0161tvo jo\u0161 pamti svoje gr\u010dke korijene. Tamo je \u010dinjenica da svi na neki na\u010din potje\u010demo od izbjeglica jo\u0161 vidljivija nego drugdje. Uz to, selo se posljednjih nekoliko godina nalazi na mediteranskoj izbjegli\u010dkoj ruti.<\/p>\n<p>Iako je rije\u010d o selu od tek nekih dvije tisu\u0107e stanovnika, tamo je smje\u0161teno \u010detiristotinjak izbjeglica. Kako obja\u0161njava na\u010delnik, selo je izlo\u017eeno depopulaciji jer je rije\u010d o jednom od siroma\u0161nijih dijelova ionako siroma\u0161nog juga zemlje iz kojeg lokalno stanovni\u0161tvo \u010desto bje\u017ei prema sjeveru u potrazi za boljim \u017eivotom. Riace je jedno od mjesta s najve\u0107im udjelom migrantskog stanovni\u0161tva, ali tamo nema tenzija ni ozbiljnijih problema, prije svega zato \u0161to je do\u0161ljacima omogu\u0107eno da sudjeluju u lokalnom \u017eivotu, a op\u0107ina im poma\u017ee u potrazi za poslom i stanom.<\/p>\n<p><strong>Rat protiv onih koji rje\u0161avaju probleme<\/strong><\/p>\n<p>Zbog tih je programa Lucano 2010. progla\u0161en drugim najboljim na\u010delnikom na svijetu, a \u010dasopis Fortune ga je 2016. proglasio jednim od najutjecajnijih svjetskih lidera. No njegovim uspjesima u integraciji nisu svi bili odu\u0161evljeni. Osobito se to odnosi na talijansku ekstremnu desnicu koja cijeli svoj politi\u010dki program temelji na \u0161irenju mr\u017enje i pri\u010da o tobo\u017enjoj nespojivosti rasa i kultura. Riace je uvijek slu\u017eilo kao neugodan dokaz kako su rasisti\u010dke predrasude od kojih \u017eivi ekstremna desnica uvijek utemeljene na neznanju i namjernim la\u017eima. Lucano je dakle bio netko kojeg su rasisti morali ukloniti zbog vlastitih interesa.<\/p>\n<p>Otkad je lider ultradesni\u010darske Lige Matteo Salvini preuzeo ministarstvo policije ovog ljeta, otvoreno radi na tome da smjesti Lucanu i ukloni ga. Poku\u0161aji da ga se optu\u017ei za pronevjeru javnih sredstava zasad su propali. Stoga je ovoga puta Lucano optu\u017een za &#8220;pomaganje ilegalne migracije&#8221;. Drugim rije\u010dima, Lucano je u pritvoru zato \u0161to je rje\u0161avao problem na kojem je Salvini kao parazit gradio cijelu svoju karijeru. Za dr\u017eavu \u010diju unutarnju politiku vodi \u010dovjek koji se identificira s Mussolinijem, smirivanje tenzija povezanih s migracijom predstavlja kazneno djelo. I ne radi se ovdje samo o tome da se Lucana \u017eeli politi\u010dki eliminirati.<\/p>\n<p>U osobito degutantnom osvetni\u010dkom potezu, uhi\u0107ena je i Lucanova partnerica Tesfahun Lemlem, koja je i sama migrantskog porijekla. O\u010diti plan iza ovog uhi\u0107enja je da se iskoristi nova zakonska odredba o izgonu iz zemlje. Lucano i Lemlem bi stoga trebali biti ka\u017enjeni uni\u0161tenjem ne samo politi\u010dkog, nego i privatnog \u017eivota. Ne treba posebno ni nagla\u0161avati da se ovom kampanjom Salvini ve\u0107 pohvalio na Twitteru, najavljuju\u0107i usput o\u0161trije kazne za sve koji se bave konstruktivnim poslom po pitanju migracija, te ukidanje sredstava za integraciju. Naposljetku, o propasti integracije i ovisi cijeli Salvinijiv politi\u010dki projekt.<\/p>\n","protected":false},"excerpt":{"rendered":"<p>Talijansku javnost ju\u010der je iznenadila informacija da je uhi\u0107en Domenico Lucano, na\u010delnik sela Riace u Kalabriji. Iako je politi\u010dar iz provincije koji ne utje\u010de zna\u010dajnije na doga\u0111aje u Rimu, Lucano je ipak posljednjih godina postao nacionalna zvijezda, prije svega zbog posebnog modela&#8230;<\/p>\n","protected":false},"author":10,"featured_media":25183,"comment_status":"closed","ping_status":"closed","sticky":false,"template":"","format":"standard","meta":{"footnotes":""},"categories":[],"tags":[288,46],"theme":[458],"country":[],"articleformat":[205],"coauthors":[26],"class_list":["post-25182","post","type-post","status-publish","format-standard","has-post-thumbnail","hentry","tag-italija","tag-migracije","theme-drustvo","articleformat-vijest"],"_links":{"self":[{"href":"https:\/\/www.bilten.org\/index.php?rest_route=\/wp\/v2\/posts\/25182","targetHints":{"allow":["GET"]}}],"collection":[{"href":"https:\/\/www.bilten.org\/index.php?rest_route=\/wp\/v2\/posts"}],"about":[{"href":"https:\/\/www.bilten.org\/index.php?rest_route=\/wp\/v2\/types\/post"}],"author":[{"embeddable":true,"href":"https:\/\/www.bilten.org\/index.php?rest_route=\/wp\/v2\/users\/10"}],"replies":[{"embeddable":true,"href":"https:\/\/www.bilten.org\/index.php?rest_route=%2Fwp%2Fv2%2Fcomments&post=25182"}],"version-history":[{"count":4,"href":"https:\/\/www.bilten.org\/index.php?rest_route=\/wp\/v2\/posts\/25182\/revisions"}],"predecessor-version":[{"id":25187,"href":"https:\/\/www.bilten.org\/index.php?rest_route=\/wp\/v2\/posts\/25182\/revisions\/25187"}],"wp:featuredmedia":[{"embeddable":true,"href":"https:\/\/www.bilten.org\/index.php?rest_route=\/wp\/v2\/media\/25183"}],"wp:attachment":[{"href":"https:\/\/www.bilten.org\/index.php?rest_route=%2Fwp%2Fv2%2Fmedia&parent=25182"}],"wp:term":[{"taxonomy":"category","embeddable":true,"href":"https:\/\/www.bilten.org\/index.php?rest_route=%2Fwp%2Fv2%2Fcategories&post=25182"},{"taxonomy":"post_tag","embeddable":true,"href":"https:\/\/www.bilten.org\/index.php?rest_route=%2Fwp%2Fv2%2Ftags&post=25182"},{"taxonomy":"theme","embeddable":true,"href":"https:\/\/www.bilten.org\/index.php?rest_route=%2Fwp%2Fv2%2Ftheme&post=25182"},{"taxonomy":"country","embeddable":true,"href":"https:\/\/www.bilten.org\/index.php?rest_route=%2Fwp%2Fv2%2Fcountry&post=25182"},{"taxonomy":"articleformat","embeddable":true,"href":"https:\/\/www.bilten.org\/index.php?rest_route=%2Fwp%2Fv2%2Farticleformat&post=25182"},{"taxonomy":"author","embeddable":true,"href":"https:\/\/www.bilten.org\/index.php?rest_route=%2Fwp%2Fv2%2Fcoauthors&post=25182"}],"curies":[{"name":"wp","href":"https:\/\/api.w.org\/{rel}","templated":true}]}}