{"id":24879,"date":"2018-09-12T07:50:43","date_gmt":"2018-09-12T06:50:43","guid":{"rendered":"http:\/\/www.bilten.org\/?p=24879"},"modified":"2018-09-12T07:48:17","modified_gmt":"2018-09-12T06:48:17","slug":"predsjednica-u-zemlji-cudesa","status":"publish","type":"post","link":"https:\/\/www.bilten.org\/?p=24879","title":{"rendered":"Predsjednica u zemlji \u010dudesa"},"content":{"rendered":"<p>Ako su pojedini raniji gafovi hrvatske predsjednice Kolinde Grabar-Kitarovi\u0107 \u2013 poput kr\u0161enja protokola na NATO-samitu kako bi se pribli\u017eila Donaldu Trumpu \u2013 potaknuli mnoge u Hrvatskoj da se zabrinu za predsjedni\u010dinu reputaciju (a onda i reputaciju cijele zemlje), ju\u010dera\u0161nji <a href=\"http:\/\/www.novilist.hr\/Vijesti\/Hrvatska\/Kolinda-Grabar-Kitarovic-Nisi-smjela-reci-da-si-Hrvatica-nego-si-morala-reci-da-si-iz-Hrvatske?meta_refresh=true\" target=\"_blank\" rel=\"noopener\">intervju<\/a> austrijskom Kleine Zeitungu potaknuo je mnoge u zemlji da se zabrinu za njezino mentalno zdravlje. Mo\u017eda je najvi\u0161e pa\u017enje privukla njezina dirljiva ispovijed austrijskim novinarima o patnji koju je pro\u017eivjela pod komunizmom, kada je morala &#8220;vlastima priop\u0107avati koliko \u0107u kruha trebati idu\u0107eg tjedna&#8221;. Predsjednica na\u017ealost nije pojasnila kojoj je to instituciji 22 milijuna dr\u017eavljana SFRJ tjedno prijavljivalo osobnu potro\u0161nju kruha, niti je Bilten uspio prona\u0107i sugovornika me\u0111u dr\u017eavljanima te biv\u0161e dr\u017eave koji bi potvrdio sli\u010dnu proceduru, iako je vi\u0161e njih osjetilo potrebu da naglase da u toj dr\u017eavi barem nisu bili &#8220;kruha gladni&#8221;.<\/p>\n<p>Sli\u010dno je traumati\u010dno iskustvo predsjednica imala i s jugoslavenskim socijalisti\u010dkim jogurtima, odnosno jogurtom, jer se u socijalizmu \u2013 tvrdi predsjednica \u2013 nije moglo birati izme\u0111u &#8220;raznih vrsta&#8221; tog mlije\u010dnog proizvoda. Vrijedni doma\u0107i novinari potrudili su se <a href=\"https:\/\/faktograf.hr\/2018\/09\/12\/grabar-kitarovic-o-jogurtu-kruhu-zabrani-izjasnjavanja-hrvat-ic-om-i-migrantima\/\" target=\"_blank\" rel=\"noopener\">provjeriti<\/a> i ustvrdili kako je u vrijeme predsjedni\u010dinog djetinjstva na doma\u0107em tr\u017ei\u0161tu postojalo &#8220;bar 85 razli\u010ditih vrsta teku\u0107ih, \u010dvrstih i vo\u0107nih jogurta i kiselih mlijeka, ov\u010djih i kravljih, ali i acidofilnih mlijeka i kefira&#8221;. Ovom podatku dodajmo i to da je bogatstvo jogurta bilo proizvod doma\u0107e industrije mlijeka, koja je u me\u0111uvremenu u velikoj mjeri uni\u0161tena ili prodana kako bi slu\u017eila za doma\u0107e brendiranje uvoznih proizvoda. Tijekom 1970-ih i 1980-ih broj muznih krava u Hrvatskoj <a href=\"https:\/\/www.google.com\/url?sa=t&amp;rct=j&amp;q=&amp;esrc=s&amp;source=web&amp;cd=4&amp;cad=rja&amp;uact=8&amp;ved=2ahUKEwidi9iI37TdAhWxtYsKHbs9D9sQFjADegQIBxAC&amp;url=https%3A%2F%2Fhrcak.srce.hr%2Ffile%2F142887&amp;usg=AOvVaw30nrcUgdWhbQ2_PDdvhoFI\" target=\"_blank\" rel=\"noopener\">kretao<\/a> se &#8220;izme\u0111u 610 i 650 tisu\u0107a&#8221;. Danas je taj broj <a href=\"http:\/\/www.poslovni.hr\/hrvatska\/u-nestajanju-krava-bolji-smo-od-eu-338694\" target=\"_blank\" rel=\"noopener\">jedva<\/a> 160 tisu\u0107a. U predsjedni\u010dinu obranu mo\u017eemo navesti samo to da ona vjerojatno ipak ima istan\u010daniji gurmanski ukus od nas ostalih, pa su i prehrambeni zahtjevi ve\u0107i, \u0161to su u vi\u0161e navrata potvrdili <a href=\"https:\/\/net.hr\/danas\/hrvatska\/objavljen-dokument-s-troskovima-evo-koliko-ce-kolinda-ove-godine-potrositi-na-hotele-a-koliko-na-ribu-perad-i-kave\/\" target=\"_blank\" rel=\"noopener\">astronomski<\/a> iznosi koje Ured predsjednice tro\u0161i na egzoti\u010dnu hranu.<\/p>\n<p><strong>La\u017e kao sustav<\/strong><\/p>\n<p>No da patnja u socijalizmu nije prolazila samo kroz \u017eeludac, ve\u0107 i kroz srce, predsjednica je potvrdila tu\u017enom pri\u010dom o tome kako su ljudi koji su se deklarirali kao Hrvati zavr\u0161avali u zatvoru. Na tu su tvrdnju brojni gra\u0111ani reagirali objavljuju\u0107i na dru\u0161tvenim mre\u017eama fotografije svojih i tu\u0111ih dokumenata iz SFRJ u kojima je kao nacionalnost navedeno &#8220;Hrvat&#8221;, uklju\u010duju\u0107i i dokumente predsjednika te dr\u017eave Josipa Broza Tita. Zapravo, SFRJ je imala neobi\u010dnu opsesiju s popisivanjem nacionalnosti svojih gra\u0111ana. To je bila reakcija na stvarna ograni\u010denja koja su postojala po pitanju etni\u010dkog izja\u0161njavanja u periodu prije socijalizma, kao i poku\u0161aj da se uva\u017eavanjem etni\u010dke raznolikosti u institucijama smire me\u0111unacionalne tenzije. U svakom slu\u010daju, etnicitet se uvijek navodio, pa je tako na podru\u010dju SFRJ 1971. godine \u017eivjelo vi\u0161e deklariranih Hrvata nego \u0161to ih danas \u017eivi na podru\u010djima svih dr\u017eava nastalih njezinim raspadom. O tom pitanju pametnome dosta.<\/p>\n<p>Ako je na taj na\u010din uspjela austrijskoj javnosti mistificirati i egzotizirati povijest vlastite zemlje, treba li ikoga \u010duditi da je po pitanju dana\u0161njih izbjeglica izgovorila niz tvrdnji koje demantira \u010dak i <a href=\"https:\/\/faktograf.hr\/2018\/09\/12\/grabar-kitarovic-o-jogurtu-kruhu-zabrani-izjasnjavanja-hrvat-ic-om-i-migrantima\/\" target=\"_blank\" rel=\"noopener\">najpristupa\u010dnija<\/a> statistika. Ili smo mo\u017eda naivni u vjerovanju da uloga dr\u017eavnika nije da la\u017eima di\u017eu rasisti\u010dku histeriju, ve\u0107 rje\u0161avaju probleme najbolje kako umiju? I ovdje se ne radi o tome da je predsjednica ikoga osramotila. Po sramotnom pona\u0161anju konkurencija me\u0111u njezinim kolegama je ionako prevelika za to. Radi se to tome da je la\u017e normalizirana kao sustav. Predsjednica ne mo\u017ee smisliti koju bi ulogu Hrvatska imala unutar Europske unije osim da brani bijelu, kr\u0161\u0107ansku Europu od imaginarne arapske invazije. Ona ne mo\u017ee smisliti ni jednu prednost koju je ovoj zemlji donijela tranzicija osim fantaziranog bogatstva jogurta i novoizborene slobodne konzumacije kruha. Ona naposljetku ne mo\u017ee smisliti ni koja bi to\u010dno bila uloga predsjednice u zemlji ograni\u010denog suvereniteta, koja \u010dak i za sanaciju vlastitog brodogradili\u0161ta treba \u010dekati dozvolu iz Bruxellesa.<\/p>\n<p>Predsjedni\u010dina najva\u017enija ustavna uloga je da &#8220;sukreira vanjsku politiku&#8221;. Ali hrvatske vlasti jedva da sukreiraju i doma\u0107u, a kamoli vanjsku politiku, u kojoj su du\u017eni slijediti &#8220;zajedni\u010dku europsku politiku&#8221;, koju samostalno kreiraju velike zemlje. Stoga ne \u010dudi da se Ured predsjednice u osnovi sveo na najskuplju turisti\u010dku agenciju u zemlji. Druga ustavna uloga predsjednice je da predstavlja Republiku Hrvatsku. I tu se zaista treba priznati da se ta uloga uspje\u0161no obavlja. Njezini gafovi, nebuloze i njezina besramnost kao predstavnice politi\u010dke elite doista dobro prezentiraju gdje smo i \u0161to je od nas i ove zemlje ostalo. A ujedno i za\u0161to ovako vi\u0161e ne ide.<\/p>\n","protected":false},"excerpt":{"rendered":"<p>Ako su pojedini raniji gafovi hrvatske predsjednice Kolinde Grabar-Kitarovi\u0107 \u2013 poput kr\u0161enja protokola na NATO-samitu kako bi se pribli\u017eila Donaldu Trumpu \u2013 potaknuli mnoge u Hrvatskoj da se zabrinu za predsjedni\u010dinu reputaciju (a onda i reputaciju cijele zemlje)&#8230;<\/p>\n","protected":false},"author":10,"featured_media":24880,"comment_status":"closed","ping_status":"closed","sticky":false,"template":"","format":"standard","meta":{"footnotes":""},"categories":[],"tags":[103],"theme":[456],"country":[38],"articleformat":[205],"coauthors":[26],"class_list":["post-24879","post","type-post","status-publish","format-standard","has-post-thumbnail","hentry","tag-ideologija","theme-politika","country-hrvatska","articleformat-vijest"],"_links":{"self":[{"href":"https:\/\/www.bilten.org\/index.php?rest_route=\/wp\/v2\/posts\/24879","targetHints":{"allow":["GET"]}}],"collection":[{"href":"https:\/\/www.bilten.org\/index.php?rest_route=\/wp\/v2\/posts"}],"about":[{"href":"https:\/\/www.bilten.org\/index.php?rest_route=\/wp\/v2\/types\/post"}],"author":[{"embeddable":true,"href":"https:\/\/www.bilten.org\/index.php?rest_route=\/wp\/v2\/users\/10"}],"replies":[{"embeddable":true,"href":"https:\/\/www.bilten.org\/index.php?rest_route=%2Fwp%2Fv2%2Fcomments&post=24879"}],"version-history":[{"count":1,"href":"https:\/\/www.bilten.org\/index.php?rest_route=\/wp\/v2\/posts\/24879\/revisions"}],"predecessor-version":[{"id":24881,"href":"https:\/\/www.bilten.org\/index.php?rest_route=\/wp\/v2\/posts\/24879\/revisions\/24881"}],"wp:featuredmedia":[{"embeddable":true,"href":"https:\/\/www.bilten.org\/index.php?rest_route=\/wp\/v2\/media\/24880"}],"wp:attachment":[{"href":"https:\/\/www.bilten.org\/index.php?rest_route=%2Fwp%2Fv2%2Fmedia&parent=24879"}],"wp:term":[{"taxonomy":"category","embeddable":true,"href":"https:\/\/www.bilten.org\/index.php?rest_route=%2Fwp%2Fv2%2Fcategories&post=24879"},{"taxonomy":"post_tag","embeddable":true,"href":"https:\/\/www.bilten.org\/index.php?rest_route=%2Fwp%2Fv2%2Ftags&post=24879"},{"taxonomy":"theme","embeddable":true,"href":"https:\/\/www.bilten.org\/index.php?rest_route=%2Fwp%2Fv2%2Ftheme&post=24879"},{"taxonomy":"country","embeddable":true,"href":"https:\/\/www.bilten.org\/index.php?rest_route=%2Fwp%2Fv2%2Fcountry&post=24879"},{"taxonomy":"articleformat","embeddable":true,"href":"https:\/\/www.bilten.org\/index.php?rest_route=%2Fwp%2Fv2%2Farticleformat&post=24879"},{"taxonomy":"author","embeddable":true,"href":"https:\/\/www.bilten.org\/index.php?rest_route=%2Fwp%2Fv2%2Fcoauthors&post=24879"}],"curies":[{"name":"wp","href":"https:\/\/api.w.org\/{rel}","templated":true}]}}