{"id":24750,"date":"2018-09-04T08:30:56","date_gmt":"2018-09-04T07:30:56","guid":{"rendered":"http:\/\/www.bilten.org\/?p=24750"},"modified":"2018-09-03T20:33:32","modified_gmt":"2018-09-03T19:33:32","slug":"moze-li-jedna-odluka-dovesti-do-pojeftinjenja-solarne-energije","status":"publish","type":"post","link":"https:\/\/www.bilten.org\/?p=24750","title":{"rendered":"Mo\u017ee li jedna odluka dovesti do pojeftinjenja solarne energije?"},"content":{"rendered":"<p>Europska komisija pustila je da isteknu anti-dampin\u0161ke tarife na kineske solarne panele. EU je nametnula anti-dampin\u0161ke mjere Kini u decembru 2013. godine na period od pet godina, gotovo izazvav\u0161i trgova\u010dki rat s tom zemljom. U martu 2017. godine mjere su produ\u017eene na jo\u0161 18 mjeseci, umjesto uobi\u010dajenih pet godina, te je tada odlu\u010deno da se mjere nakon isteka ovog perioda ne\u0107e vi\u0161e produljivati. Stupanj za\u0161tite postepeno se pritom smanjivao kako bi se izravnavanje cijena dogodilo postupno, bez izazivanja \u0161oka.<\/p>\n<p>U obrazlo\u017eenju Europske komisije stoji kako \u0107e ova odluka doprinijeti ostvarenju europskih ciljeva (27 posto energije iz OI do 2030) u podru\u010dju obnovljivih izvora energije: &#8220;Promotriv\u0161i potrebe oba proizvo\u0111a\u010da te uvoznika i korisnika solarnih panela Komisija je odlu\u010dila kako je u najboljem interesu cjelokupne Europske unije da postoje\u0107e mjere isteknu do kraja&#8221;, <a href=\"http:\/\/trade.ec.europa.eu\/doclib\/press\/index.cfm?id=1904\" target=\"_blank\" rel=\"noopener\">stoji na stranicama<\/a> Europske komisije.<\/p>\n<p><strong>Neopravdani protekcionizam<\/strong><\/p>\n<p>Ve\u0107 je odluka iz marta pro\u0161le godine predstavljala tek kompromis s najve\u0107im europskim proizvo\u0111a\u010dima solarnih panela, a ne <a href=\"http:\/\/www.bilten.org\/?p=15518\" target=\"_blank\" rel=\"noopener\">opravdanu ekonomsku politiku<\/a>. Anti-dampin\u0161ke mjere naime nisu donijele niti \u017eeljeno pojeftinjenje europskih solarnih panela niti pove\u0107ale broj novostvorenih radnih mjesta, \u0161tovi\u0161e, u\u010dinile su solarnu energiju u Europi nedostupnijom i skupljom u odnosu na ostatak svijeta, dok se s druge strane pokazalo i da bi ukidanje tarifa na solarne panele stvorilo <a href=\"http:\/\/www.bilten.org\/?p=23850\" target=\"_blank\" rel=\"noopener\">40.000 novih radnih mjesta<\/a> u Europi.<\/p>\n<p>Stoga ne \u010dudi obja\u0161njenje Europske komisije u kojem stoji kako &#8220;Komisija je ovime tako\u0111er htjela osigurati da europski potro\u0161a\u010di solarne panele kupuju po cijenama koje su blizu onih na svjetskim tr\u017ei\u0161tima&#8221;. Budu\u0107i da se situacija na tr\u017ei\u0161tu u proteklih 18 mjeseci nije promijenila na na\u010din da opravda daljnje zabrane, u Komisiji su zaklju\u010dili kako se mjere nakon isteka roka 03. septembra 2018. obustavljaju. Komisija je time odbacila zahtjev europskih proizvo\u0111a\u010da okupljenih u udru\u017eenje ProSun, a predvo\u0111eni proizvo\u0111a\u010dem njema\u010dkim Solarworldom, za provedbu postupka revizije.<\/p>\n<p>S druge strane za ukidanje ovih za\u0161titnih tarifa zalagali su se u asocijaciji SolarPower koja se sastoji od 250 kompanija za proizvodnju i instalaciju panela, a koja zapo\u0161ljava ukupno 1.2 milijuna ljudi diljem Europe. U SolarPoweru smatraju kako \u0107e ukidanje anti-dampin\u0161ih tarifa dovesti do zna\u010dajnog porasta broja poslova u ovom sektoru. Tako\u0111er smatraju kako \u0107e njihovim ukidanjem solarna energija postati najjeftiniji oblik energije u mnogim zemljama Europe.<\/p>\n","protected":false},"excerpt":{"rendered":"<p>Europska komisija pustila je da isteknu anti-dampin\u0161ke tarife na kineske solarne panele. EU je nametnula anti-dampin\u0161ke mjere Kini u decembru 2013. godine na period od pet godina, gotovo izazvav\u0161i trgova\u010dki rat s tom zemljom. U martu 2017. godine mjere su produ\u017eene na jo\u0161 18 mjeseci, umjesto uobi\u010dajenih pet godina, te je tada odlu\u010deno da se [&hellip;]<\/p>\n","protected":false},"author":4,"featured_media":24751,"comment_status":"closed","ping_status":"closed","sticky":false,"template":"","format":"standard","meta":{"footnotes":""},"categories":[],"tags":[128,243,217],"theme":[457,456],"country":[],"articleformat":[205],"coauthors":[289],"class_list":["post-24750","post","type-post","status-publish","format-standard","has-post-thumbnail","hentry","tag-energetika","tag-eu","tag-kina","theme-klima","theme-politika","articleformat-vijest"],"_links":{"self":[{"href":"https:\/\/www.bilten.org\/index.php?rest_route=\/wp\/v2\/posts\/24750","targetHints":{"allow":["GET"]}}],"collection":[{"href":"https:\/\/www.bilten.org\/index.php?rest_route=\/wp\/v2\/posts"}],"about":[{"href":"https:\/\/www.bilten.org\/index.php?rest_route=\/wp\/v2\/types\/post"}],"author":[{"embeddable":true,"href":"https:\/\/www.bilten.org\/index.php?rest_route=\/wp\/v2\/users\/4"}],"replies":[{"embeddable":true,"href":"https:\/\/www.bilten.org\/index.php?rest_route=%2Fwp%2Fv2%2Fcomments&post=24750"}],"version-history":[{"count":4,"href":"https:\/\/www.bilten.org\/index.php?rest_route=\/wp\/v2\/posts\/24750\/revisions"}],"predecessor-version":[{"id":24755,"href":"https:\/\/www.bilten.org\/index.php?rest_route=\/wp\/v2\/posts\/24750\/revisions\/24755"}],"wp:featuredmedia":[{"embeddable":true,"href":"https:\/\/www.bilten.org\/index.php?rest_route=\/wp\/v2\/media\/24751"}],"wp:attachment":[{"href":"https:\/\/www.bilten.org\/index.php?rest_route=%2Fwp%2Fv2%2Fmedia&parent=24750"}],"wp:term":[{"taxonomy":"category","embeddable":true,"href":"https:\/\/www.bilten.org\/index.php?rest_route=%2Fwp%2Fv2%2Fcategories&post=24750"},{"taxonomy":"post_tag","embeddable":true,"href":"https:\/\/www.bilten.org\/index.php?rest_route=%2Fwp%2Fv2%2Ftags&post=24750"},{"taxonomy":"theme","embeddable":true,"href":"https:\/\/www.bilten.org\/index.php?rest_route=%2Fwp%2Fv2%2Ftheme&post=24750"},{"taxonomy":"country","embeddable":true,"href":"https:\/\/www.bilten.org\/index.php?rest_route=%2Fwp%2Fv2%2Fcountry&post=24750"},{"taxonomy":"articleformat","embeddable":true,"href":"https:\/\/www.bilten.org\/index.php?rest_route=%2Fwp%2Fv2%2Farticleformat&post=24750"},{"taxonomy":"author","embeddable":true,"href":"https:\/\/www.bilten.org\/index.php?rest_route=%2Fwp%2Fv2%2Fcoauthors&post=24750"}],"curies":[{"name":"wp","href":"https:\/\/api.w.org\/{rel}","templated":true}]}}