{"id":24655,"date":"2018-08-28T09:09:40","date_gmt":"2018-08-28T08:09:40","guid":{"rendered":"http:\/\/www.bilten.org\/?p=24655"},"modified":"2018-08-28T17:11:06","modified_gmt":"2018-08-28T16:11:06","slug":"pogrom-u-chemitzu","status":"publish","type":"post","link":"https:\/\/www.bilten.org\/?p=24655","title":{"rendered":"Pogrom u Chemnitzu"},"content":{"rendered":"<p>Ve\u0107 dva dana stotine nacista otvoreno mar\u0161ira gradom Chemnitzom na istoku Njema\u010dke, salutira s uzdignutom desnicom, nose\u0107i neskriveno rasisti\u010dke poruke i napada ljude za koje procijene da im ko\u017ea nije dovoljno svijetla. Usred Njema\u010dke, godine 2018. Iako nije rije\u010d o izoliranom incidentu, ve\u0107 vi\u0161ednevnom dobro organiziranom pogromu, policija je dosad bila nesposobna ili nevoljna da stvar sprije\u010di. Zadovoljila se time da sugerira svima koji bi nacistima mogli smetati da \u2013 ostanu kod ku\u0107e. Sve je po\u010delo u nedjelju nakon \u0161to je \u2013 prema dosad poznatim podacima \u2013 poslije masovne uli\u010dne tu\u010dnjave na festivalu u Chemnitzu preminula jedna 35-godi\u0161nja osoba, a jo\u0161 dvije su ozlije\u0111ene. Za ubojstvo su osumnji\u010deni Sirijac i Ira\u010danin.<\/p>\n<p>Iako je nepoznato za\u0161to je u nedjelju do\u0161lo do te tu\u010dnjave, te unato\u010d tome da su po svemu sude\u0107i svi sudionici bili migrantskog porijekla, uklju\u010duju\u0107i i ubijenog i ozlije\u0111ene, objava \u0161turih informacija o incidentu bila je signal za po\u010detak divljanja dobro organiziranih grupa uli\u010dnih rasista, koje su na ulice iza\u0161le sa svim svojim prepoznatljivim parafernalijama. Sve je pratila sada ve\u0107 karakteristi\u010dna kampanja la\u017ei preko opskurnih portala i &#8220;dru\u0161tvenih mre\u017ea&#8221;. Tobo\u017enji &#8220;prosvjed protiv stranih kriminalaca&#8221; je organiziran u sredi\u0161tu grada \u2013 paradoksalno ispod goleme biste Karla Marxa \u2013 ali se brzo pretvorio u unaprijed isplaniranu kampanju nasilja. Na nju je, izme\u0111u ostalih, pozvao i zastupnik u federalnom parlamentu iz redova ultradesne Alternative za Njema\u010dku (AfD), Markus Frohnmaier, koji je pozvao &#8220;narod&#8221; da stvar uzme u svoje ruke, jer ih dr\u017eava vi\u0161e ne \u0161titi.<\/p>\n<p>I dr\u017eava doista nije bila sposobna za\u0161tititi narod, ali ne od izmi\u0161ljenih napada izbjeglica, nego od stvarnog nasilja Frohnmaierovih batina\u0161a. Doga\u0111aji u Chemnitzu nipo\u0161to nisu prvi nacisti\u010dki pogrom posljednjih desetlje\u0107a, a sli\u010dni su incidenti osobito \u010desti na istoku zemlje, u kojem ima vrlo malo ljudi migrantskog porijekla, ali je zato nezaposlenost puno ve\u0107a i socijalno stanje znatno lo\u0161ije nego na zapadu. No ovo je prvi puta da je nacisti\u010dko nasilje dobilo otvorenu potporu \u010dlanova parlamenta i dobrog dijela medija. Koliko se atmosfera posljednjih godina &#8220;udesnila&#8221; mo\u017eda najbolje ilustrira \u010dinjenica da su antifa\u0161isti\u010dki kontraprosvjed, na kojem se okupilo preko tisu\u0107u ljudi, brojni mediji i institucije nazvali &#8220;skupom ekstremne ljevice protiv ekstremne desnice&#8221;. I oni koji mlate &#8220;tamnije&#8221; ljude na ulici i oni koji se protive rasisti\u010dkom nasilju sada su navodno jednako &#8220;ekstremni&#8221;.<\/p>\n","protected":false},"excerpt":{"rendered":"<p>Ve\u0107 dva dana stotine nacista otvoreno mar\u0161iraju gradom Chemnitzom na istoku Njema\u010dke, salutiraju s uzdignutom desnicom, nose\u0107i neskriveno rasisti\u010dke poruke i napadaju ljude za koje procijene da im ko\u017ea nije dovoljno svjetla. Usred Njema\u010dke, godine 2018&#8230;<\/p>\n","protected":false},"author":10,"featured_media":24656,"comment_status":"closed","ping_status":"closed","sticky":false,"template":"","format":"standard","meta":{"footnotes":""},"categories":[],"tags":[275,393],"theme":[456],"country":[],"articleformat":[205],"coauthors":[26],"class_list":["post-24655","post","type-post","status-publish","format-standard","has-post-thumbnail","hentry","tag-ekstremna-desnica","tag-njemacka","theme-politika","articleformat-vijest"],"_links":{"self":[{"href":"https:\/\/www.bilten.org\/index.php?rest_route=\/wp\/v2\/posts\/24655","targetHints":{"allow":["GET"]}}],"collection":[{"href":"https:\/\/www.bilten.org\/index.php?rest_route=\/wp\/v2\/posts"}],"about":[{"href":"https:\/\/www.bilten.org\/index.php?rest_route=\/wp\/v2\/types\/post"}],"author":[{"embeddable":true,"href":"https:\/\/www.bilten.org\/index.php?rest_route=\/wp\/v2\/users\/10"}],"replies":[{"embeddable":true,"href":"https:\/\/www.bilten.org\/index.php?rest_route=%2Fwp%2Fv2%2Fcomments&post=24655"}],"version-history":[{"count":5,"href":"https:\/\/www.bilten.org\/index.php?rest_route=\/wp\/v2\/posts\/24655\/revisions"}],"predecessor-version":[{"id":24666,"href":"https:\/\/www.bilten.org\/index.php?rest_route=\/wp\/v2\/posts\/24655\/revisions\/24666"}],"wp:featuredmedia":[{"embeddable":true,"href":"https:\/\/www.bilten.org\/index.php?rest_route=\/wp\/v2\/media\/24656"}],"wp:attachment":[{"href":"https:\/\/www.bilten.org\/index.php?rest_route=%2Fwp%2Fv2%2Fmedia&parent=24655"}],"wp:term":[{"taxonomy":"category","embeddable":true,"href":"https:\/\/www.bilten.org\/index.php?rest_route=%2Fwp%2Fv2%2Fcategories&post=24655"},{"taxonomy":"post_tag","embeddable":true,"href":"https:\/\/www.bilten.org\/index.php?rest_route=%2Fwp%2Fv2%2Ftags&post=24655"},{"taxonomy":"theme","embeddable":true,"href":"https:\/\/www.bilten.org\/index.php?rest_route=%2Fwp%2Fv2%2Ftheme&post=24655"},{"taxonomy":"country","embeddable":true,"href":"https:\/\/www.bilten.org\/index.php?rest_route=%2Fwp%2Fv2%2Fcountry&post=24655"},{"taxonomy":"articleformat","embeddable":true,"href":"https:\/\/www.bilten.org\/index.php?rest_route=%2Fwp%2Fv2%2Farticleformat&post=24655"},{"taxonomy":"author","embeddable":true,"href":"https:\/\/www.bilten.org\/index.php?rest_route=%2Fwp%2Fv2%2Fcoauthors&post=24655"}],"curies":[{"name":"wp","href":"https:\/\/api.w.org\/{rel}","templated":true}]}}