{"id":24561,"date":"2018-08-13T07:00:37","date_gmt":"2018-08-13T06:00:37","guid":{"rendered":"http:\/\/www.bilten.org\/?p=24561"},"modified":"2021-02-25T10:51:29","modified_gmt":"2021-02-25T09:51:29","slug":"civilna-zastita-i-klimatske-promjene","status":"publish","type":"post","link":"https:\/\/www.bilten.org\/?p=24561","title":{"rendered":"Civilna za\u0161tita i klimatske promjene"},"content":{"rendered":"<p>Klimatske promjene na Balkanu pokazuju se u obliku poplava i po\u017eara koje su lokalne vlasti do\u010dekale nespremne. Osim na vojsku, obrana od prirodnih katastrofa pala je na teret gra\u0111ana, dobrovoljnih dru\u0161tava i ostataka organizacije zajednice u civilnu za\u0161titu. Radi se o sustavu organiziranja sudionika, operativnih snaga i gra\u0111ana za ostvarivanje za\u0161tite i spa\u0161avanja ljudi, \u017eivotinja, materijalnih i kulturnih dobara te okoli\u0161a u velikim nesre\u0107ama i katastrofama.<\/p>\n<p>S ubrzavanjem promjena u globalnoj atmosferi ovi \u0107e mehanizmi dobiti jo\u0161 va\u017eniju dru\u0161tvenu ulogu. Pravovremene reakcije i promi\u0161ljanje sustava mo\u017ee minimalizirati ekonomske tro\u0161kove sanacije posljedica elementarnih nepogoda. Iako jedna od funkcija vojske, ovaj dio organizacije dru\u0161tva nije njezina primarna uloga. Stoga je va\u017eno imati i edukacijski sustav gra\u0111anske obrane kao i resurse (poput odr\u017eavanja nasipa, po\u017earnih puteva i dr.) potrebne za pravovremene reakcije. Pogo\u0111eni gra\u0111ani, uostalom, uvijek su na licu mjesta i s najve\u0107im interesom za spre\u010davanjem ekonomske \u0161tete.<\/p>\n<p>Zbog ovih smo razloga za pretposljednji ljetni temat odabrali upravo civilnu za\u0161titu. Ovaj sustav organizacije promotrit \u0107emo na primjerima iz Bosne i Hercegovine (Ines Tanovi\u0107 Sijer\u010di\u0107), Hrvatske (Goran Borkovi\u0107) i Srbije (Marko Mileti\u0107).<\/p>\n","protected":false},"excerpt":{"rendered":"<p>Klimatske promjene na Balkanu pokazuju se u obliku poplava i po\u017eara koje su lokalne vlasti do\u010dekale nespremne. Osim na vojsku, obrana od prirodnih katastrofa pala je na teret gra\u0111ana, dobrovoljnih dru\u0161tava i ostataka organizacije zajednice u civilnu za\u0161titu. Radi se o sustavu organiziranja sudionika, operativnih snaga i gra\u0111ana za ostvarivanje za\u0161tite i spa\u0161avanja ljudi, \u017eivotinja, [&hellip;]<\/p>\n","protected":false},"author":4,"featured_media":24563,"comment_status":"closed","ping_status":"closed","sticky":false,"template":"","format":"standard","meta":{"footnotes":""},"categories":[454,1],"tags":[402],"theme":[],"country":[],"articleformat":[450],"coauthors":[289],"class_list":["post-24561","post","type-post","status-publish","format-standard","has-post-thumbnail","hentry","category-naslovnica","category-uncategorized","tag-civilna-zastita","articleformat-tema"],"_links":{"self":[{"href":"https:\/\/www.bilten.org\/index.php?rest_route=\/wp\/v2\/posts\/24561","targetHints":{"allow":["GET"]}}],"collection":[{"href":"https:\/\/www.bilten.org\/index.php?rest_route=\/wp\/v2\/posts"}],"about":[{"href":"https:\/\/www.bilten.org\/index.php?rest_route=\/wp\/v2\/types\/post"}],"author":[{"embeddable":true,"href":"https:\/\/www.bilten.org\/index.php?rest_route=\/wp\/v2\/users\/4"}],"replies":[{"embeddable":true,"href":"https:\/\/www.bilten.org\/index.php?rest_route=%2Fwp%2Fv2%2Fcomments&post=24561"}],"version-history":[{"count":1,"href":"https:\/\/www.bilten.org\/index.php?rest_route=\/wp\/v2\/posts\/24561\/revisions"}],"predecessor-version":[{"id":24562,"href":"https:\/\/www.bilten.org\/index.php?rest_route=\/wp\/v2\/posts\/24561\/revisions\/24562"}],"wp:featuredmedia":[{"embeddable":true,"href":"https:\/\/www.bilten.org\/index.php?rest_route=\/wp\/v2\/media\/24563"}],"wp:attachment":[{"href":"https:\/\/www.bilten.org\/index.php?rest_route=%2Fwp%2Fv2%2Fmedia&parent=24561"}],"wp:term":[{"taxonomy":"category","embeddable":true,"href":"https:\/\/www.bilten.org\/index.php?rest_route=%2Fwp%2Fv2%2Fcategories&post=24561"},{"taxonomy":"post_tag","embeddable":true,"href":"https:\/\/www.bilten.org\/index.php?rest_route=%2Fwp%2Fv2%2Ftags&post=24561"},{"taxonomy":"theme","embeddable":true,"href":"https:\/\/www.bilten.org\/index.php?rest_route=%2Fwp%2Fv2%2Ftheme&post=24561"},{"taxonomy":"country","embeddable":true,"href":"https:\/\/www.bilten.org\/index.php?rest_route=%2Fwp%2Fv2%2Fcountry&post=24561"},{"taxonomy":"articleformat","embeddable":true,"href":"https:\/\/www.bilten.org\/index.php?rest_route=%2Fwp%2Fv2%2Farticleformat&post=24561"},{"taxonomy":"author","embeddable":true,"href":"https:\/\/www.bilten.org\/index.php?rest_route=%2Fwp%2Fv2%2Fcoauthors&post=24561"}],"curies":[{"name":"wp","href":"https:\/\/api.w.org\/{rel}","templated":true}]}}