{"id":24348,"date":"2018-07-10T07:08:36","date_gmt":"2018-07-10T06:08:36","guid":{"rendered":"http:\/\/www.bilten.org\/?p=24348"},"modified":"2021-02-25T10:51:36","modified_gmt":"2021-02-25T09:51:36","slug":"borba-za-naselje","status":"publish","type":"post","link":"https:\/\/www.bilten.org\/?p=24348","title":{"rendered":"Borba za naselje"},"content":{"rendered":"<p><strong>Kada su prije \u0161est godina stanari useljavali u novoizgra\u0111eno naselje na ju\u017enom rubu Beograda, vjerovali su kako \u0107e u njemu, u skladu s najavama, uskoro niknuti i sva potrebna infrastruktura, poput doma zdravlja, vrti\u0107a i \u0161kole. No zemlji\u0161te predvi\u0111eno za to u me\u0111uvremenu je pripalo crkvi, a to nije scenarij s kojim su se stanari spremni pomiriti.<\/strong><\/p>\n<p><span style=\"font-weight: 400;\">Naselje Stepa Stepanovi\u0107 nalazi se u beogradskoj op\u0161tini Vo\u017edovac. Izgra\u0111eno je po\u010detkom ove decenije na mjestu nekada\u0161nje kasarne 4. juli koja je kasnije nazvana prema srpskom oficiru s po\u010detka 20. vijeka. <\/span><a href=\"https:\/\/www.blic.rs\/vesti\/beograd\/umesto-kasarne-4-juli-gradic-za-13000-ljudi\/b49lvv0\"><span style=\"font-weight: 400;\">Izgradnju<\/span><\/a><span style=\"font-weight: 400;\"> \u010detrdeset i \u010detiri zgrade sa pribli\u017eno 1.500 stanova za oko 13.000 stanovnika i prate\u0107im objektima, te njihov plasman na tr\u017ei\u0161te, <\/span><a href=\"http:\/\/www.gds.rs\/naselje-stepa-stepanovic\/\"><span style=\"font-weight: 400;\">financirala<\/span><\/a><span style=\"font-weight: 400;\"> je Gra\u0111evinska direkcija Srbije kao dr\u017eavni akter, za razliku od dotada\u0161njih tranzicijskih gra\u0111evinskih investitora koji su poticali isklju\u010divo iz privatnog sektora. Nakon mnogobrojnih mahinacija i rijetko procesuiranih kriminalnih radnji mnogobrojnih privatnih gra\u0111evinskih preduzetnika koji profitiraju u deindustrijaliziranoj dr\u017eavi na <\/span><a href=\"http:\/\/www.masina.rs\/?p=2701\"><span style=\"font-weight: 400;\">transformaciji<\/span><\/a><span style=\"font-weight: 400;\"> stambenog pitanja iz dru\u0161tvenog u privatno, gra\u0111ani su se nadali da \u0107e kupovinom stana u ovom novom naselju koje gradi dr\u017eava obezbjediti dostojanstveniji i humaniji \u017eivot. Ekonomsku cijenu kvadrata (1.290 eura) je pratio urbanisti\u010dki plan naselja koji je obuhvatao dvije \u0161kole, najmanje dva vrti\u0107a, dom zdravlja, tr\u017eni centar sa pijacom, kulturno-umjetni\u010dke sadr\u017eaje i sl.<\/span><\/p>\n<p><span style=\"font-weight: 400;\">Stanovni\u0161tvo je ubrzo shvatilo da je prevareno kad od prate\u0107ih sadr\u017eaja nije izgra\u0111eno ni\u0161ta. Od 2012. godine u naselju djeluje Udru\u017eenje naselja Stepa Stepanovi\u0107 koje se raznim vidovima pritiska na institucije poku\u0161ava izboriti za ono \u0161to je obe\u0107ano. Protestima su uspjeli prisiliti nadle\u017ene na izgradnju osnovne \u0161kole i vrti\u0107a, obustavu izgradnje benzinske pumpe sa pretakali\u0161tem za te\u010dni naftni gas kao i za obustavu <\/span><span style=\"font-weight: 400;\">izgradnje baznih stanica mobilne telefonije sa zahtjevom da njihovi graditelji moraju imati certifikat o neugro\u017eavanju \u017eivotne okoline<\/span><span style=\"font-weight: 400;\">. Efikasnijoj borbi stanovnika je pomogao internet <\/span><a href=\"http:\/\/stepa.rs\/forum\/\"><span style=\"font-weight: 400;\">forum<\/span><\/a><span style=\"font-weight: 400;\"> naselja, kao i komunikacija, organizacija i koordinacija preko dru\u0161tvenih mre\u017ea i mobilnih aplikacija.<\/span><\/p>\n<p><span style=\"font-weight: 400;\">Dotada\u0161njoj borbi izme\u0111u organiziranih stanara i dr\u017eavnih aktera se po\u010dekom 2014. godine uklju\u010duje i Srpska pravoslavna crkva. Mjesto koje je po urbanisti\u010dkom planu naselja bilo posve\u0107eno domu zdravlja, komercijalnim i kulturno-umjetni\u010dkim sadr\u017eajima je protivzakonito zauzeto i obilje\u017eeno krstom s obja\u0161njenjem da se planira izgraditi crkva brvnara. Akciju zauzimanja javnog zemlji\u0161ta bez ijedne gra\u0111evinske dozvole od strane Srpske pravoslavne crkve je predvodio <\/span><span style=\"font-weight: 400;\">protojerej-stavrofor Stojadin Pavlovi\u0107, direktor patrijar\u0161ijske upravne kancelarije.<\/span><\/p>\n<p><strong>Oteta parcela<\/strong><\/p>\n<p><span style=\"font-weight: 400;\">Stanari naselja su reagirali na nasilni\u010dki \u010din uzurpacije javnog prostora blokadama parcele da bi se sprije\u010dila gradnja. Nadle\u017ene gra\u0111evinske inspekcije su iza\u0161le na teren na zahtjev stanara i zaustavile dalju gradnju zbog nepostojanja potrebnih dozvola. Stanari su se i dalje opirali po\u0161to su bili svjesni da \u0107e republi\u010dki, gradski i op\u0161tinski organi vremenom ozakoniti uzurpaciju. U martu 2014. godine formirana je Radna grupa za naselje Stepa Stepanovi\u0107, koju su sa\u010dinjavali op\u0161tinski, gradski i dr\u017eavni funkcioneri, kao i predstavnici stanara. Radnom grupom je predsjedavao tada\u0161nji \u010dlan Privremenog organa Beograda Goran Vesi\u0107. Donesena je odluka da se u naselju obustave sve aktivnosti u vezi sa izgradnjom crkvenih objekata sve dok se o potrebi izgradnje ovog objekta stanari ne izjasne putem &#8220;referenduma&#8221;.<\/span><\/p>\n<p><span style=\"font-weight: 400;\">Ali, tokom sljede\u0107ih nekoliko godina, dozvole su obezbje\u0111ene, \u010demu je prethodila razmjena zemlji\u0161ta izme\u0111u dr\u017eave i Patrijar\u0161ije, bez znanja stanovnika naselja. Patrijarh Irinej je u aprilu <\/span><a href=\"https:\/\/www.youtube.com\/watch?v=xL2r4_ZIHuQ\"><span style=\"font-weight: 400;\">posjetio<\/span><\/a><span style=\"font-weight: 400;\"> budu\u0107e gradili\u0161te hrama Prepodobne Angeline sa parohijskim domom i zvonikom, objasniv\u0161i potrebu za izgradnjom &#8220;duhovne kasarne&#8221; koja \u0107e imati veliki uticaj na \u017eitelje naselja, mlade ljude, te \u0107e crkva imati perspektivu za svoj &#8220;budu\u0107i rad i misiju&#8221;.<\/span><\/p>\n<p><span style=\"font-weight: 400;\">Prije dvije sedmice radnici privatnog obezbje\u0111enja, unajmljeni od strane Patrijar\u0161ije, uzurpiraju susjednu parcelu koja je jo\u0161 uvijek u dr\u017eavnom vlasni\u0161tvu, zaposjedaju je i ogra\u0111uju. Stanari tijelima blokiraju ulaz u parcelu i time sprje\u010davaju ulaz gra\u0111evinske motorizacije. Desetine prijava su podnesene Republi\u010dkoj gra\u0111evinskoj inspekciji ali niko ne izlazi na teren s obja\u0161njenjem da su zauzeti. Policija ne reagira na ilegalnu uzurpaciju javne povr\u0161ine ve\u0107 legitimi\u0161e protestante i prijeti im krivi\u010dnim prijavama i hap\u0161enjem.<\/span><\/p>\n<p><strong>O\u010duvanje svojine ili javno dobro?<\/strong><\/p>\n<p><span style=\"font-weight: 400;\">Pretpro\u0161le subote odr\u017ean je novi <\/span><a href=\"http:\/\/www.masina.rs\/?p=6960\"><span style=\"font-weight: 400;\">protest<\/span><\/a><span style=\"font-weight: 400;\"> stanara sa \u0161etnjom i blokadom kru\u017enog toka u naselju. Okupilo se oko hiljadu protestanata koji su, uz transparente <\/span><span style=\"font-weight: 400;\">&#8220;Ho\u0107emo dom zdravlja&#8221;, &#8220;Ho\u0107emo dom kulture\u201d, &#8220;Ovo smo platili&#8221;, &#8220;Ho\u0107emo \u0161kolu, platili smo&#8221;, &#8220;Jeste li i vi prevareni?&#8221;, &#8220;Govorim tiho i vodim kom\u0161iluk sa sobom&#8221; i sl.<\/span><span style=\"font-weight: 400;\">, uputili zahtjeve da nadle\u017eni donesu privremenu odluku o zaustavljanju svih aktivnosti u vezi sa izgradnjom spomenute grupe crkvenih objekata; da se javna parcela u vlasni\u0161tvu dr\u017eave vrati u prvobitno stanje i da se uniformisana nepoznata lica, koja uznemiravaju stanare, neodlo\u017eno povuku iz naselja; da se organizuje sastanak izme\u0111u stanara naselja Stepa Stepanovi\u0107 i predstavnika vlasti; te da se ispo\u0161tuju ranije odluke o potrebi izja\u0161njavanja gra\u0111ana povodom promjene projekta naselja.<\/span><\/p>\n<p><span style=\"font-weight: 400;\">Nezadovoljni stanari i dalje organizovano sprje\u010davaju nastavak radova na spornoj parceli. Danono\u0107no de\u017euraju na lokaciji i najavljuju dalju radikalizaciju djelovanja ako se ne sprovede obe\u0107ano izja\u0161njavanje stanovnika oko izgradnje crkvenog objekta umjesto obe\u0107anih sadr\u017eaja. Sljede\u0107i korak koji su najavili je protest s blokadom kru\u017enog toka na Slaviji u centru grada, ali je taj protest na kraju zabranjen. <\/span><span style=\"font-weight: 400;\">Predstavnici Srpske pravoslavne crkve ignori\u0161u njihove zahtjeve. Na zakazanom sastanku u Op\u0161tini Vo\u017edovac prije nekoliko nedjelja od svih pozvanih jedino se predstavnici crkve nisu odazvali.<\/span><\/p>\n<p><span style=\"font-weight: 400;\">I dok je mobilizaciju stanara i otpor u naselju Stepa Stepanovi\u0107 potrebno podr\u017eati, tako\u0111e je bitno osvrnuti se analiti\u010dki i na ideolo\u0161ke postavke ove inicijative koji ocrtavaju i njen krajnji domet. U skladu sa trenutno dru\u0161tveno-ekonomskom hegemonijom, i ova inicijativa u korijenu sadr\u017ei poziv na o\u010duvanje vrijednosti individualne privatne svojine po\u0161to se kao najve\u0107a prijetnja navodi sni\u017eavanje vrijednosti kvadratnog metra (koji se uglavnom vi\u0161edecenijski kreditno otpla\u0107uje) zbog manjka infrastrukture koja je prvobitno obe\u0107ana. Ovaj srednjeklasni refleks ima najve\u0107i strate\u0161ki potencijal upravo zbog ekonomske pozadine ve\u0107ine stanovnika naselja koji <\/span><a href=\"https:\/\/pescanik.net\/sta-znaci-prosecna-zarada-ako-je-vecina-nema\/\"><span style=\"font-weight: 400;\">odudaraju<\/span><\/a><span style=\"font-weight: 400;\"> od prosjeka Srbije, zemlje najizra\u017eenijih socijalnih razlika po podacima Eurostata, gdje 80% radni\u0161tva zara\u0111uje plate ni\u017ee od prosje\u010dne. <\/span><\/p>\n<p><strong>Promjena trase<\/strong><\/p>\n<p><span style=\"font-weight: 400;\">Ako razmotrimo preduslove za dizanje stambenih kredita (dovoljno visoka plata, stalni ugovor o radu na neodre\u0111eno, garancija jemca) bi\u0107e nam jasno za\u0161to ovakve inicijative relativno lako pronalaze put do medija za razliku od ve\u0107ine drugih slu\u010dajeva ugro\u017eenosti onih koji <\/span><a href=\"http:\/\/www.masina.rs\/?p=6996\"><span style=\"font-weight: 400;\">nemaju glasa<\/span><\/a><span style=\"font-weight: 400;\">. Do sada je inicijativa bila uspje\u0161na u izgradnji pozitivnog primjera time \u0161to na protestima nisu istupale javne li\u010dnosti, ve\u0107 isklju\u010divo obi\u010dni stanari, uprkos podr\u0161ci koja pristi\u017ee iz raznih centara mo\u0107i, uglavnom strana\u010dkih koji su trenutno suprotstavljeni Srpskoj naprednoj stranci. Javnost koja je naviknuta na prisvajanje raznih inicijativa od strane javnih aktera zarad samopromocije prima sa skepsom takav <\/span><i><span style=\"font-weight: 400;\">branding<\/span><\/i><span style=\"font-weight: 400;\">. Zato je i najefikasniji protestni slogan &#8220;Nemam le\u0111a, imam kom\u0161iju!&#8221;, koji je odgovor na opasku jednog od policajaca da, ukoliko pobunjeni poku\u0161aju da na sli\u010dan na\u010din uzurpiraju parcelu s namjerom da izgrade dom zdravlja, jednostavno \u0107e ih pojesti mrak po\u0161to nemaju le\u0111a. <\/span><\/p>\n<p><span style=\"font-weight: 400;\">Primjetan je i strate\u0161ki momenat nagla\u0161avanja da inicijativa nije protiv crkve, ve\u0107 da je za po\u0161tivanje <\/span><a href=\"http:\/\/www.masina.rs\/?p=298\"><span style=\"font-weight: 400;\">zakona<\/span><\/a><span style=\"font-weight: 400;\">. Pravoslavna vjera se nagla\u0161ava u strahu da naselje ne bude anatemisano kao bezbo\u017eni\u010dko (\u0161to se ve\u0107 de\u0161ava u nekim tabloidima), kao i da se ne bi produbljivao konflikt sa vjernicima u naselju koji, neorganizovano, podr\u017eavaju izgradnju crkvenih objekata. Pitanje koje se postavlja je kako, u vrijeme <\/span><i><span style=\"font-weight: 400;\">tolerancije<\/span><\/i><span style=\"font-weight: 400;\"> i <\/span><i><span style=\"font-weight: 400;\">kulture dijaloga<\/span><\/i><span style=\"font-weight: 400;\">, suprotstaviti se najreakcionarnijoj dru\u0161tvenoj sili u zemlji i njenoj, prvenstveno ekonomskoj mo\u0107i koja po\u010diva na <\/span><a href=\"https:\/\/www.paragraf.rs\/dnevne-vesti\/070217\/070217-vest12.html\"><span style=\"font-weight: 400;\">ukidanju<\/span><\/a><span style=\"font-weight: 400;\"> modernizacijskih iskoraka socijalizma koji se zasnivao na idejama socijalne dr\u017eave i ravnopravnije raspodjele bogatstva. <\/span><\/p>\n<p><span style=\"font-weight: 400;\">Antiprosvjetiteljski napad na ideje kao \u0161to je sekularizam se ne mo\u017ee odbraniti bez upu\u0107enosti u \u0161iri kontekst, a taj je da je ideja odvojenosti crkve i dr\u017eave dovedena u pitanje i od trenutnog liberalnog predsjednika Republike Francuske, odakle i poti\u010de ta ideja. Kratak je put od kriminalizacije Francuske revolucije, preko Oktobarske, do jugoslavenske i njenih civilizacijskih iskoraka naprijed, a trasa tog puta obuhvata i prisvajanje javnog dobra od strane Srpske pravoslavne crkve u naselju Stepa Stepanovi\u0107 za izgradnju &#8220;duhovne kasarne&#8221;. Za mapu ove trase nam tabloidni dnevnik <\/span><i><span style=\"font-weight: 400;\">Kurir<\/span><\/i><span style=\"font-weight: 400;\"> \u0161tampa specijalni dodatak &#8220;Molitvenik za bolesne i siroma\u0161ne&#8221;, ali mi vrlo dobro znamo da nijedna trasa nije nepromjenjiva. Promjenjiva je uz dovoljno jakog politi\u010dkog subjekta koji mo\u017ee dovesti u pitanje kapitalisti\u010dko razaranje ideje jednakosti i dru\u0161tvenosti, a izgradnja tog subjekta je dug i mukotrpan proces, pogotovo uz svakodnevni bara\u017e neoliberalne hegemonije koja demonizira alternative trenutnom ekonomskom poretku. <\/span><\/p>\n","protected":false},"excerpt":{"rendered":"<p>Naselje Stepa Stepanovi\u0107 se nalazi u beogradskoj op\u0161tini Vo\u017edovac. Izgra\u0111eno je po\u010detkom ove decenije na mjestu nekada\u0161nje kasarne 4. juli koja je kasnije nazvana prema srpskom oficiru s po\u010detka 20. veka. Izgradnju dvadeset i sedam zgrada sa pribli\u017eno 1500 stanova za oko 13.000 stanovnika i prate\u0107im objektima, te njihov plasman na tr\u017ei\u0161te..<\/p>\n","protected":false},"author":10,"featured_media":24350,"comment_status":"closed","ping_status":"closed","sticky":false,"template":"","format":"standard","meta":{"footnotes":""},"categories":[454,1],"tags":[51],"theme":[455],"country":[11],"articleformat":[450],"coauthors":[400],"class_list":["post-24348","post","type-post","status-publish","format-standard","has-post-thumbnail","hentry","category-naslovnica","category-uncategorized","tag-privatizacija","theme-rad","country-srbija","articleformat-tema"],"_links":{"self":[{"href":"https:\/\/www.bilten.org\/index.php?rest_route=\/wp\/v2\/posts\/24348","targetHints":{"allow":["GET"]}}],"collection":[{"href":"https:\/\/www.bilten.org\/index.php?rest_route=\/wp\/v2\/posts"}],"about":[{"href":"https:\/\/www.bilten.org\/index.php?rest_route=\/wp\/v2\/types\/post"}],"author":[{"embeddable":true,"href":"https:\/\/www.bilten.org\/index.php?rest_route=\/wp\/v2\/users\/10"}],"replies":[{"embeddable":true,"href":"https:\/\/www.bilten.org\/index.php?rest_route=%2Fwp%2Fv2%2Fcomments&post=24348"}],"version-history":[{"count":6,"href":"https:\/\/www.bilten.org\/index.php?rest_route=\/wp\/v2\/posts\/24348\/revisions"}],"predecessor-version":[{"id":24363,"href":"https:\/\/www.bilten.org\/index.php?rest_route=\/wp\/v2\/posts\/24348\/revisions\/24363"}],"wp:featuredmedia":[{"embeddable":true,"href":"https:\/\/www.bilten.org\/index.php?rest_route=\/wp\/v2\/media\/24350"}],"wp:attachment":[{"href":"https:\/\/www.bilten.org\/index.php?rest_route=%2Fwp%2Fv2%2Fmedia&parent=24348"}],"wp:term":[{"taxonomy":"category","embeddable":true,"href":"https:\/\/www.bilten.org\/index.php?rest_route=%2Fwp%2Fv2%2Fcategories&post=24348"},{"taxonomy":"post_tag","embeddable":true,"href":"https:\/\/www.bilten.org\/index.php?rest_route=%2Fwp%2Fv2%2Ftags&post=24348"},{"taxonomy":"theme","embeddable":true,"href":"https:\/\/www.bilten.org\/index.php?rest_route=%2Fwp%2Fv2%2Ftheme&post=24348"},{"taxonomy":"country","embeddable":true,"href":"https:\/\/www.bilten.org\/index.php?rest_route=%2Fwp%2Fv2%2Fcountry&post=24348"},{"taxonomy":"articleformat","embeddable":true,"href":"https:\/\/www.bilten.org\/index.php?rest_route=%2Fwp%2Fv2%2Farticleformat&post=24348"},{"taxonomy":"author","embeddable":true,"href":"https:\/\/www.bilten.org\/index.php?rest_route=%2Fwp%2Fv2%2Fcoauthors&post=24348"}],"curies":[{"name":"wp","href":"https:\/\/api.w.org\/{rel}","templated":true}]}}