{"id":24344,"date":"2018-07-09T09:56:33","date_gmt":"2018-07-09T08:56:33","guid":{"rendered":"http:\/\/www.bilten.org\/?p=24344"},"modified":"2018-07-09T09:56:33","modified_gmt":"2018-07-09T08:56:33","slug":"novi-pogromi-u-ukrajini-presuceni-istocni-grijeh-zapadnih-zemalja","status":"publish","type":"post","link":"https:\/\/www.bilten.org\/?p=24344","title":{"rendered":"Novi pogromi u Ukrajini: pre\u0161u\u0107eni &#8220;isto\u010dni grijeh&#8221; zapadnih zemalja"},"content":{"rendered":"<p>Preko dvadeset napada na romska naselja, barem dvoje ubijenih i neutvr\u0111en broj ranjenih: to je bilanca nasilja nacisti\u010dkih grupa u Ukrajini samo u posljednja dva mjeseca. Posljednji incident dogodio se pro\u0161li tjedan. Desni\u010darska banda je <a href=\"https:\/\/www.slobodnaevropa.org\/a\/ubistvo-ukrajina-romi\/29333345.html\" target=\"_blank\" rel=\"noopener\">upala<\/a> u romsko privremeno naselje u zakarpatskoj regiji i po\u010dela sje\u0107i stanovnike no\u017eevima. Sa svojom &#8220;akcijom&#8221; su se, naravno, pohvalili na dru\u0161tvenim mre\u017eama, obja\u0161njavaju\u0107i kako \u0161tite Ukrajinu \u010diste\u0107i je od Roma. Jednoj tridesetogodi\u0161njoj \u017eeni, koja nije uspjela pobje\u0107i, prerezali su vrat. Svega desetak dana ranije, jedan je mu\u0161karac ubijen <a href=\"https:\/\/www.dw.com\/en\/ukraines-roma-community-targeted-by-far-right-violence\/a-44408252\" target=\"_blank\" rel=\"noopener\">na isti na\u010din<\/a>, a u nizu napada no\u017eevima, palicama i drugim hladnim oru\u017ejem ozlije\u0111eni su deseci osoba, uklju\u010duju\u0107i i djecu.<\/p>\n<p>Ti su zlo\u010dini najsli\u010dniji onome \u0161to su proteklih godina radili pripadnici samozvane &#8220;Islamske dr\u017eave&#8221;. Ali dok su njihove brutalnost potaknule gotovo \u010ditav svijet da na neki na\u010din doprinese uni\u0161tenju te grupe, zlo\u010dini ukrajinskih samozvanih nacionalista o\u010dito prolaze bez ikakve reakcije. Dapa\u010de, kako su u nedavnom izvje\u0161taju upozorile organizacije Human Rights Watch i Amnesty International, u Ukrajini vlada atmosfera potpune neka\u017enjivosti za rasisti\u010dke zlo\u010dine. To je, izme\u0111u ostalog, ilustrirala i reakcija policije na posljednja ubojstva. Dok su se po\u010dinitelji otvoreno hvalili time kako provode rasna &#8220;\u010di\u0161\u0107enja&#8221;, policija je podatke o motivima po\u010dinitelja i nacionalnosti \u017ertava nastojala zata\u0161kati, tvrde\u0107i kako nema dokaza o &#8220;zlo\u010dinu iz mr\u017enje&#8221;.<\/p>\n<p><strong>Zajedni\u010dka odgovornost<\/strong><\/p>\n<p>A treba zabilje\u017eiti i to kako se u policijskom izvje\u0161taju ritualno klanje naziva tek &#8220;te\u0161kim povredama vrata&#8221;. Uzrok \u0161utnji nije samo \u010dinjenica da su \u017ertve &#8220;nevidljivi&#8221; Romi, ve\u0107 i \u2013 geopolitika. Naime, to \u0161to nacisti\u010dke grupe mogu neka\u017enjeno izvoditi ove zlo\u010dine dobrim je dijelom posljedica unutarnje dinamike u prevratu koji su prije \u010detiri godine poduprle i pomogle organizirati SAD i Njema\u010dka. Vi\u0161egodi\u0161nji konflikt dvije grupe oligarha te je 2014. zavr\u0161io pobjedom &#8220;prozapadne grupe&#8221;, a va\u017enu ulogu u toj pobjedi igrale su grupe uli\u010dnih nacista \u010diji su lideri i drugi istaknuti pripadnici &#8220;nagra\u0111eni&#8221; pozicijama u policiji, vojsci i drugim dr\u017eavnim institucijama.<\/p>\n<p>Nedavno je mali <a href=\"https:\/\/therealnews.com\/stories\/ukrainian-fascist-leader-speaks-in-us-congress-while-nazis-launch-racist-attacks\" target=\"_blank\" rel=\"noopener\">skandal<\/a> izazvao posjet predsjednika ukrajinskog parlamenta Andrija Parubija Sjedinjenim Dr\u017eavama i susret s ameri\u010dkim kolegom Paulom Ryanom. Naime, dok je taj politi\u010dar slu\u017ebeno predstavljen kao predstavnik nove, demokratske Ukrajine, rije\u010d je zapravo o \u010dovjeku koji je do prije svega par godina bio najizravnije involviran u ukrajinsko nacisti\u010dko podzemlje te vo\u0111a dviju uli\u010dnih bandi odgovornih za fizi\u010dko nasilje protiv manjina. Na tu su \u010dinjenicu upozorili kriti\u010dniji mediji, no ni\u0161ta od toga nije pokolebalo predstavnike ameri\u010dke dr\u017eave u namjeri da ugoste Parubija. Da stvar bude bizarnija, ameri\u010dki poticaj ja\u010danju ekstremno desni\u010darskog nasilja u Ukrajini ne razlikuje se previ\u0161e od ruske potpore ekstremnoj desnici u Zapadnoj Europi.<\/p>\n<p>Odgovornost za obnovu pogroma, ubojstava i drugog nasilja ne snose dakle samo budale u fantomkama koje po \u0161umama zapadne Ukrajine ma\u0161u no\u017eevima i sijeku djecu. Nego i budale u odijelima koji im iz svojih pozicija mo\u0107i namiguju i tap\u0161aju ih po le\u0111ima.<\/p>\n","protected":false},"excerpt":{"rendered":"<p>Preko dvadeset napada na romska naselja, barem dvoje ubijenih i neutvr\u0111en broj ranjenih: to je bilanca nasilja nacisti\u010dkih grupa u Ukrajini samo u posljednja dva mjeseca. Posljednji incident dogodio se pro\u0161li tjedan. Desni\u010darska banda je upala u romsko privremeno naselje u zakarpatskoj regiji i po\u010dela sje\u0107i stanovnike no\u017eevima&#8230;<\/p>\n","protected":false},"author":10,"featured_media":24345,"comment_status":"closed","ping_status":"closed","sticky":false,"template":"","format":"standard","meta":{"footnotes":""},"categories":[],"tags":[275,307],"theme":[456],"country":[],"articleformat":[205],"coauthors":[26],"class_list":["post-24344","post","type-post","status-publish","format-standard","has-post-thumbnail","hentry","tag-ekstremna-desnica","tag-ukrajina","theme-politika","articleformat-vijest"],"_links":{"self":[{"href":"https:\/\/www.bilten.org\/index.php?rest_route=\/wp\/v2\/posts\/24344","targetHints":{"allow":["GET"]}}],"collection":[{"href":"https:\/\/www.bilten.org\/index.php?rest_route=\/wp\/v2\/posts"}],"about":[{"href":"https:\/\/www.bilten.org\/index.php?rest_route=\/wp\/v2\/types\/post"}],"author":[{"embeddable":true,"href":"https:\/\/www.bilten.org\/index.php?rest_route=\/wp\/v2\/users\/10"}],"replies":[{"embeddable":true,"href":"https:\/\/www.bilten.org\/index.php?rest_route=%2Fwp%2Fv2%2Fcomments&post=24344"}],"version-history":[{"count":1,"href":"https:\/\/www.bilten.org\/index.php?rest_route=\/wp\/v2\/posts\/24344\/revisions"}],"predecessor-version":[{"id":24346,"href":"https:\/\/www.bilten.org\/index.php?rest_route=\/wp\/v2\/posts\/24344\/revisions\/24346"}],"wp:featuredmedia":[{"embeddable":true,"href":"https:\/\/www.bilten.org\/index.php?rest_route=\/wp\/v2\/media\/24345"}],"wp:attachment":[{"href":"https:\/\/www.bilten.org\/index.php?rest_route=%2Fwp%2Fv2%2Fmedia&parent=24344"}],"wp:term":[{"taxonomy":"category","embeddable":true,"href":"https:\/\/www.bilten.org\/index.php?rest_route=%2Fwp%2Fv2%2Fcategories&post=24344"},{"taxonomy":"post_tag","embeddable":true,"href":"https:\/\/www.bilten.org\/index.php?rest_route=%2Fwp%2Fv2%2Ftags&post=24344"},{"taxonomy":"theme","embeddable":true,"href":"https:\/\/www.bilten.org\/index.php?rest_route=%2Fwp%2Fv2%2Ftheme&post=24344"},{"taxonomy":"country","embeddable":true,"href":"https:\/\/www.bilten.org\/index.php?rest_route=%2Fwp%2Fv2%2Fcountry&post=24344"},{"taxonomy":"articleformat","embeddable":true,"href":"https:\/\/www.bilten.org\/index.php?rest_route=%2Fwp%2Fv2%2Farticleformat&post=24344"},{"taxonomy":"author","embeddable":true,"href":"https:\/\/www.bilten.org\/index.php?rest_route=%2Fwp%2Fv2%2Fcoauthors&post=24344"}],"curies":[{"name":"wp","href":"https:\/\/api.w.org\/{rel}","templated":true}]}}