{"id":24236,"date":"2018-06-28T13:18:48","date_gmt":"2018-06-28T12:18:48","guid":{"rendered":"http:\/\/www.bilten.org\/?p=24236"},"modified":"2021-02-25T10:51:40","modified_gmt":"2021-02-25T09:51:40","slug":"briselske-kontradikcije-na-sjeverozapadu-i-istoku-europe","status":"publish","type":"post","link":"https:\/\/www.bilten.org\/?p=24236","title":{"rendered":"Briselske kontradikcije na sjeverozapadu i istoku Europe"},"content":{"rendered":"<p>Da je Bugarska ozbiljna oko izgradnje plinovoda koji bi se priklju\u010dio na Turski tok (\u010dime bi se ruski plin preusmjerio iz Ukrajine preko ove zemlje) pokazuju i posljednji koraci vlade. Tako je u srijedu (27. juna) otvoren natje\u010daj za izgradnju tog &#8220;Bugarskog toka&#8221;. Dio je to planova kojim Bugarska poku\u0161ava oteti Gr\u010dkoj jedan odvojak Turskog toka u \u0161to ula\u017ee intenzivne diplomatske napore.<\/p>\n<p>Pou\u010dena zapadnoeuropskim praksama (Sjeverni tok 2) Bugarska je po\u010dela pitanje plinovoda oblikovati kao primarno ekonomsko, odnosno poslovno pitanje. Nije to ni bilo tako te\u0161ko budu\u0107i da je posao transporta ruskog plina preko Bugarske do sredi\u0161nje i isto\u010dne Europe vrijedan 1,4 milijarde eura.<\/p>\n<p>Bugarski planovi izazvali su o\u010dekivane negativne reakcije u Bruxellesu koji je uvjetno, odnosno s figom u d\u017eepu, podr\u017eao plan izgradnje balkanskog plinskog inkubatora u Varni. Uvjet je da ruski plin bude konkurentan drugim izvorima poput onome iz Azerbejd\u017eana ili LNG tankerima koji \u0107e se u Europu distribuirati preko Gr\u010dke. Bruxelles naime strahuje da Bugarska ne\u0107e voditi ra\u010duna o ravnote\u017ei uvoza plina nego \u0107e pu\u0161tati \u0161to vi\u0161e ruskoga (\u010dak i do 100 posto) kako bi zaradila \u0161to vi\u0161e na tranzitnim porezima. U takvom scenariju, smatra Bruxelles, bugarski plinski inkubator ne bi slu\u017eio kao mjesto formiranja cijena i konkurencijskih odnosa raznih prodava\u010da plina, ve\u0107 tek kao skladi\u0161te za ruski plin.<\/p>\n<p>Artikulacija briselskih &#8220;strahova&#8221; jo\u0161 jednom otkriva rasisti\u010dki odnos prema isto\u010dnoj Europi. Usprkos dosada\u0161njim planovima, i kompromisima (poput konkurentnosti s drugim dobavlja\u010dima) na koje je Gazprom pristao kako bi se zapo\u010deo projekt Sjevernog toka 2, Europa dakle smatra da se jedna pravila va\u017ee za Njema\u010dku, a druga za Bugarsku. Stoga europski birokrati &#8220;upozoravaju&#8221; Bugarsku da \u0107e se njihovi projekti promatrati pod pove\u0107alom. No, nejasno je jo\u0161 uop\u0107e s kojim se to autoritetom Bruxelles upu\u0161ta u ovaj prikriveni sukob centra i periferije? Taj su, sada ve\u0107 fingirani autoritet, prije krize mo\u017eda jo\u0161 i imali, no nakon Sjevernog toka 2, nakon cijelog Zimskog paketa, pa ignoriranja \u017eutih kartona koje su ulo\u017eile zemlje isto\u010dne Europe na direktivu o upu\u0107enim radnicima, nakon tretiranja isto\u010dnih \u010dlanica kao predzi\u0111a Europe za imigrante, nakon Europe vi\u0161e koraka te nakon posljednjih informacija o tome koliko je Njema\u010dka milijardi eura zaradila na gr\u010dkoj krizi, zaista, koga vi\u0161e briga \u0161to Bruxelles ima za re\u0107i? Ba\u0161 kao i sa Sjevernim tokom 2 i ovo je &#8220;samo posao&#8221;, a ne politika.<\/p>\n","protected":false},"excerpt":{"rendered":"<p>Da je Bugarska ozbiljna oko izgradnje plinovoda koji bi se priklju\u010dio na Turski tok (\u010dime bi se ruski plin preusmjerio iz Ukrajine preko ove zemlje) pokazuju i posljednji koraci vlade. Tako je u srijedu (27. juna) otvoren natje\u010daj za izgradnju tog &#8220;Bugarskog toka&#8221;. Dio je to planova kojim Bugarska poku\u0161ava oteti Gr\u010dkoj jedan odvojak Turskog [&hellip;]<\/p>\n","protected":false},"author":4,"featured_media":13782,"comment_status":"closed","ping_status":"closed","sticky":false,"template":"","format":"standard","meta":{"footnotes":""},"categories":[454,1],"tags":[694,128,243,698,693,697,532,216,531,696],"theme":[457,456],"country":[48],"articleformat":[205],"coauthors":[289],"class_list":["post-24236","post","type-post","status-publish","format-standard","has-post-thumbnail","hentry","category-naslovnica","category-uncategorized","tag-bugarski-tok","tag-energetika","tag-eu","tag-gazprom","tag-juzni-tok","tag-lng","tag-plin","tag-rusija","tag-sjeverni-tok-2","tag-turski-tok","theme-klima","theme-politika","country-bugarska","articleformat-vijest"],"_links":{"self":[{"href":"https:\/\/www.bilten.org\/index.php?rest_route=\/wp\/v2\/posts\/24236","targetHints":{"allow":["GET"]}}],"collection":[{"href":"https:\/\/www.bilten.org\/index.php?rest_route=\/wp\/v2\/posts"}],"about":[{"href":"https:\/\/www.bilten.org\/index.php?rest_route=\/wp\/v2\/types\/post"}],"author":[{"embeddable":true,"href":"https:\/\/www.bilten.org\/index.php?rest_route=\/wp\/v2\/users\/4"}],"replies":[{"embeddable":true,"href":"https:\/\/www.bilten.org\/index.php?rest_route=%2Fwp%2Fv2%2Fcomments&post=24236"}],"version-history":[{"count":1,"href":"https:\/\/www.bilten.org\/index.php?rest_route=\/wp\/v2\/posts\/24236\/revisions"}],"predecessor-version":[{"id":24237,"href":"https:\/\/www.bilten.org\/index.php?rest_route=\/wp\/v2\/posts\/24236\/revisions\/24237"}],"wp:featuredmedia":[{"embeddable":true,"href":"https:\/\/www.bilten.org\/index.php?rest_route=\/wp\/v2\/media\/13782"}],"wp:attachment":[{"href":"https:\/\/www.bilten.org\/index.php?rest_route=%2Fwp%2Fv2%2Fmedia&parent=24236"}],"wp:term":[{"taxonomy":"category","embeddable":true,"href":"https:\/\/www.bilten.org\/index.php?rest_route=%2Fwp%2Fv2%2Fcategories&post=24236"},{"taxonomy":"post_tag","embeddable":true,"href":"https:\/\/www.bilten.org\/index.php?rest_route=%2Fwp%2Fv2%2Ftags&post=24236"},{"taxonomy":"theme","embeddable":true,"href":"https:\/\/www.bilten.org\/index.php?rest_route=%2Fwp%2Fv2%2Ftheme&post=24236"},{"taxonomy":"country","embeddable":true,"href":"https:\/\/www.bilten.org\/index.php?rest_route=%2Fwp%2Fv2%2Fcountry&post=24236"},{"taxonomy":"articleformat","embeddable":true,"href":"https:\/\/www.bilten.org\/index.php?rest_route=%2Fwp%2Fv2%2Farticleformat&post=24236"},{"taxonomy":"author","embeddable":true,"href":"https:\/\/www.bilten.org\/index.php?rest_route=%2Fwp%2Fv2%2Fcoauthors&post=24236"}],"curies":[{"name":"wp","href":"https:\/\/api.w.org\/{rel}","templated":true}]}}