{"id":24231,"date":"2018-06-28T10:27:53","date_gmt":"2018-06-28T09:27:53","guid":{"rendered":"http:\/\/www.bilten.org\/?p=24231"},"modified":"2018-06-28T10:31:15","modified_gmt":"2018-06-28T09:31:15","slug":"logor-kao-ulaznica-za-demokraciju","status":"publish","type":"post","link":"https:\/\/www.bilten.org\/?p=24231","title":{"rendered":"Logor kao ulaznica za demokraciju"},"content":{"rendered":"<p>Predpristupni pregovori koje su zemlje europskog Istoka u proteklih 15-20 godina vodile s institucijama Europske unije imale su izra\u017eenu notu patronizacije. Briselski su birokrati odlu\u010dno postavljali uvjete koji &#8220;nezrele demokracije&#8221; moraju ispuniti kako bi stekle pravo \u010dlanstva. Pored prevladavaju\u0107ih uvjeta koji se ti\u010du uspostave tzv. ekonomskih sloboda, sna\u017enu ulogu su imali i oni zasnovani na demokratskim standardima i ljudskim pravima. Ne mo\u017ee se u\u0107i u takav vrhunac civilizacijskih tekovina bez usvajanja europskih kulturnih i demokratskih na\u010dela.<\/p>\n<p>Takav pristupni okvir nametao je osiroma\u0161enom stanovni\u0161tvu europskog Istoka sliku o Europskoj uniji kao nepromjenjivom i sna\u017enom bastionu demokracije i slobode. No, povijest se vrlo brzo poigrala s tim ukorijenjenim stereotipom. Prvo je ekonomska kriza, pogotovo u gr\u010dkom slu\u010daju, ogolila poraznu demokratsku infrastrukturu Unije, da bi sna\u017ean priljev izbjeglica koju godinu poslije visoke standarde ljudskih prava pretvorio u najobi\u010dniji folklor. Te su se promjene odrazile i na metodologiju predpristupnih pregovora.<\/p>\n<p><strong>Rje\u0161avanje njema\u010dkih unutarnjih pitanja<\/strong><\/p>\n<p>Zemlje poput Albanije i Makedonije ve\u0107 godinama i\u0161\u010dekuju pri\u017eeljkivani status zemlje kandidatkinje. Prije dva dana je na sastanku Vije\u0107a ministara vanjskih poslova EU done\u0161ena odluka o priklju\u010divanju Albanije i Makedonije, premda je kona\u010dna odluka o otvaranju pregovora odgo\u0111ena. Sama odluka o priklju\u010divanju inspirirala je sna\u017ene \u0161pekulacije. Naime, opozicija je u Albaniji optu\u017eila premijera Edija Ramu da je priklju\u010divanje &#8220;platio&#8221; obe\u0107anjem otvaranja centara za izbjeglica koje se namjeravaju do\u010depati teritorija EU. De facto logora.<\/p>\n<p>Te \u0161pekulacije nisu sasvim neutemeljene jer je poznato da je odre\u0111eni broj visokopozicioniranih politi\u010dara, posebice u Austriji i Njema\u010dkoj, <a href=\"http:\/\/www.balkaninsight.com\/en\/article\/speculation-grows-over-migrant-camps-in-albania-06-25-2018\" target=\"_blank\" rel=\"noopener\">iskazao potporu<\/a> takvoj ideji. Me\u0111utim, Rama je u intervjuu za njema\u010dki <a href=\"https:\/\/www.bild.de\/politik\/ausland\/bild-international\/albania-edi-rama-we-wont-build-asylum-camps-56133622.bild.html\" target=\"_blank\" rel=\"noopener\">Bild<\/a> ideju odbio, naglasiv\u0161i da ne\u0107e graditi takav centre, makar posrijedi bio uvjet za pristup Europskoj uniji. A nije \u010dudno da podr\u0161ka ideji logora u Albaniji dolazi iz Njema\u010dke, s obzirom na to da polako istje\u010de vrijeme za razrje\u0161enje sukoba izme\u0111u Angele Merkel i koalicijskih partnera iz bavarske Kr\u0161\u0107ansko-socijalne unije (CSU) oko politike prema izbjeglicama.<\/p>\n<p>Dakle, situacija prili\u010dno jasna. Do prije nekoliko godina uvjet pristupa bile su savladane lekcije iz demokracije, makar i \u0161treberski, a danas se me\u0111u uvjete gura rje\u0161avanje unutarnjih njema\u010dkih problema otvaranjem logora za izbjeglice na vlastitom teritoriju. Nije potrebna neka prevelika odva\u017enost da se predvidi skori kraj Unije kakvu danas poznajemo.<\/p>\n","protected":false},"excerpt":{"rendered":"<p>Predpristupni pregovori koje su zemlje europskog Istoka u proteklih 15-20 godina vodile s institucijama Europske unije imale su izra\u017eenu notu patronizacije. Briselski su birokrati odlu\u010dno postavljali uvjete koji &#8220;nezrele demokracije&#8221; moraju ispuniti kako bi stekle pravo \u010dlanstva. Pored prevladavaju\u0107ih uvjeta koji se ti\u010du uspostave tzv. ekonomskih sloboda, sna\u017enu ulogu su imali i oni zasnovani na [&hellip;]<\/p>\n","protected":false},"author":5,"featured_media":24233,"comment_status":"closed","ping_status":"closed","sticky":false,"template":"","format":"standard","meta":{"footnotes":""},"categories":[],"tags":[243],"theme":[456],"country":[65],"articleformat":[205],"coauthors":[291],"class_list":["post-24231","post","type-post","status-publish","format-standard","has-post-thumbnail","hentry","tag-eu","theme-politika","country-albanija","articleformat-vijest"],"_links":{"self":[{"href":"https:\/\/www.bilten.org\/index.php?rest_route=\/wp\/v2\/posts\/24231","targetHints":{"allow":["GET"]}}],"collection":[{"href":"https:\/\/www.bilten.org\/index.php?rest_route=\/wp\/v2\/posts"}],"about":[{"href":"https:\/\/www.bilten.org\/index.php?rest_route=\/wp\/v2\/types\/post"}],"author":[{"embeddable":true,"href":"https:\/\/www.bilten.org\/index.php?rest_route=\/wp\/v2\/users\/5"}],"replies":[{"embeddable":true,"href":"https:\/\/www.bilten.org\/index.php?rest_route=%2Fwp%2Fv2%2Fcomments&post=24231"}],"version-history":[{"count":2,"href":"https:\/\/www.bilten.org\/index.php?rest_route=\/wp\/v2\/posts\/24231\/revisions"}],"predecessor-version":[{"id":24234,"href":"https:\/\/www.bilten.org\/index.php?rest_route=\/wp\/v2\/posts\/24231\/revisions\/24234"}],"wp:featuredmedia":[{"embeddable":true,"href":"https:\/\/www.bilten.org\/index.php?rest_route=\/wp\/v2\/media\/24233"}],"wp:attachment":[{"href":"https:\/\/www.bilten.org\/index.php?rest_route=%2Fwp%2Fv2%2Fmedia&parent=24231"}],"wp:term":[{"taxonomy":"category","embeddable":true,"href":"https:\/\/www.bilten.org\/index.php?rest_route=%2Fwp%2Fv2%2Fcategories&post=24231"},{"taxonomy":"post_tag","embeddable":true,"href":"https:\/\/www.bilten.org\/index.php?rest_route=%2Fwp%2Fv2%2Ftags&post=24231"},{"taxonomy":"theme","embeddable":true,"href":"https:\/\/www.bilten.org\/index.php?rest_route=%2Fwp%2Fv2%2Ftheme&post=24231"},{"taxonomy":"country","embeddable":true,"href":"https:\/\/www.bilten.org\/index.php?rest_route=%2Fwp%2Fv2%2Fcountry&post=24231"},{"taxonomy":"articleformat","embeddable":true,"href":"https:\/\/www.bilten.org\/index.php?rest_route=%2Fwp%2Fv2%2Farticleformat&post=24231"},{"taxonomy":"author","embeddable":true,"href":"https:\/\/www.bilten.org\/index.php?rest_route=%2Fwp%2Fv2%2Fcoauthors&post=24231"}],"curies":[{"name":"wp","href":"https:\/\/api.w.org\/{rel}","templated":true}]}}