{"id":24221,"date":"2018-06-27T11:20:59","date_gmt":"2018-06-27T10:20:59","guid":{"rendered":"http:\/\/www.bilten.org\/?p=24221"},"modified":"2018-06-27T15:58:53","modified_gmt":"2018-06-27T14:58:53","slug":"katastrofalni-razmjeri-deforestacije","status":"publish","type":"post","link":"https:\/\/www.bilten.org\/?p=24221","title":{"rendered":"Katastrofalni razmjeri deforestacije"},"content":{"rendered":"<p>Prema <a href=\"https:\/\/www.theguardian.com\/environment\/ng-interactive\/2018\/jun\/27\/one-football-pitch-of-forest-lost-every-second-in-2017-data-reveals\" target=\"_blank\" rel=\"noopener\">podacima<\/a> koje prikuplja platforma\u00a0<em>Global Forest Watch<\/em>, pro\u0161le je godine na na\u0161em planetu nestalo 29,4 milijuna hektara \u0161umskih povr\u0161ina. Iako ve\u0107 i sami milijuni hektara zvu\u010de zastra\u0161uju\u0107e, tek slikovitiji prikaz demonstrira razmjere katastrofe: doslovno svake sekunde izgubimo jedan nogometni teren \u0161uma. Nogometni teren u sekundi zna\u010di da na dnevnoj razini nestane \u0161uma veli\u010dine New Yorka, a na godi\u0161njoj razini svijet ostane bez \u0161umskog podru\u010dja veli\u010dine Italije.<\/p>\n<p>Tako\u0111er, nimalo ne ohrabruje niti trend.\u00a0<em>Global Forest Watch\u00a0<\/em>nadzire i bilje\u017ei deforestaciju od 2001. godine, a pro\u0161la je godina zauzela drugo mjesto na ljestvici po koli\u010dini izgubljenih hektara. Od 2003. godine se prosje\u010dan godi\u0161nji gubitak \u0161umskih povr\u0161ina na svjetskoj razini udvostru\u010dio, dok u klju\u010dnim podru\u010djima, tropskim ki\u0161nim \u0161umama, udvostru\u010denje bilje\u017eimo od 2008. godine. Pored uni\u0161tavanja stani\u0161ta za veliki broj \u017eivotinjskih vrsta, deforestacija izrazito doprinosi i globalnom zatopljenju. Godi\u0161nja emisija ugljika koja nastaje paljenjem \u0161uma istovjetna je ukupnoj emisiji ugljika Sjedinjenih Ameri\u010dkih Dr\u017eava.<\/p>\n<p><strong>Borba autohtonih naroda<\/strong><\/p>\n<p>Koji su klju\u010dni razlozi za uni\u0161tavanje \u0161umskih povr\u0161ina? Kako isti\u010de Frances Seymour iz Svjetskog instituta za resurse, organizacije koja zajedno s partnerima radi na\u00a0<em>Global Forest Watchu<\/em>, razlozi nisu nimalo misteriozni. U velikoj ve\u0107ini slu\u010dajeva radi se o &#8220;\u010di\u0161\u0107enju&#8221; ogromnih povr\u0161ina radi uzgajanja raznih roba za globalno tr\u017ei\u0161te. Ona navodi i da su ta &#8220;\u010di\u0161\u0107enja&#8221; uglavnom ilegalna i zasnovana na koruptivnim aran\u017emanima. No, upozorava kako se u borbi protiv klimatskih promjena zanemaruje faktor nestanka \u0161uma koji prili\u010dno doprinosi zatopljenju: tek 2% sredstava ulo\u017eenih u akcije protiv klimatskih promjena usmjereno je na borbu protiv deforestacije.<\/p>\n<p>A da se ta borba itekako odvija svjedo\u010de i ovi podaci. Naime, samo pro\u0161le godine je u svijetu ubijeno 197 ljudi koji su se protivili deforestaciji. Pola ubijenih dolazi iz redova autohtonih naroda na \u010dijoj se borbi za vlastitu zemlju u prili\u010dnoj mjeri i zasniva globalni otpor deforestaciji. Veliku prepreku deforestaciji predstavljao je i kolumbijski FARC. Naime, Kolumbija je uz Brazil, Indoneziju i Kongo klju\u010dna zemlja u ovim procesima. Kako je FARC napustio \u0161umska podru\u010dja i ilegalno politi\u010dko djelovanje te u\u0161ao u &#8220;normalnu&#8221; politi\u010dku arenu, \u0161ume vi\u0161e nije imao tko \u010duvati. S obzirom na promijenjene okolnosti, pro\u0161le su godine gubici kolumbijskih \u0161uma narasli za \u010dak 46%.<\/p>\n<p>Dakle, situacija je krajnje ozbiljna, me\u0111utim, bilo kakva globalna koordinirana akcija izostaje. Sve se svodi na periodi\u010dne poteze najugro\u017eenijih dr\u017eava i hrabru borbu autohtonih naroda.<\/p>\n","protected":false},"excerpt":{"rendered":"<p>Prema podacima koje prikuplja platforma\u00a0Global Forest Watch, pro\u0161le je godine na na\u0161em planetu nestalo 29,4 milijuna hektara \u0161umskih povr\u0161ina. Iako ve\u0107 i sami milijuni hektara zvu\u010de zastra\u0161uju\u0107e, tek slikovitiji prikaz demonstrira razmjere katastrofe: doslovno svake sekunde izgubimo jedan nogometni teren \u0161uma. Nogometni teren u sekundi zna\u010di da na dnevnoj razini nestane \u0161uma veli\u010dine New Yorka, [&hellip;]<\/p>\n","protected":false},"author":5,"featured_media":24223,"comment_status":"closed","ping_status":"closed","sticky":false,"template":"","format":"standard","meta":{"footnotes":""},"categories":[],"tags":[334],"theme":[457],"country":[],"articleformat":[205],"coauthors":[291],"class_list":["post-24221","post","type-post","status-publish","format-standard","has-post-thumbnail","hentry","tag-ekologija","theme-klima","articleformat-vijest"],"_links":{"self":[{"href":"https:\/\/www.bilten.org\/index.php?rest_route=\/wp\/v2\/posts\/24221","targetHints":{"allow":["GET"]}}],"collection":[{"href":"https:\/\/www.bilten.org\/index.php?rest_route=\/wp\/v2\/posts"}],"about":[{"href":"https:\/\/www.bilten.org\/index.php?rest_route=\/wp\/v2\/types\/post"}],"author":[{"embeddable":true,"href":"https:\/\/www.bilten.org\/index.php?rest_route=\/wp\/v2\/users\/5"}],"replies":[{"embeddable":true,"href":"https:\/\/www.bilten.org\/index.php?rest_route=%2Fwp%2Fv2%2Fcomments&post=24221"}],"version-history":[{"count":3,"href":"https:\/\/www.bilten.org\/index.php?rest_route=\/wp\/v2\/posts\/24221\/revisions"}],"predecessor-version":[{"id":24230,"href":"https:\/\/www.bilten.org\/index.php?rest_route=\/wp\/v2\/posts\/24221\/revisions\/24230"}],"wp:featuredmedia":[{"embeddable":true,"href":"https:\/\/www.bilten.org\/index.php?rest_route=\/wp\/v2\/media\/24223"}],"wp:attachment":[{"href":"https:\/\/www.bilten.org\/index.php?rest_route=%2Fwp%2Fv2%2Fmedia&parent=24221"}],"wp:term":[{"taxonomy":"category","embeddable":true,"href":"https:\/\/www.bilten.org\/index.php?rest_route=%2Fwp%2Fv2%2Fcategories&post=24221"},{"taxonomy":"post_tag","embeddable":true,"href":"https:\/\/www.bilten.org\/index.php?rest_route=%2Fwp%2Fv2%2Ftags&post=24221"},{"taxonomy":"theme","embeddable":true,"href":"https:\/\/www.bilten.org\/index.php?rest_route=%2Fwp%2Fv2%2Ftheme&post=24221"},{"taxonomy":"country","embeddable":true,"href":"https:\/\/www.bilten.org\/index.php?rest_route=%2Fwp%2Fv2%2Fcountry&post=24221"},{"taxonomy":"articleformat","embeddable":true,"href":"https:\/\/www.bilten.org\/index.php?rest_route=%2Fwp%2Fv2%2Farticleformat&post=24221"},{"taxonomy":"author","embeddable":true,"href":"https:\/\/www.bilten.org\/index.php?rest_route=%2Fwp%2Fv2%2Fcoauthors&post=24221"}],"curies":[{"name":"wp","href":"https:\/\/api.w.org\/{rel}","templated":true}]}}