{"id":24195,"date":"2018-06-26T10:05:17","date_gmt":"2018-06-26T09:05:17","guid":{"rendered":"http:\/\/www.bilten.org\/?p=24195"},"modified":"2018-06-26T10:14:54","modified_gmt":"2018-06-26T09:14:54","slug":"sramotni-izbori-i-besramni-cestitari","status":"publish","type":"post","link":"https:\/\/www.bilten.org\/?p=24195","title":{"rendered":"Sramotni izbori i besramni \u010destitari"},"content":{"rendered":"<p>Turski predsjednik Recep Tayyip Erdo\u011fan i njegova Stranka pravde i razvoja (AKP) uspjeli su ostvariti pobjedu na izvanrednim op\u0107im izborima odr\u017eanima u nedjelju. Iako je na prvi pogled uvjerljiva, pobjeda je zapravo &#8220;za dlaku&#8221;. Naime, predsjednik i njegova koalicija osvojili su tek ne\u0161to vi\u0161e od 50% glasova. Ali to ujedno zna\u010di da je tek ne\u0161to manje od 50% bira\u010da kategori\u010dki suprotstavljeno Erdo\u011fanu. Naime, sve stranke koje su se kandidirale van vladinog bloka obe\u0107avale su micanje Erdo\u011fana i njegove mre\u017ee s pozicija vlasti, pa su izbori stoga bili neka vrsta referenduma ne samo o vladi, ve\u0107 i o politi\u010dkom sustavu i samorazumijevanju zemlje. Predsjednik je naime obe\u0107ao jasan odmak od republikanizma uspostavljenog kemalisti\u010dkom revolucijom 1923. godine.<\/p>\n<p>Zapravo, razlika izme\u0111u erdoanovskog i protuerdoanovskog bloka je toliko mala da je opravdana sumnja bi li predsjednik pobijedio da su izbori odr\u017eani u regularnim uvjetima. Za po\u010detak, u zemlji je jo\u0161 na snazi izvanredno stanje, koje je omogu\u0107ilo ne samo kontrolu nad medijima i proizvoljno ukidanje bira\u010dkih mjesta, ve\u0107 i zatvaranje politi\u010dke konkurencije. Jedan od predsjedni\u010dkih kandidata, Selahattin Demirta\u015f, koji je ostvario tre\u0107i najbolji na izborima, svoju je kampanju vodio iz zatvorske \u0107elije, zbog \u010dega mu nije bilo omogu\u0107eno da komunicira s bira\u010dima ili nastupa na TV-u. Kad smo kod televizije, jo\u0161 uvijek uvjerljivo najva\u017enijeg medija u zemlji, predsjednikova kampanja tamo je dobila (prema <a href=\"https:\/\/www.politico.eu\/article\/5-takeaways-recep-tayyip-erdogan-turkey-election-triumph\/\" target=\"_blank\" rel=\"noopener\">izra\u010dunima<\/a>) sedam puta vi\u0161e vremena od svih ostalih pet kandidata zajedno.<\/p>\n<p><strong>Lokalni fanovi<\/strong><\/p>\n<p>Tako\u0111er, iako je izvanredno stanje na snazi zato \u0161to je opozicija tobo\u017ee &#8220;bliska teroristima&#8221;, svo predizborno i postizborno nasilje izvr\u0161ili su upravo simpatizeri i \u010dlanovi vladaju\u0107e stranke, \u010desto u koordinaciji s policijom. Osim paljenja i razbijanja strana\u010dkih ureda, zabilje\u017eeni su i brojni napadi, prebijanja i poku\u0161aji lin\u010da opozicijskih aktivista. Sve je to me\u0111utim tek standardna koreografija turskih izbora pod Erdo\u011fanom. Ono \u0161to se me\u0111utim javlja tek posljednjih godina je zatvaranje glasa\u010dkih mjesta i punjenje kutija. Takav je incident <a href=\"https:\/\/www.express.co.uk\/news\/world\/979158\/Turkey-opposition-outrage-video-ballot-stuffing-vote-rigged-Recep-Tayyip-Erdogan\" target=\"_blank\" rel=\"noopener\">snimljen<\/a> npr. u Urfi, u kraju \u010dije je stanovni\u0161tvo razmjerno mije\u0161ano i uklju\u010duje Kurde i Turke. Na jednom je tamo\u0161njem bira\u010dkom mjestu, kako pokazuju snimke, policija zatvorila zgradu, rastjerala bira\u010de i onda ubacivala unaprijed pripremljene glasove iz plasti\u010dne vre\u0107ice.<\/p>\n<p>Takvi su incidenti, zajedno s op\u0107im neregularnim uvjetima, prisilili Europsku uniju, OECD i Vije\u0107e Europe da ocijene kako izbori nisu bili ravnopravni. No to nije sprije\u010dilo zemlje \u010dlanice i zemlje kandidatkinje da Erdo\u011fanu \u010destitaju i puno prije nego \u0161to su rezultati uop\u0107e bili poznati. Me\u0111u \u010destitarima na\u0161li su se vladaju\u0107i politi\u010dari iz Ma\u0111arske, Srbije, Albanije i Bugarske, a onda i mnogi drugi iz zemalja regije. Slavljeni\u010dko raspolo\u017eenje se djelomi\u010dno odrazilo i na ulicama, jer su proslave &#8220;sultanove&#8221; pobjede organizirane u dijelovima BiH i Makedonije te Novom Pazaru u Srbiji. Doga\u0111aji pokazuju kako je mre\u017ea koju posljednjih godina gradi turska dr\u017eava u regiji nije bez efekta. Tim vi\u0161e \u0161to su mnogi mladi ljudi sasvim opravdano duboko razo\u010darani vlastitim politi\u010darima.<\/p>\n<p><strong>Propagandna logika<\/strong><\/p>\n<p>Va\u017ean dio te propagandne mre\u017ee nesumnjivo je i televizija Al Jazeera Balkans, u vlasni\u0161tvu katarskog emira, bliskog saveznika turskog predsjednika. Njihov se dopisnik iz Turske (i po svemu sude\u0107i neslu\u017ebeni glasnogovornik AKP-a na Balkanu), Adnan Rondi\u0107, proteklih dana slomio u logi\u010dkim akrobacijama kako bi opravdao svu represiju koja je provedena u sklopu izbora. Me\u0111u brojnim biserima i (o\u010dito namjernim) faktografskim neto\u010dnostima, valja izdvojiti briljantan komentar snimljenog incidenta u Urfi. Rondi\u0107 je naime <a href=\"https:\/\/www.youtube.com\/watch?v=Eha3nZRHpmE&amp;feature=youtu.be\" target=\"_blank\" rel=\"noopener\">zaklju\u010dio<\/a> da &#8220;ako je optu\u017eba opozicije to\u010dna&#8221;, to samo dokazuje kako je &#8220;kurdska zajednica zapravo podijeljena&#8221; i da &#8220;vi\u0161e od 50% Kurda podr\u017eava AKP&#8221;. Drugim rije\u010dima, ako je predsjednikova policija glasala umjesto Kurda, to samo pokazuje koliko Kurdi zapravo vole predsjednika.<\/p>\n<p>Ako gospodin Rondi\u0107 nije u me\u0111uvremenu umro od sramote, \u010destitamo mu na ovoj doista impozantnoj akrobaciji.<\/p>\n","protected":false},"excerpt":{"rendered":"<p>Turski predsjednik Recep Tayyip Erdo\u011fan i njegova Stranka pravde i razvoja (AKP) uspjeli su ostvariti pobjedu na izvanrednim op\u0107im izborima odr\u017eanima u nedjelju. Iako je na prvi pogled uvjerljiva, pobjeda je zapravo &#8220;za dlaku&#8221;. Naime, predsjednik i njegova koalicija osvojili su tek ne\u0161to vi\u0161e od 50% glasova&#8230;<\/p>\n","protected":false},"author":10,"featured_media":24196,"comment_status":"closed","ping_status":"closed","sticky":false,"template":"","format":"standard","meta":{"footnotes":""},"categories":[],"tags":[12,234],"theme":[456],"country":[],"articleformat":[205],"coauthors":[26],"class_list":["post-24195","post","type-post","status-publish","format-standard","has-post-thumbnail","hentry","tag-izbori","tag-turska","theme-politika","articleformat-vijest"],"_links":{"self":[{"href":"https:\/\/www.bilten.org\/index.php?rest_route=\/wp\/v2\/posts\/24195","targetHints":{"allow":["GET"]}}],"collection":[{"href":"https:\/\/www.bilten.org\/index.php?rest_route=\/wp\/v2\/posts"}],"about":[{"href":"https:\/\/www.bilten.org\/index.php?rest_route=\/wp\/v2\/types\/post"}],"author":[{"embeddable":true,"href":"https:\/\/www.bilten.org\/index.php?rest_route=\/wp\/v2\/users\/10"}],"replies":[{"embeddable":true,"href":"https:\/\/www.bilten.org\/index.php?rest_route=%2Fwp%2Fv2%2Fcomments&post=24195"}],"version-history":[{"count":4,"href":"https:\/\/www.bilten.org\/index.php?rest_route=\/wp\/v2\/posts\/24195\/revisions"}],"predecessor-version":[{"id":24200,"href":"https:\/\/www.bilten.org\/index.php?rest_route=\/wp\/v2\/posts\/24195\/revisions\/24200"}],"wp:featuredmedia":[{"embeddable":true,"href":"https:\/\/www.bilten.org\/index.php?rest_route=\/wp\/v2\/media\/24196"}],"wp:attachment":[{"href":"https:\/\/www.bilten.org\/index.php?rest_route=%2Fwp%2Fv2%2Fmedia&parent=24195"}],"wp:term":[{"taxonomy":"category","embeddable":true,"href":"https:\/\/www.bilten.org\/index.php?rest_route=%2Fwp%2Fv2%2Fcategories&post=24195"},{"taxonomy":"post_tag","embeddable":true,"href":"https:\/\/www.bilten.org\/index.php?rest_route=%2Fwp%2Fv2%2Ftags&post=24195"},{"taxonomy":"theme","embeddable":true,"href":"https:\/\/www.bilten.org\/index.php?rest_route=%2Fwp%2Fv2%2Ftheme&post=24195"},{"taxonomy":"country","embeddable":true,"href":"https:\/\/www.bilten.org\/index.php?rest_route=%2Fwp%2Fv2%2Fcountry&post=24195"},{"taxonomy":"articleformat","embeddable":true,"href":"https:\/\/www.bilten.org\/index.php?rest_route=%2Fwp%2Fv2%2Farticleformat&post=24195"},{"taxonomy":"author","embeddable":true,"href":"https:\/\/www.bilten.org\/index.php?rest_route=%2Fwp%2Fv2%2Fcoauthors&post=24195"}],"curies":[{"name":"wp","href":"https:\/\/api.w.org\/{rel}","templated":true}]}}