{"id":24087,"date":"2018-06-14T12:34:41","date_gmt":"2018-06-14T11:34:41","guid":{"rendered":"http:\/\/www.bilten.org\/?p=24087"},"modified":"2018-06-14T12:42:21","modified_gmt":"2018-06-14T11:42:21","slug":"koliko-dakle-kosta-likvidacija","status":"publish","type":"post","link":"https:\/\/www.bilten.org\/?p=24087","title":{"rendered":"Koliko dakle ko\u0161ta likvidacija?"},"content":{"rendered":"<p>Otklju\u010dan parkirani automobil s otvorenim voza\u010devim vratima, klju\u010devima u motoru i upaljenim farovima marke Polo bio je alarm za uzbunu. Iza\u0161av\u0161i na teren, policija Bele Crkve u Vojvodini zaklju\u010dila je da se radi o automobilu kojim se slu\u017ei novinar Stefan Cvetkovi\u0107. Poznat kao beskompromisan, posljednjih pola godine bavi se temom likvidacije srpskog politi\u010dara sa sjevera Kosova, <a href=\"http:\/\/www.bilten.org\/?p=22431\" target=\"_blank\" rel=\"noopener\">Olivera Ivanovi\u0107a<\/a>. Pored automobila prona\u0111en je i pokidani ru\u010dni sat koji je identificiran kao Cvetkovi\u0107ev. Proteklih se godina u vi\u0161e navrata \u017ealio kako mu prijete razli\u010diti &#8220;politi\u010dko-tajkunski mo\u0107nici&#8221;.<\/p>\n<p>Po\u010detkom februara ove godine Cvetkovi\u0107 je odr\u017eao tiskovnu konferenciju, odra\u0111uju\u0107i kao novinar posao policije, pod nazivom &#8221; <a href=\"https:\/\/www.youtube.com\/watch?v=cSVC6ll3beI\" target=\"_blank\" rel=\"noopener\">Koliko ko\u0161ta likvidacija na severu Kosova<\/a>&#8220;. Tom je prilikom kazao kako je uz pomo\u0107 albanskih i kosovskih novinara do\u0161ao do novih informacija na temelju kojih su zaklju\u010dili kako likvidacija Olivera Ivanovi\u0107a nije imala veze niti sa srpskom niti kosovskom politikom ve\u0107 isklju\u010divo s kriminalnim podzemljem. Na tiskovnoj konferenciji pokazao je i fotografiju s licem osobe (u opremi ovog teksta) koju dovodi u vezu s atentatom.<\/p>\n<p><strong>Kriminal, ne politika<\/strong><\/p>\n<p>Za osobu je kazao kako pripada kriminalnom miljeu i poznat je i EULEX-u, me\u0111unarodnim sigurnosnim institucijama, te srpskoj i kosovskoj policiji po \u0161vercu, ilegalnoj trgovini i drugim kaznenim djelima. Tako\u0111er je kazao kako je osoba s fotografije u kontaktu sa 6 drugih osoba koje se sumnji\u010di za mogu\u0107e sudjelovanje u atentatu. Prema njegovim informacijama, svi ti ljudi me\u0111usobno su povezani, a umre\u017eeni su i sa ni\u017eim birokratima u EULEX-u, policiji Kosova i sl. Cvetkovi\u0107 je tom prilikom posebno naglasio kako se u pitanju likvidacije Ivanovi\u0107a &#8220;ne radi o muslimanima, Srbima i Kinezima, nego o kriminalcima&#8221;. Tako\u0111er je iznio podatak da je atentat ko\u0161tao 40.000 eura. Osim fotografije iz opreme teksta, Cvetkovi\u0107 je na konferenciji pokazivao i fotografije slu\u017ebenih lica koji su bili na uvi\u0111aju na mjestu nesre\u0107e te ih je povezao sa osobom s istaknute fotografije.<\/p>\n<p>Na tiskovnoj s po\u010detka februara, posebno je istaknuo da vi\u0161e strukture vlasti na Kosovu nisu imale nikakve veze, da se zaista radi o kriminalnom podzemlju te da je stavljanje optu\u017ebi za Ivanovi\u0107evu smrt na ple\u0107a albanskih ili srpskih predstavnika na Kosovu neprimjereno. Vi\u0161estruko je naglasio da je glavni motiv za ovu likvidaciju bio kriminal.<\/p>\n<p>\u0160to je Cvetkovi\u0107 kazao na tiskovnoj, o\u010dito je bilo zanimljivo i Policiji Kosova koja je novinara u maju ove godine prilikom prelaska granice iz Srbije u Kosovo zadr\u017eala na ispitivanju u trajanju od 6 sati. Cvetkovi\u0107 je kasnije o tome iskustvu kazao: \u201cNisu imali drugi na\u010din da do\u0111u do mene, po\u0161to su primetili da sam do\u0161ao u kontakt sa nekim ljudima koji su im interesantni za istragu\u201d. Zadr\u017eavanje je bilo provedeno po nalogu specijalnog tu\u017eitelja koji vodi istragu o likvidaciji Ivanovi\u0107a.<\/p>\n<p>Zbog kombinacije tema kojima se bavi i neadekvatnih srpskih zakona za za\u0161titu novinara, Cvetkovi\u0107 je pro\u0161le godine nepravomo\u0107no osu\u0111en na dvije godine zatvora &#8220;po prijavama pojedinih funkcionera Srpske napredne stranke&#8221;. Nadamo se pozitivnom raspletu ove pri\u010de, tj. da \u0107e se Cvetkovi\u0107 uskoro pojaviti \u017eiv i zdrav, no ukoliko se to ne dogodi. Ve\u0107 sada, manje od 24 sata od njegova nestanka ova je pri\u010da prenesena u svim balkanskim medijima. Njegov nestanak mo\u017eda \u0107e poslu\u017eiti Srbiji za bolju za\u0161titu novinara, pa i javnog interesa. Cijena atentata na Ivanovi\u0107a stoga nije samo 40.000 eura, nego i ugro\u017eenost \u017eivota novinara koji se temom bavi.<\/p>\n","protected":false},"excerpt":{"rendered":"<p>Otklju\u010dan parkirani automobil s otvorenim voza\u010devim vratima, klju\u010devima u motoru i upaljenim farovima marke Polo bio je alarm za uzbunu. Iza\u0161av\u0161i na teren, policija Bele Crkve u Vojvodini zaklju\u010dila je da se radi o automobilu kojim se slu\u017ei novinar Stefan Cvetkovi\u0107. Poznat kao beskompromisan, posljednjih pola godine bavi se temom likvidacije srpskog politi\u010dara sa sjevera [&hellip;]<\/p>\n","protected":false},"author":4,"featured_media":24088,"comment_status":"closed","ping_status":"closed","sticky":false,"template":"","format":"standard","meta":{"footnotes":""},"categories":[],"tags":[28],"theme":[458],"country":[124,11],"articleformat":[205],"coauthors":[289],"class_list":["post-24087","post","type-post","status-publish","format-standard","has-post-thumbnail","hentry","tag-mediji","theme-drustvo","country-kosovo","country-srbija","articleformat-vijest"],"_links":{"self":[{"href":"https:\/\/www.bilten.org\/index.php?rest_route=\/wp\/v2\/posts\/24087","targetHints":{"allow":["GET"]}}],"collection":[{"href":"https:\/\/www.bilten.org\/index.php?rest_route=\/wp\/v2\/posts"}],"about":[{"href":"https:\/\/www.bilten.org\/index.php?rest_route=\/wp\/v2\/types\/post"}],"author":[{"embeddable":true,"href":"https:\/\/www.bilten.org\/index.php?rest_route=\/wp\/v2\/users\/4"}],"replies":[{"embeddable":true,"href":"https:\/\/www.bilten.org\/index.php?rest_route=%2Fwp%2Fv2%2Fcomments&post=24087"}],"version-history":[{"count":3,"href":"https:\/\/www.bilten.org\/index.php?rest_route=\/wp\/v2\/posts\/24087\/revisions"}],"predecessor-version":[{"id":24091,"href":"https:\/\/www.bilten.org\/index.php?rest_route=\/wp\/v2\/posts\/24087\/revisions\/24091"}],"wp:featuredmedia":[{"embeddable":true,"href":"https:\/\/www.bilten.org\/index.php?rest_route=\/wp\/v2\/media\/24088"}],"wp:attachment":[{"href":"https:\/\/www.bilten.org\/index.php?rest_route=%2Fwp%2Fv2%2Fmedia&parent=24087"}],"wp:term":[{"taxonomy":"category","embeddable":true,"href":"https:\/\/www.bilten.org\/index.php?rest_route=%2Fwp%2Fv2%2Fcategories&post=24087"},{"taxonomy":"post_tag","embeddable":true,"href":"https:\/\/www.bilten.org\/index.php?rest_route=%2Fwp%2Fv2%2Ftags&post=24087"},{"taxonomy":"theme","embeddable":true,"href":"https:\/\/www.bilten.org\/index.php?rest_route=%2Fwp%2Fv2%2Ftheme&post=24087"},{"taxonomy":"country","embeddable":true,"href":"https:\/\/www.bilten.org\/index.php?rest_route=%2Fwp%2Fv2%2Fcountry&post=24087"},{"taxonomy":"articleformat","embeddable":true,"href":"https:\/\/www.bilten.org\/index.php?rest_route=%2Fwp%2Fv2%2Farticleformat&post=24087"},{"taxonomy":"author","embeddable":true,"href":"https:\/\/www.bilten.org\/index.php?rest_route=%2Fwp%2Fv2%2Fcoauthors&post=24087"}],"curies":[{"name":"wp","href":"https:\/\/api.w.org\/{rel}","templated":true}]}}