{"id":24052,"date":"2018-06-12T12:57:18","date_gmt":"2018-06-12T11:57:18","guid":{"rendered":"http:\/\/www.bilten.org\/?p=24052"},"modified":"2018-06-12T13:02:10","modified_gmt":"2018-06-12T12:02:10","slug":"kosovsko-albanska-carinska-unija","status":"publish","type":"post","link":"https:\/\/www.bilten.org\/?p=24052","title":{"rendered":"Kosovsko-albanska carinska unija"},"content":{"rendered":"<p>Kosovski parlament potvrdio je pro\u0161log utorka (5. jun 2018.) rezoluciju o carinskoj uniji s Albanijom \u010dime je napravljen prvi korak u stvaranju novog, jedinstvenog tr\u017ei\u0161ta na Balkanu koje okuplja oko \u010detiri i pol milijuna ljudi. Rezolucija nala\u017ee otvaranje pravnih procesa koji bi regulirali slobodan protok ljudi i roba preko albansko-kosovskih granica. No, ona je zasad potvr\u0111ena samo s jedne strane, albanski parlament naime jo\u0161 nije ratificirao dokument, i kako trenutno stvari stoje, ne zna se to\u010dno kad \u0107e.<\/p>\n<p>Dok \u0107e desni\u010dari u Srbiji, vjerojatno potpomognuti SNS-om, u stvaranju bescarinske unije izme\u0111u Kosova i Albanije vidjeti <a href=\"http:\/\/www.politika.rs\/sr\/clanak\/405132\/Ekonomija\/Velikoalbanska-carinska-unija\" target=\"_blank\" rel=\"noopener\">po\u010detke realizacije prijetnje Velike Albanije<\/a>, s ju\u017ene strane dr\u017eavne granice nipo\u0161to ne cvjetaju ru\u017ee. Premda su brojni mediji bescarinsku uniju izme\u0111u Kosova i Albanije proglasili gotovom stvari, Kosovo \u010dini se, nije nimalo zadovoljno napretkom suradnje.<\/p>\n<p>U intervjuu za <a href=\"http:\/\/www.balkaninsight.com\/en\/article\/kosovo-wants-a-joint-national-market-with-albania-06-11-2018\" target=\"_blank\" rel=\"noopener\">BIRN<\/a>\u00a0kosovski ministar trgovine Bajram Hasani kazao je da Albanija zavla\u010di s implementacijom procesa. Pri\u0161tina je izrazito zainteresirana za ukidanje carina na lokalne poljoprivredne proizvode izme\u0111u ove dvije zemlje, no Albanija u praksi jo\u0161 nije povukla niti jedan potez. Hasani je inicijativu nazvao stvaranjem &#8220;nacionalnog tr\u017ei\u0161ta&#8221;, pa ipak usprkos kosovskim nadanjima, razo\u010darano zaklju\u010duje kako &#8220;albanske institucije nemaju istu senzibilnost prema Kosovu koje ono ima prema njima&#8221; dodav\u0161i kako je na\u010delna volja za razvoj suradnje u tom smjeru jedino \u0161to je Albanija dosad pokazala.<\/p>\n<p><strong>Ekonomska politika u drugom planu<\/strong><\/p>\n<p>To dakako nije sprije\u010dilo upozorenja srpske strane da je sli\u010dan sporazum u sklopu CEFTA-e predlo\u017eio srpski predsjednik Aleksandar Vu\u010di\u0107 (2016.), \u0161to je Pri\u0161tina odbila, podsje\u0107a Politik,a citiraju\u0107i izjave biv\u0161eg premijera Kosova Isa Mustafe koji je kazao: &#8220;Tr\u017ei\u0161te sli\u010dno onom u biv\u0161oj Jugoslaviji, bez Hrvatske i Slovenije, a s Albanijom, kao zajedni\u010dko tr\u017ei\u0161te! Ne! Kosovo sebe vidi u jedinstvenom evropskom tr\u017ei\u0161tu, na osnovu SSP-a&#8221; smatrao je tada je Mustafa. Politika napominje kako je i kosovski ministar vanjskih poslova Enver Hod\u017eaj opisivao ideju o balkanskoj carinskoj uniji kao &#8220;antievropsku&#8221;.<\/p>\n<p>Sredi\u0161nji dio rezolucije su poljoprivredni proizvodi. Bajrami je kazao kako su se dogovorili identificirati 20 lokalnih proizvo\u0111a\u010da (10 s Kosova, 10 iz Albanije) i najve\u0107ih izvoznika u drugu od ovih zemalja za koje bi ukinuli carine da se vidi kako bi unija funkcionirala. Prema podacima Kluba proizvo\u0111a\u010da Kosovo koje je dobio BIRN, Albanija je u 2017. godini imala izvoz na Kosovo u iznosu od 150 milijuna eura dok je Kosovo u Albaniju izvezao svega 35 milijuna vrijednosti poljoprivrednih roba. Iz tih je podataka jasno za\u0161to Kosovo sna\u017eno zagovara carinsku uniju kao i za\u0161to Albanija s njome odugovla\u010di. Jasno je u kona\u010dnici, da se ni za jednu od dviju strana ne radi o ideolo\u0161kim ili nacionalisti\u010dkim motivima, ve\u0107 prije svega o ekonomskim interesima zemalja.<\/p>\n<p>Stoga se ovdje radi o jo\u0161 jednom primjeru toga kako se ekonomske politike lako iskori\u0161tavaju za promoviranje odre\u0111enih ideolo\u0161kih ideja, uz \u017eestoku popratnu propagandu mejnstrima. Ovo je lako i dokazati: srpski mediji koji nisu popratili ovu vijest naslovom &#8220;velikoalbanska carinska unija&#8221; mogu se nabrojati na prste jedne ruke. Zanimljivo je da se istovremeno radi o medijima izrazito naklonjenima Aleksandru Vu\u010di\u0107u. Nebitno je \u010dini se pritom radi li se ovdje o la\u017enim vijestima, spinovima, kontroli medija, manjku slobode govora, poticanju na me\u0111unacionalnu mr\u017enju i zao\u0161travanju susjedskih odnosa. Medijskim fokusiranjem pri\u010de na njezine mogu\u0107e nacionalisti\u010dke aspekte, rasprave o va\u017enim ekonomskim pitanjima potpuno se izmi\u010du iz dosega javnosti. Stoga kako da srpska javnost stvori &#8220;to\u010dno&#8221; i &#8220;informirano&#8221; mi\u0161ljenje o ovoj temi? Tu su dakako i pitanja u\u010dinaka politi\u010dkog i ekonomskog o-ne-pismenjavanja ovakvog izvje\u0161tavanja. Umjesto ekonomskog ili medijskog opismenjavanja, radi se dakle o suprotnome, a pragmati\u010dni u\u010dinci toga su desna skretanja srpskog bira\u010dkog tijela, stoga Vu\u010di\u0107 za svoju budu\u0107nost ne treba da brine.<\/p>\n","protected":false},"excerpt":{"rendered":"<p>Kosovski parlament potvrdio je pro\u0161log utorka (5. jun 2018.) rezoluciju o carinskoj uniji s Albanijom \u010dime je napravljen prvi korak u stvaranju novog, jedinstvenog tr\u017ei\u0161ta na Balkanu koje okuplja oko \u010detiri i pol milijuna ljudi. Rezolucija nala\u017ee otvaranje pravnih procesa koji bi regulirali slobodan protok ljudi i roba preko albansko-kosovskih granica. No, ona je zasad [&hellip;]<\/p>\n","protected":false},"author":4,"featured_media":24056,"comment_status":"closed","ping_status":"closed","sticky":false,"template":"","format":"standard","meta":{"footnotes":""},"categories":[],"tags":[228],"theme":[455],"country":[65,124],"articleformat":[205],"coauthors":[289],"class_list":["post-24052","post","type-post","status-publish","format-standard","has-post-thumbnail","hentry","tag-ekonomija","theme-rad","country-albanija","country-kosovo","articleformat-vijest"],"_links":{"self":[{"href":"https:\/\/www.bilten.org\/index.php?rest_route=\/wp\/v2\/posts\/24052","targetHints":{"allow":["GET"]}}],"collection":[{"href":"https:\/\/www.bilten.org\/index.php?rest_route=\/wp\/v2\/posts"}],"about":[{"href":"https:\/\/www.bilten.org\/index.php?rest_route=\/wp\/v2\/types\/post"}],"author":[{"embeddable":true,"href":"https:\/\/www.bilten.org\/index.php?rest_route=\/wp\/v2\/users\/4"}],"replies":[{"embeddable":true,"href":"https:\/\/www.bilten.org\/index.php?rest_route=%2Fwp%2Fv2%2Fcomments&post=24052"}],"version-history":[{"count":5,"href":"https:\/\/www.bilten.org\/index.php?rest_route=\/wp\/v2\/posts\/24052\/revisions"}],"predecessor-version":[{"id":24063,"href":"https:\/\/www.bilten.org\/index.php?rest_route=\/wp\/v2\/posts\/24052\/revisions\/24063"}],"wp:featuredmedia":[{"embeddable":true,"href":"https:\/\/www.bilten.org\/index.php?rest_route=\/wp\/v2\/media\/24056"}],"wp:attachment":[{"href":"https:\/\/www.bilten.org\/index.php?rest_route=%2Fwp%2Fv2%2Fmedia&parent=24052"}],"wp:term":[{"taxonomy":"category","embeddable":true,"href":"https:\/\/www.bilten.org\/index.php?rest_route=%2Fwp%2Fv2%2Fcategories&post=24052"},{"taxonomy":"post_tag","embeddable":true,"href":"https:\/\/www.bilten.org\/index.php?rest_route=%2Fwp%2Fv2%2Ftags&post=24052"},{"taxonomy":"theme","embeddable":true,"href":"https:\/\/www.bilten.org\/index.php?rest_route=%2Fwp%2Fv2%2Ftheme&post=24052"},{"taxonomy":"country","embeddable":true,"href":"https:\/\/www.bilten.org\/index.php?rest_route=%2Fwp%2Fv2%2Fcountry&post=24052"},{"taxonomy":"articleformat","embeddable":true,"href":"https:\/\/www.bilten.org\/index.php?rest_route=%2Fwp%2Fv2%2Farticleformat&post=24052"},{"taxonomy":"author","embeddable":true,"href":"https:\/\/www.bilten.org\/index.php?rest_route=%2Fwp%2Fv2%2Fcoauthors&post=24052"}],"curies":[{"name":"wp","href":"https:\/\/api.w.org\/{rel}","templated":true}]}}