{"id":23939,"date":"2018-06-04T12:32:21","date_gmt":"2018-06-04T11:32:21","guid":{"rendered":"http:\/\/www.bilten.org\/?p=23939"},"modified":"2018-06-04T12:41:09","modified_gmt":"2018-06-04T11:41:09","slug":"malinari-i-kosovo-srpski-problemi-s-juznim-granicama","status":"publish","type":"post","link":"https:\/\/www.bilten.org\/?p=23939","title":{"rendered":"Malinari i Kosovo: srpski problemi s ju\u017enim granicama"},"content":{"rendered":"<p>Vijesti o raspore\u0111ivanju srpske \u017eandarmerije na granici s Kosovom koje je prenijelo vi\u0161e relevantnih regionalnih portala, pokazale su se nepotpunim i neto\u010dnim informacijama, doznajemo od kosovskih novinara. No, vijesti o blokiranim granicama izme\u0111u Srbije i Crne Gore \u2013 potpuno su to\u010dne.<\/p>\n<p>Malinari iz Prijepolja, Priboja, Ivanjice i U\u017eica blokirali su u subotu magistralu prema Crnoj Gori, tra\u017ee\u0107i ve\u0107u otkupnu cijenu maline. Do\u0161lo je i do sukoba s policijom u kojima je \u010detvero demonstranta povrije\u0111eno, prenose N1 i RTS. Malinari poru\u010duju da \u0107e na magistrali ostati sve dok se &#8220;dr\u017eava ne ume\u0161a&#8221;. Problemi sa otkupnom cijenom maline i ove godine se ponavljaju, i to neposredno pred po\u010detak sezone berbe.<\/p>\n<p>&#8220;Ove godine bi\u0107e lo\u0161e po\u010detne cene maline. Prvo se namire kupci i preprodava\u010di, pa nama \u0161ta ostane. S tim razlogom smo se i okupili. Da po\u0161aljemo poruku na\u0161em predsedniku Vu\u010di\u0107u da nam iza\u0111e u susret i da se dovede investitor u Prijepolje koji \u0107e raditi preradu maline i uposliti radnike i ovaj proizvod plasirati na svetsko tr\u017ei\u0161te&#8221;, rekao je Dizdarevi\u0107 izraziv\u0161i o\u010dekivanje da \u0107e ovaj protest trajati i do deset dana, sve <a href=\"http:\/\/rs.n1info.com\/a393163\/Vesti\/Protest-malinara-kod-Prijepolja.html\" target=\"_blank\" rel=\"noopener\">do ispunjenja zahtijeva<\/a>. kazao je predsjednik udru\u017eenja proizvo\u0111a\u010da malina &#8220;Limska dolina&#8221; Sanel Dizdarevi\u0107 ponoviv\u0161i jo\u0161 jednom <a href=\"http:\/\/www.bilten.org\/?s=malinari\" target=\"_blank\" rel=\"noopener\">toliko ve\u0107 puta artikuliran problem<\/a> srpskog malinarstv: &#8220;kupci diktiraju cenu maline, iako to nije berzanska roba&#8221;. To zna\u010di da ne postoji burza na kojoj se otkupljuju maline, pa da mo\u017ee cijena fluktuirati, ve\u0107 se prvo odredi otkupna cijena koja onda vrijedi nadalje.<\/p>\n<p><strong>Eskalacija situacije<\/strong><\/p>\n<p>Premda je najavljeno trajanje blokade prometnica bilo procijenjeno na dva sata, nakon sukoba s policijom malinari su odlu\u010dili ostati na licu mjesta dok se problem ne rije\u0161i. Odgovornost tra\u017ee od predsjednika republike Aleksandra Vu\u010di\u0107a, iako formalno ovi problemi ne le\u017ee u njegovoj nadle\u017enosti. To nam jo\u0161 jednom svjedo\u010di o mo\u0107i srbijanskog predsjednika u ovom dru\u0161tvu. Pritom treba napomenuti i da su malinari pozvali resorno ministarstvo iz kojeg im nitko ne odgovara.<\/p>\n<p>Zahtijeva se <a href=\"http:\/\/www.bilten.org\/?p=22536\" target=\"_blank\" rel=\"noopener\">otkupna cijena malina<\/a> od 180 do 200 dinara. Ove godine, za razliku od prethodnih, malinari ne pristaju na dnevne cijene koje nude prera\u0111iva\u010di koji su im primjerice lani nudili cijenu od 50 dinara po kilogramu! Malinari smatraju da se radi o i\u017eivljavanju na njima, posebno kad se u obzir uzme da je cijena u izvozu 2,5 do 3 eura odnosno 295 do 350 dinara. Preprodava\u010di, koji u svojim hladnja\u010dama jo\u0161 uvijek imaju pro\u0161logodi\u0161nje zalihe malina, tvrde da je &#8220;jo\u0161 rano da se govori o ceni&#8221;, \u0161to je tako\u0111er revoltiralo malinare. Prera\u0111iva\u010di pritom odbijaju pregovore s proizvo\u0111a\u010dima i to nakon \u0161to je osnovana vladina radna grupa za pra\u0107enje cijene maline, koja se stoga nije jo\u0161 nijednom sastala.<\/p>\n<p>S druge strane iz Ministarstva poljoprivrede, uobi\u010dajene patronizacije i floskule poput onih da se &#8220;problemi ne\u0107e rije\u0161iti na ulici&#8221;, \u0161to je izjava dr\u017eavnog tajnika tog ministarstva Velimira Stanojevi\u0107a, koji otkrivaju\u0107i toplu vodu smatra kako treba &#8220;sjesti za stol&#8221; i razgovarati na relaciji proizvo\u0111a\u010di i prera\u0111iva\u010di, dok bi dr\u017eava bila tek &#8220;medijator&#8221;. Pasivni medijator, mogli bismo primijetiti, koji dosad nije uop\u0107e uspio privoljeti prera\u0111iva\u010de &#8220;za zajedni\u010dki stol&#8221; i koji usprkos tome pritisak vr\u0161i na malinare a ne na prera\u0111iva\u010de koji vidno odbijaju bilo kakve dogovore. Jer za\u0161to bi, dok im pasivni &#8220;medijator&#8221; dozvoljava nepravedno poslovanje, oni ne vide problem.<\/p>\n","protected":false},"excerpt":{"rendered":"<p>Vijesti o raspore\u0111ivanju srpske \u017eandarmerije na granici s Kosovom koje je prenijelo vi\u0161e relevantnih regionalnih portala, pokazale su se nepotpunim i neto\u010dnim informacijama, doznajemo od kosovskih novinara. No, vijesti o blokiranim granicama izme\u0111u Srbije i Crne Gore \u2013 potpuno su to\u010dne. Malinari iz Prijepolja, Priboja, Ivanjice i U\u017eica blokirali su u subotu magistralu prema Crnoj [&hellip;]<\/p>\n","protected":false},"author":4,"featured_media":23940,"comment_status":"closed","ping_status":"closed","sticky":false,"template":"","format":"standard","meta":{"footnotes":""},"categories":[],"tags":[70],"theme":[455],"country":[11],"articleformat":[205],"coauthors":[289],"class_list":["post-23939","post","type-post","status-publish","format-standard","has-post-thumbnail","hentry","tag-poljoprivreda","theme-rad","country-srbija","articleformat-vijest"],"_links":{"self":[{"href":"https:\/\/www.bilten.org\/index.php?rest_route=\/wp\/v2\/posts\/23939","targetHints":{"allow":["GET"]}}],"collection":[{"href":"https:\/\/www.bilten.org\/index.php?rest_route=\/wp\/v2\/posts"}],"about":[{"href":"https:\/\/www.bilten.org\/index.php?rest_route=\/wp\/v2\/types\/post"}],"author":[{"embeddable":true,"href":"https:\/\/www.bilten.org\/index.php?rest_route=\/wp\/v2\/users\/4"}],"replies":[{"embeddable":true,"href":"https:\/\/www.bilten.org\/index.php?rest_route=%2Fwp%2Fv2%2Fcomments&post=23939"}],"version-history":[{"count":1,"href":"https:\/\/www.bilten.org\/index.php?rest_route=\/wp\/v2\/posts\/23939\/revisions"}],"predecessor-version":[{"id":23941,"href":"https:\/\/www.bilten.org\/index.php?rest_route=\/wp\/v2\/posts\/23939\/revisions\/23941"}],"wp:featuredmedia":[{"embeddable":true,"href":"https:\/\/www.bilten.org\/index.php?rest_route=\/wp\/v2\/media\/23940"}],"wp:attachment":[{"href":"https:\/\/www.bilten.org\/index.php?rest_route=%2Fwp%2Fv2%2Fmedia&parent=23939"}],"wp:term":[{"taxonomy":"category","embeddable":true,"href":"https:\/\/www.bilten.org\/index.php?rest_route=%2Fwp%2Fv2%2Fcategories&post=23939"},{"taxonomy":"post_tag","embeddable":true,"href":"https:\/\/www.bilten.org\/index.php?rest_route=%2Fwp%2Fv2%2Ftags&post=23939"},{"taxonomy":"theme","embeddable":true,"href":"https:\/\/www.bilten.org\/index.php?rest_route=%2Fwp%2Fv2%2Ftheme&post=23939"},{"taxonomy":"country","embeddable":true,"href":"https:\/\/www.bilten.org\/index.php?rest_route=%2Fwp%2Fv2%2Fcountry&post=23939"},{"taxonomy":"articleformat","embeddable":true,"href":"https:\/\/www.bilten.org\/index.php?rest_route=%2Fwp%2Fv2%2Farticleformat&post=23939"},{"taxonomy":"author","embeddable":true,"href":"https:\/\/www.bilten.org\/index.php?rest_route=%2Fwp%2Fv2%2Fcoauthors&post=23939"}],"curies":[{"name":"wp","href":"https:\/\/api.w.org\/{rel}","templated":true}]}}