{"id":23716,"date":"2018-05-16T11:41:49","date_gmt":"2018-05-16T10:41:49","guid":{"rendered":"http:\/\/www.bilten.org\/?p=23716"},"modified":"2018-05-16T11:46:40","modified_gmt":"2018-05-16T10:46:40","slug":"borba-za-pravdu-ujedinjuje-narode","status":"publish","type":"post","link":"https:\/\/www.bilten.org\/?p=23716","title":{"rendered":"Borba za pravdu ujedinjuje narode"},"content":{"rendered":"<p>Nekoliko <a href=\"https:\/\/www.klix.ba\/vijesti\/bih\/hiljade-gradjana-u-sarajevu-trazilo-pravdu-za-dzenana-memica-i-davida-dragicevica\/180515086\" target=\"_blank\" rel=\"noopener\">tisu\u0107a gra\u0111ana<\/a> okupilo se ju\u010der na Vilsonovom \u0161etali\u0161tu u Sarajevu. Neposredan povod je bio tragi\u010dan: smrt dvaju mladi\u0107a. D\u017eenan Memi\u0107 iz Sarajeva do\u017eivio je smrtonosne povrede 7. februara 2016. godine, a preminuo tjedan dana kasnije. David Dragi\u010devi\u0107 iz Banja Luke je nestao u no\u0107i sa 17. na 18. marta ove godine, a tijelo mu je prona\u0111eno 24. marta. Ono \u0161to povezuje obojicu nesretnih mladi\u0107a su nerazja\u0161njene okolnosti njihovih smrti i opravdana sumnja da vlasti \u0161tite one koji su do tih smrti doveli.<\/p>\n<p>Tako\u0111er, borbu za pravdu i saznavanje cijele istine predvode njihovi o\u010devi: Muriz Memi\u0107 i Davor Dragi\u010devi\u0107. Memi\u0107 se ve\u0107 du\u017ee vrijeme bori protiv opstrukcija u istrazi njegova sina, dok je Dragi\u010devi\u0107eva borba u proteklih mjesec i ne\u0161to prerasla u pravi dru\u0161tveni pokret koji je uzdrmao politi\u010dku situaciju u Republici Srpskoj. No, kao \u0161to ju\u010dera\u0161nji protest u Sarajevu pokazuje, potraga za pravdom nadilazi entitetske i etni\u010dke granice. To su i o\u010devi poginulih mladi\u0107a ju\u010der poru\u010dili okupljenima.<\/p>\n<p>U svom je obra\u0107anju prosvjednicima Davor Dragi\u010devi\u0107 naglasio: &#8220;Moj sin je ubijen u centru Banja Luke. Ubice mog sina su Srbi. \u0160ta bi bilo da su druge vjere? Zlo\u010dinci i ubice nemaju ni vjeru ni naciju, imaju samo svoj interes.&#8221; Pored izgovorenih rije\u010di, sam \u010din zajedni\u010dkog okupljanja i masovna podr\u0161ka jasno daju do znanja da se ova pri\u010da ne mo\u017ee rije\u0161iti unutar etni\u010dkih rovova. A dovoljno nam o poslijeratnoj situaciji i dejtonskom ustroju BiH govori \u010dinjenica da narode u borbi za pravdu mogu ujediniti jedino roditelji ubijene djece koji vi\u0161e nemaju \u0161to za izgubiti.<\/p>\n<p>Nadajmo se da \u0107e Muriz Memi\u0107 i Davor Dragi\u010devi\u0107 uspjeti saznati tko su ubojice njihovih sinova i da \u0107e te ubojice biti pravedno ka\u017enjene. A to \u0107e mo\u0107i posti\u0107i jedino uz masovnu podr\u0161ku naroda koji ne mari za etni\u010dke razlike. Prosvjedni skup u Sarajevu je pokazao da ta podr\u0161ka postoji.<\/p>\n","protected":false},"excerpt":{"rendered":"<p>Nekoliko tisu\u0107a gra\u0111ana okupilo se ju\u010der na Vilsonovom \u0161etali\u0161tu u Sarajevu. Neposredan povod je bio tragi\u010dan: smrt dvaju mladi\u0107a. D\u017eenan Memi\u0107 iz Sarajeva do\u017eivio je smrtonosne povrede 7. februara 2016. godine, a preminuo tjedan dana kasnije. David Dragi\u010devi\u0107 iz Banja Luke je nestao u no\u0107i sa 17. na 18. marta ove godine, a tijelo mu [&hellip;]<\/p>\n","protected":false},"author":5,"featured_media":23718,"comment_status":"closed","ping_status":"closed","sticky":false,"template":"","format":"standard","meta":{"footnotes":""},"categories":[],"tags":[33],"theme":[456],"country":[35],"articleformat":[205],"coauthors":[291],"class_list":["post-23716","post","type-post","status-publish","format-standard","has-post-thumbnail","hentry","tag-protest","theme-politika","country-bih","articleformat-vijest"],"_links":{"self":[{"href":"https:\/\/www.bilten.org\/index.php?rest_route=\/wp\/v2\/posts\/23716","targetHints":{"allow":["GET"]}}],"collection":[{"href":"https:\/\/www.bilten.org\/index.php?rest_route=\/wp\/v2\/posts"}],"about":[{"href":"https:\/\/www.bilten.org\/index.php?rest_route=\/wp\/v2\/types\/post"}],"author":[{"embeddable":true,"href":"https:\/\/www.bilten.org\/index.php?rest_route=\/wp\/v2\/users\/5"}],"replies":[{"embeddable":true,"href":"https:\/\/www.bilten.org\/index.php?rest_route=%2Fwp%2Fv2%2Fcomments&post=23716"}],"version-history":[{"count":2,"href":"https:\/\/www.bilten.org\/index.php?rest_route=\/wp\/v2\/posts\/23716\/revisions"}],"predecessor-version":[{"id":23719,"href":"https:\/\/www.bilten.org\/index.php?rest_route=\/wp\/v2\/posts\/23716\/revisions\/23719"}],"wp:featuredmedia":[{"embeddable":true,"href":"https:\/\/www.bilten.org\/index.php?rest_route=\/wp\/v2\/media\/23718"}],"wp:attachment":[{"href":"https:\/\/www.bilten.org\/index.php?rest_route=%2Fwp%2Fv2%2Fmedia&parent=23716"}],"wp:term":[{"taxonomy":"category","embeddable":true,"href":"https:\/\/www.bilten.org\/index.php?rest_route=%2Fwp%2Fv2%2Fcategories&post=23716"},{"taxonomy":"post_tag","embeddable":true,"href":"https:\/\/www.bilten.org\/index.php?rest_route=%2Fwp%2Fv2%2Ftags&post=23716"},{"taxonomy":"theme","embeddable":true,"href":"https:\/\/www.bilten.org\/index.php?rest_route=%2Fwp%2Fv2%2Ftheme&post=23716"},{"taxonomy":"country","embeddable":true,"href":"https:\/\/www.bilten.org\/index.php?rest_route=%2Fwp%2Fv2%2Fcountry&post=23716"},{"taxonomy":"articleformat","embeddable":true,"href":"https:\/\/www.bilten.org\/index.php?rest_route=%2Fwp%2Fv2%2Farticleformat&post=23716"},{"taxonomy":"author","embeddable":true,"href":"https:\/\/www.bilten.org\/index.php?rest_route=%2Fwp%2Fv2%2Fcoauthors&post=23716"}],"curies":[{"name":"wp","href":"https:\/\/api.w.org\/{rel}","templated":true}]}}