{"id":23615,"date":"2018-05-09T09:46:39","date_gmt":"2018-05-09T08:46:39","guid":{"rendered":"http:\/\/www.bilten.org\/?p=23615"},"modified":"2018-05-09T10:01:44","modified_gmt":"2018-05-09T09:01:44","slug":"pobuna-sarajevskih-prosvjetnih-radnika","status":"publish","type":"post","link":"https:\/\/www.bilten.org\/?p=23615","title":{"rendered":"Pobuna sarajevskih prosvjetnih radnika"},"content":{"rendered":"<p>Vi\u0161e hiljada prosvjednih radnika iz osnovnih i srednjih \u0161kola ju\u010der se okupilo na protestnom mar\u0161u kroz centar Sarajeva. Protest, odnosno &#8220;\u0161trajk upozorenja&#8221;, se odr\u017eao unato\u010d tome \u0161to ga je kantonalna vlada ranije poku\u0161ala zaustaviti najavljuju\u0107i da \u0107e prihvatiti zahtjeve. A jedan od klju\u010dnih ti\u010de se prevelikog optere\u0107enja nastavnika administrativnim poslovima do kojeg je do\u0161lo zbog poku\u0161aja da se u \u0161kolama provedu u\u0161tede. Ministar Elvir Kazazovi\u0107 je uz smanjenje tog posla prosvjetarima obe\u0107ao i puno vi\u0161e: smanjenje broja u\u010denika po razrednom odjeljenju, uvo\u0111enje psihologa i sociologa u sve \u0161kole te &#8220;mobilni tim za inkluziju&#8221;. Velika je to \u017ertva, po\u017ealio se funkcioner koji raspola\u017ee javnim novcima, ali on bi ju bio spreman podnijeti u ime gra\u0111ana, samo sindikati nisu bili raspolo\u017eeni za dogovor.<\/p>\n<p>Prosvjetari, pak, ministru ne vjeruju. Osim mo\u017eda njegovom obe\u0107anju da &#8220;ove godine ne\u0107e raditi nikakve reforme&#8221;. Godina je izborna, pa je i najava razumna. A i politi\u010dari su ljudi kojima je lak\u0161e ne raditi nego raditi. No prosvjetari isti\u010du da se oni ne boje reformi. Dapa\u010de, oni ih i zazivaju, samo predla\u017eu reforme koje bi i\u0161le u smjeru pobolj\u0161anja obrazovanja, a ne njegovog saka\u0107enja nerazumnim rezovima. Jedan od prigovora odnosi se na poku\u0161aje vlasti da isklju\u010de nastavnike iz utvr\u0111ivanja pedago\u0161kih standarda, \u0161to vodi tome da se provode samo la\u017ene reforme na papiru, a ne one po mjeri u\u010denika i njihovih u\u010ditelja, tvrde u sindikatu. Rastere\u0107enje od nepotrebnog gradiva i prilago\u0111avanje gradiva jedan je od uvjeta pobolj\u0161anja obrazovanja, drugi je naravno adekvatan tretman nastavnika koji to obrazovanje trebaju i provesti.<\/p>\n<p>To pak nisu zahtjevi koje se mo\u017ee vatrogasno &#8220;prihvatiti&#8221; ve\u010der prije, ve\u0107 proces koji bi zahtijevao potpunu promjenu na\u010dina na koji vlasti do\u017eivljavaju, a onda i rade svoj posao u upravljanju javnim stvarima, uklju\u010duju\u0107i i obrazovanje. A takvu je promjenu izgleda te\u0161ko o\u010dekivati u zemlji u kojoj je ve\u0107 mjesecima klju\u010dno vanjskopoliti\u010dko i unutarnjopoliti\u010dko pitanje podjela fotelja izme\u0111u SDA i HDZ BiH kroz novi izborni zakon.<\/p>\n","protected":false},"excerpt":{"rendered":"<p>Vi\u0161e hiljada prosvjednih radnika iz osnovnih i srednjih \u0161kola ju\u010der se okupilo na protestnom mar\u0161u kroz centar Sarajeva. Protest, odnosno &#8220;\u0161trajk upozorenja&#8221;, se odr\u017eao unato\u010d tome \u0161to ga je kantonalna vlada ranije poku\u0161ala zaustaviti najavljuju\u0107i da \u0107e prihvatiti zahtjeve&#8230;<\/p>\n","protected":false},"author":10,"featured_media":23616,"comment_status":"closed","ping_status":"closed","sticky":false,"template":"","format":"standard","meta":{"footnotes":""},"categories":[],"tags":[33],"theme":[456],"country":[35],"articleformat":[205],"coauthors":[26],"class_list":["post-23615","post","type-post","status-publish","format-standard","has-post-thumbnail","hentry","tag-protest","theme-politika","country-bih","articleformat-vijest"],"_links":{"self":[{"href":"https:\/\/www.bilten.org\/index.php?rest_route=\/wp\/v2\/posts\/23615","targetHints":{"allow":["GET"]}}],"collection":[{"href":"https:\/\/www.bilten.org\/index.php?rest_route=\/wp\/v2\/posts"}],"about":[{"href":"https:\/\/www.bilten.org\/index.php?rest_route=\/wp\/v2\/types\/post"}],"author":[{"embeddable":true,"href":"https:\/\/www.bilten.org\/index.php?rest_route=\/wp\/v2\/users\/10"}],"replies":[{"embeddable":true,"href":"https:\/\/www.bilten.org\/index.php?rest_route=%2Fwp%2Fv2%2Fcomments&post=23615"}],"version-history":[{"count":3,"href":"https:\/\/www.bilten.org\/index.php?rest_route=\/wp\/v2\/posts\/23615\/revisions"}],"predecessor-version":[{"id":23619,"href":"https:\/\/www.bilten.org\/index.php?rest_route=\/wp\/v2\/posts\/23615\/revisions\/23619"}],"wp:featuredmedia":[{"embeddable":true,"href":"https:\/\/www.bilten.org\/index.php?rest_route=\/wp\/v2\/media\/23616"}],"wp:attachment":[{"href":"https:\/\/www.bilten.org\/index.php?rest_route=%2Fwp%2Fv2%2Fmedia&parent=23615"}],"wp:term":[{"taxonomy":"category","embeddable":true,"href":"https:\/\/www.bilten.org\/index.php?rest_route=%2Fwp%2Fv2%2Fcategories&post=23615"},{"taxonomy":"post_tag","embeddable":true,"href":"https:\/\/www.bilten.org\/index.php?rest_route=%2Fwp%2Fv2%2Ftags&post=23615"},{"taxonomy":"theme","embeddable":true,"href":"https:\/\/www.bilten.org\/index.php?rest_route=%2Fwp%2Fv2%2Ftheme&post=23615"},{"taxonomy":"country","embeddable":true,"href":"https:\/\/www.bilten.org\/index.php?rest_route=%2Fwp%2Fv2%2Fcountry&post=23615"},{"taxonomy":"articleformat","embeddable":true,"href":"https:\/\/www.bilten.org\/index.php?rest_route=%2Fwp%2Fv2%2Farticleformat&post=23615"},{"taxonomy":"author","embeddable":true,"href":"https:\/\/www.bilten.org\/index.php?rest_route=%2Fwp%2Fv2%2Fcoauthors&post=23615"}],"curies":[{"name":"wp","href":"https:\/\/api.w.org\/{rel}","templated":true}]}}