{"id":23517,"date":"2018-04-27T08:00:42","date_gmt":"2018-04-27T07:00:42","guid":{"rendered":"http:\/\/www.bilten.org\/?p=23517"},"modified":"2018-04-26T21:57:35","modified_gmt":"2018-04-26T20:57:35","slug":"ni-cvijece-nije-nevino","status":"publish","type":"post","link":"https:\/\/www.bilten.org\/?p=23517","title":{"rendered":"Komunisti\u010dka zavjera komunalnog poduze\u0107a"},"content":{"rendered":"<p>Ni\u0161ta ne mo\u017ee promaknuti bri\u017enom oku boraca protiv komunizma u Hrvatskoj. Izvje\u017ebano je to oko itekako. A kako i ne bi bilo kad ga situacija prisiljava na to. Komunista nigdje nema, a zapravo su svugdje. Treba ih prepoznati. Nema ih u ekonomiji, ali tu je uvijek dr\u017eava koja je svojom ekonomskom ulogom uvijek na rubu komunizma. Nema ih ni u politici, ali su zato tu &#8220;lijeve udruge&#8221; koje uvijek koketiraju s komunizmom. Nema ih ni u kulturi, ali tu su uvijek Frlji\u0107eve provokacije. Nema ih ni u hortikulturi, ali tu je komunalno poduze\u0107e iz Vodica.<\/p>\n<p>\u0160to je sumnjivo s njima osim \u0161to je &#8220;komunalno&#8221; etimolo\u0161ki blizu &#8220;komunisti\u010dkog&#8221;? Kako izvje\u0161tava lokalni portal <a href=\"http:\/\/www.infovodice.com\/aktualno\/10112-za-jedne-cvijet-za-druge-zvijezda-petokraka-novi-nasad-cvijeca-uznemirio-pojedine-gradane.html\" target=\"_blank\" rel=\"noopener\">Infovodice<\/a>, tamo\u0161nja komunalna tvrtka Le\u0107 d.o.o. je nakon sanacije sustava odvodnje oborinskih voda uredila nasade ispred zgrade stare op\u0107ine. Na tom se mjestu, prije sanacije, nalazio se cvije\u0107em oblikovani hrvatski grb. Komunalci su to odlu\u010dili promijeniti i istim na\u010dinom oblikovati cvijet begonije, ina\u010de sredi\u0161nji dio logotipa tamo\u0161nje Turisti\u010dke zajednice. Na\u017ealost, begonija ima pet latica.<\/p>\n<p>To nije promaknulo lokalnim braniteljima koji su u navodnoj slu\u010dajnosti &#8211; \u010dinjenici da cvijet begonije ima pet latica &#8211; vidjeli jugokomunisti\u010dku zavjeru. Naime, begonija je zapravo petokraka. Odmah su pozvali na uzbunu i zatra\u017eili uklanjanje nasada. Kako iz Grada nisu promptno reagirali, jedan od branitelja je naprosto pregazio nasade svojim kamionom. Gradona\u010delnica Nelka Tomi\u0107 je kratko prokomentirala da su latice oble, a krakovi petokrake \u0161iljasti. No, to nije dovoljno uvjerljivo. Direktor komunalnog poduze\u0107a Stanko Birin je ponovio da je posrijedi logo Turisti\u010dke zajednice i izrazio \u017ealjenje \u0161to branitelji nisu sa\u010dekali da cvije\u0107e izraste jer bi onda vidjeli da su latice begonije naran\u010daste, a ne crvene boje kao omra\u017eena petokraka.<\/p>\n<p>Ostaje za vidjeti za koji simbol \u0107e se komunalci odlu\u010diti u novom oblikovanju nasada. Ina\u010de, kako navodi <a href=\"http:\/\/www.novilist.hr\/Vijesti\/Hrvatska\/BRANITELJIMA-SE-UKAZALA-PETOKRAKA-U-begonijama-prepoznali-petokraku-pa-zgazili-cvjetnjak-kamionom?meta_refresh=true\" target=\"_blank\" rel=\"noopener\">Novi list<\/a>, nije petokraka oduvijek bila omra\u017eena u Vodicama. U Narodnooslobodila\u010dkoj borbi je sudjelovalo 1.428 Vodi\u010dana od tada\u0161njih 3.300 stanovnika. Simbol pod kojem su se borili odavno je nepo\u017eeljan, ali ni najpesimisti\u010dniji vjerojatno nisu slutili da \u0107e postati sredi\u0161nji dio zapleta na tragu poetike Ante Tomi\u0107a.<\/p>\n","protected":false},"excerpt":{"rendered":"<p>Ni\u0161ta ne mo\u017ee promaknuti bri\u017enom oku boraca protiv komunizma u Hrvatskoj. Izvje\u017ebano je to oko itekako. A kako i ne bi bilo kad ga situacija prisiljava na to. Komunista nigdje nema, a zapravo su svugdje. Treba ih prepoznati. Nema ih u ekonomiji, ali tu je uvijek dr\u017eava koja je svojom ekonomskom ulogom uvijek na rubu [&hellip;]<\/p>\n","protected":false},"author":5,"featured_media":23519,"comment_status":"closed","ping_status":"closed","sticky":false,"template":"","format":"standard","meta":{"footnotes":""},"categories":[],"tags":[103],"theme":[456],"country":[38],"articleformat":[205],"coauthors":[291],"class_list":["post-23517","post","type-post","status-publish","format-standard","has-post-thumbnail","hentry","tag-ideologija","theme-politika","country-hrvatska","articleformat-vijest"],"_links":{"self":[{"href":"https:\/\/www.bilten.org\/index.php?rest_route=\/wp\/v2\/posts\/23517","targetHints":{"allow":["GET"]}}],"collection":[{"href":"https:\/\/www.bilten.org\/index.php?rest_route=\/wp\/v2\/posts"}],"about":[{"href":"https:\/\/www.bilten.org\/index.php?rest_route=\/wp\/v2\/types\/post"}],"author":[{"embeddable":true,"href":"https:\/\/www.bilten.org\/index.php?rest_route=\/wp\/v2\/users\/5"}],"replies":[{"embeddable":true,"href":"https:\/\/www.bilten.org\/index.php?rest_route=%2Fwp%2Fv2%2Fcomments&post=23517"}],"version-history":[{"count":2,"href":"https:\/\/www.bilten.org\/index.php?rest_route=\/wp\/v2\/posts\/23517\/revisions"}],"predecessor-version":[{"id":23520,"href":"https:\/\/www.bilten.org\/index.php?rest_route=\/wp\/v2\/posts\/23517\/revisions\/23520"}],"wp:featuredmedia":[{"embeddable":true,"href":"https:\/\/www.bilten.org\/index.php?rest_route=\/wp\/v2\/media\/23519"}],"wp:attachment":[{"href":"https:\/\/www.bilten.org\/index.php?rest_route=%2Fwp%2Fv2%2Fmedia&parent=23517"}],"wp:term":[{"taxonomy":"category","embeddable":true,"href":"https:\/\/www.bilten.org\/index.php?rest_route=%2Fwp%2Fv2%2Fcategories&post=23517"},{"taxonomy":"post_tag","embeddable":true,"href":"https:\/\/www.bilten.org\/index.php?rest_route=%2Fwp%2Fv2%2Ftags&post=23517"},{"taxonomy":"theme","embeddable":true,"href":"https:\/\/www.bilten.org\/index.php?rest_route=%2Fwp%2Fv2%2Ftheme&post=23517"},{"taxonomy":"country","embeddable":true,"href":"https:\/\/www.bilten.org\/index.php?rest_route=%2Fwp%2Fv2%2Fcountry&post=23517"},{"taxonomy":"articleformat","embeddable":true,"href":"https:\/\/www.bilten.org\/index.php?rest_route=%2Fwp%2Fv2%2Farticleformat&post=23517"},{"taxonomy":"author","embeddable":true,"href":"https:\/\/www.bilten.org\/index.php?rest_route=%2Fwp%2Fv2%2Fcoauthors&post=23517"}],"curies":[{"name":"wp","href":"https:\/\/api.w.org\/{rel}","templated":true}]}}