{"id":23440,"date":"2018-04-23T10:49:19","date_gmt":"2018-04-23T09:49:19","guid":{"rendered":"http:\/\/www.bilten.org\/?p=23440"},"modified":"2018-04-23T11:22:19","modified_gmt":"2018-04-23T10:22:19","slug":"izbori-iz-zasjede","status":"publish","type":"post","link":"https:\/\/www.bilten.org\/?p=23440","title":{"rendered":"Izbori iz zasjede"},"content":{"rendered":"<p>Poku\u0161aji da se termin izbora pomakne kako bi najvi\u0161e pogodovao stranci na vlasti nisu neuobi\u010dajeni. No ono \u0161to je krajem pro\u0161log tjedna izveo turski predsjednik Recep Tayyip Erdo\u011fan svakako izlazi iz sfere sitnih manipulacijama terminom. On je izbore pomaknuo gotovo godinu i pol unaprijed. Da stvar bude gora, raspisao ih je za 24. juna ove godine, dakle za svega dva mjeseca, u poku\u0161aju da time izbaci iz igre manje-vi\u0161e sve stranke koje bi mu na izborima mogle biti konkurencija. I nije pritom rije\u010d samo o \u010dinjenici da se ostale stranke ne\u0107e sti\u0107i pripremiti za izbore, odraditi kampanju ili odabrati kandidate za mjesta predsjednika republike i zastupnika u parlamentu, ve\u0107 i o doslovnom administrativnom onemogu\u0107avanju strankama da to u\u010dine.<\/p>\n<p>Naime, prema nekim procjenama, jedna od glavnih konkurentica Erdo\u011fanu za mjesto predsjednice republike trebala bi biti Meral Ak\u015fener, jedina kandidatkinja koja se predsjedniku mo\u017ee suprotstaviti s konzervativnih pozicija. No prema zakonu na izborima mogu sudjelovati samo stranke osnovane barem \u0161est mjeseci prije izbora. Dobra stranka (\u0130yi Parti), \u010dija je predsjednica Ak\u015fner, formalno je registrirana krajem sije\u010dnja ove godine, odnosno otprilike pet mjeseci i dvadeset i pet dana prije izbora, zbog \u010dega joj je sudjelovanje zabranjeno. Erdo\u011fanova manipulacija na kraju ipak nije uspjela, jer se Dobra stranka zasad uspjela zaobi\u0107i zabranu kroz dogovor s liberalno-nacionalisti\u010dkom opozicijom, koja im je &#8220;posudila&#8221; 15 zastupnika i time omogu\u0107ila automatsku kandidaturu.<\/p>\n<p><strong>Eliminacija konkurencije<\/strong><\/p>\n<p>No to zapravo i nije prvi put da je re\u017eim nastojao eliminirati Ak\u015fner. Ona je naime ranije bila \u010dlanica nacionalisti\u010dke stranke koju je u me\u0111uvremenu &#8220;progutala&#8221; stranka predsjednika Erdo\u011fana nakon procesa u kojem su ignorirana sva pravila unutarstrana\u010dke demokracije. Nakon obra\u010duna sa svojim ranijim saveznikom Fethullahom G\u00fclenom, Erdo\u011fan \u2013 \u010dini se\u00a0\u2013 nastoji iz stroja izbaciti svaku mogu\u0107u opoziciju zdesna. Proces preuzimanja svih nacionalisti\u010dkih i islamisti\u010dkih stranaka dosad je imao mje\u0161ovite rezultate, no borba nije ni blizu gotova, a postupak brojanja glasova gotovo sigurno ne\u0107e biti po\u0161ten i pravedan, barem ako je suditi po iskustvu pro\u0161logodi\u0161njeg referenduma i naglim promjenama zakona uvedenima uo\u010di ovih izbora.<\/p>\n<p>Nije slu\u010dajno da se Erdo\u011fan prije svega boji konkurencije zdesna. Njegova Stranka pravde i razvoja (AKP) je davne 2003. godine do\u0161la na vlast obe\u0107aju\u0107i demokratske promjene i pobolj\u0161anje odnosa s kurdskom manjinom. U me\u0111uvremenu je uspostavila sustav represije koji u ovoj zemlji manjkavih ljudskih prava nije vi\u0111en jo\u0161 od vojnog udara 1980. godine, a usput je izvela i \u010ditav niz ratnih zlo\u010dina i etni\u010dkih \u010di\u0161\u0107enja kurdskog stanovni\u0161tva ne samo u Turskoj, ve\u0107 i u susjednoj Siriji i Iraku. S obzirom na to, Erdo\u011fan ra\u010duna da je jedini na\u010din da se o\u010duva na vlasti taj da ostvari potpuni monopol nad \u0161ovinisti\u010dki i islamisti\u010dki orijentiranim dijelovima bira\u010dkog tijela. No za to mu je va\u017eno da mu tu nitko ne konkurira.<\/p>\n<p>Osim toga, unato\u010d progonu g\u00fclenista, desnica je zapravo jo\u0161 jedina tolerirana opozicija. Dok se za poku\u0161aj izbacivanja Ak\u015fner iz igre re\u017eim morao poslu\u017eiti administrativnim smicalicama, eliminacija kandidata jedine demokratske i ne\u0161ovinisti\u010dke stranke (Narodne demokratske stranke, HDP) bila je puno jednostavnija. Prvo su njezina supredsjednica i supredsjednik, kao i petina njezinih zastupnika, strpani u zatvor. A onda je uo\u010di ovih izbora podignuta i optu\u017enica protiv ve\u0107ine njezinih funkcionera, uklju\u010duju\u0107i i novo vodstvo. Optu\u017enice su dakako groteskne i vrlo otvoreno politi\u010dki motivirane, ali sasvim dovoljne da prakti\u010dki onemogu\u0107e jedinu stranku predanu demokraciji i ljudskim pravima da se uop\u0107e i natje\u010de.<\/p>\n","protected":false},"excerpt":{"rendered":"<p>Poku\u0161aji da se termin izbora pomakne kako bi najvi\u0161e pogodovao stranci na vlasti nisu neuobi\u010dajeni. No ono \u0161to je krajem pro\u0161log tjedna izveo turski predsjednik Recep Tayyip Erdo\u011fan svakako izlazi iz sfere sitnih manipulacijama terminom. On je izbore pomaknuo gotovo..<\/p>\n","protected":false},"author":10,"featured_media":23441,"comment_status":"closed","ping_status":"closed","sticky":false,"template":"","format":"standard","meta":{"footnotes":""},"categories":[],"tags":[12,234],"theme":[456],"country":[],"articleformat":[205],"coauthors":[26],"class_list":["post-23440","post","type-post","status-publish","format-standard","has-post-thumbnail","hentry","tag-izbori","tag-turska","theme-politika","articleformat-vijest"],"_links":{"self":[{"href":"https:\/\/www.bilten.org\/index.php?rest_route=\/wp\/v2\/posts\/23440","targetHints":{"allow":["GET"]}}],"collection":[{"href":"https:\/\/www.bilten.org\/index.php?rest_route=\/wp\/v2\/posts"}],"about":[{"href":"https:\/\/www.bilten.org\/index.php?rest_route=\/wp\/v2\/types\/post"}],"author":[{"embeddable":true,"href":"https:\/\/www.bilten.org\/index.php?rest_route=\/wp\/v2\/users\/10"}],"replies":[{"embeddable":true,"href":"https:\/\/www.bilten.org\/index.php?rest_route=%2Fwp%2Fv2%2Fcomments&post=23440"}],"version-history":[{"count":5,"href":"https:\/\/www.bilten.org\/index.php?rest_route=\/wp\/v2\/posts\/23440\/revisions"}],"predecessor-version":[{"id":23447,"href":"https:\/\/www.bilten.org\/index.php?rest_route=\/wp\/v2\/posts\/23440\/revisions\/23447"}],"wp:featuredmedia":[{"embeddable":true,"href":"https:\/\/www.bilten.org\/index.php?rest_route=\/wp\/v2\/media\/23441"}],"wp:attachment":[{"href":"https:\/\/www.bilten.org\/index.php?rest_route=%2Fwp%2Fv2%2Fmedia&parent=23440"}],"wp:term":[{"taxonomy":"category","embeddable":true,"href":"https:\/\/www.bilten.org\/index.php?rest_route=%2Fwp%2Fv2%2Fcategories&post=23440"},{"taxonomy":"post_tag","embeddable":true,"href":"https:\/\/www.bilten.org\/index.php?rest_route=%2Fwp%2Fv2%2Ftags&post=23440"},{"taxonomy":"theme","embeddable":true,"href":"https:\/\/www.bilten.org\/index.php?rest_route=%2Fwp%2Fv2%2Ftheme&post=23440"},{"taxonomy":"country","embeddable":true,"href":"https:\/\/www.bilten.org\/index.php?rest_route=%2Fwp%2Fv2%2Fcountry&post=23440"},{"taxonomy":"articleformat","embeddable":true,"href":"https:\/\/www.bilten.org\/index.php?rest_route=%2Fwp%2Fv2%2Farticleformat&post=23440"},{"taxonomy":"author","embeddable":true,"href":"https:\/\/www.bilten.org\/index.php?rest_route=%2Fwp%2Fv2%2Fcoauthors&post=23440"}],"curies":[{"name":"wp","href":"https:\/\/api.w.org\/{rel}","templated":true}]}}