{"id":23336,"date":"2018-04-13T11:29:13","date_gmt":"2018-04-13T10:29:13","guid":{"rendered":"http:\/\/www.bilten.org\/?p=23336"},"modified":"2018-04-13T11:37:42","modified_gmt":"2018-04-13T10:37:42","slug":"ljudska-prava-za-kralja","status":"publish","type":"post","link":"https:\/\/www.bilten.org\/?p=23336","title":{"rendered":"Ljudska prava za &#8220;cara&#8221;"},"content":{"rendered":"<p>Europski sud za ljudska prava u Strasbourgu ju\u010der je prihvatio <a href=\"http:\/\/www.balkaninsight.com\/en\/article\/echr-to-look-into-bulgarian-ex-king-simeon-sakskoburggotski-s-property-complaints-04-12-2018\" target=\"_blank\" rel=\"noopener\">dvije zanimljive \u017ealbe<\/a>. Naime, biv\u0161i bugarski &#8220;car&#8221;, a i premijer u razdoblju od 2001. do 2005. godine, Simeon Sakskoburggotski, zajedno sa svojom &#8220;carskom&#8221; obitelji, tra\u017ei od Suda pomo\u0107 u povratu &#8220;carske&#8221; imovine koja je bila nacionalizirana 1946. godine. Sud je, dakle, prihvatio dva slu\u010daja, odnosno dvije sporne nekretnine, jedno lova\u010dko podru\u010dje i jednu pala\u010du, kao vrijedne preispitivanja. \u017dalbu za tre\u0107i posjed su odbili s obrazlo\u017eenjem da su bugarski sudovi solidno argumentirali protiv povrata.<\/p>\n<p>Izlo\u017eimo malo nedavnu politi\u010dku povijest slu\u010daja. &#8220;Carska&#8221; obitelj je u periodu od 1999. do 2004. dobila sve posjede nazad putem Zakona o restituciji iz 1992. godine, osim ovoga \u010diji je povrat odbio i Sud u Strasbourgu. No, nakon \u0161to je 2008. godine pala koalicijska vlada koja je uklju\u010divala i &#8220;carevu&#8221; stranku, stvari su krenule po zlu. Novi sastav parlamenta, predvo\u0111en GERB-ovom ve\u0107inom, uveo je moratorij na komercijalnu upotrebu i prodaju sve imovine koja je vra\u0107ena &#8220;carskoj&#8221; obitelji. Taj je moratorij jo\u0161 na snazi i Sakskoburggotski ga \u017eeli oboriti u Strasbourgu.<\/p>\n<p>A dotaknimo se sada i \u0161ire politi\u010dke povijesti slu\u010daja. Dakle, obitelj tra\u017ei nazad imovinu i posjede koje su stekli u periodu monarhije. Svatko \u0107e se manje-vi\u0161e slo\u017eiti s ocjenom da u monarhijama ba\u0161 i nisu zajam\u010dena brojna ljudska prava. I to upravo zbog &#8220;prava&#8221; monarha i njegove obitelji. Nakon pada monarhije na vlast dolaze komunisti i oduzimaju imovinu i posjede caru i obitelji oslanjaju\u0107i se, izme\u0111u ostaloga, upravo na \u010dinjenicu da je obitelj tu imovinu stekla nau\u0161trb ljudskih prava i blagostanja gra\u0111ana. I onda padne komunizam i do\u0111e: demokracija.<\/p>\n<p>I u toj demokraciji postoje sudovi, kao na primjer onaj za ljudska prava u Strasbourgu, koji kao relevantan slu\u010daj za razmatranje uzima onaj o povratu imovine &#8220;carskoj&#8221; obitelji koja je tu imovinu stekla u sustavu koji po definiciji ne po\u0161tuje ljudska prava. Valjda ra\u010dunaju na to da je komunizam bio gori za ljudski prava od monarhije pa da to iskupljuje svako vlasni\u010dko pravo.<\/p>\n","protected":false},"excerpt":{"rendered":"<p>Europski sud za ljudska prava u Strasbourgu ju\u010der je prihvatio dvije zanimljive \u017ealbe. Naime, biv\u0161i bugarski &#8220;car&#8221;, a i premijer u razdoblju od 2001. do 2005. godine, Simeon Sakskoburggotski, zajedno sa svojom &#8220;carskom&#8221; obitelji, tra\u017ei od Suda pomo\u0107 u povratu &#8220;carske&#8221; imovine koja je bila nacionalizirana 1946. godine. Sud je, dakle, prihvatio dva slu\u010daja, odnosno [&hellip;]<\/p>\n","protected":false},"author":5,"featured_media":23338,"comment_status":"closed","ping_status":"closed","sticky":false,"template":"","format":"standard","meta":{"footnotes":""},"categories":[],"tags":[],"theme":[],"country":[48],"articleformat":[205],"coauthors":[291],"class_list":["post-23336","post","type-post","status-publish","format-standard","has-post-thumbnail","hentry","country-bugarska","articleformat-vijest"],"_links":{"self":[{"href":"https:\/\/www.bilten.org\/index.php?rest_route=\/wp\/v2\/posts\/23336","targetHints":{"allow":["GET"]}}],"collection":[{"href":"https:\/\/www.bilten.org\/index.php?rest_route=\/wp\/v2\/posts"}],"about":[{"href":"https:\/\/www.bilten.org\/index.php?rest_route=\/wp\/v2\/types\/post"}],"author":[{"embeddable":true,"href":"https:\/\/www.bilten.org\/index.php?rest_route=\/wp\/v2\/users\/5"}],"replies":[{"embeddable":true,"href":"https:\/\/www.bilten.org\/index.php?rest_route=%2Fwp%2Fv2%2Fcomments&post=23336"}],"version-history":[{"count":2,"href":"https:\/\/www.bilten.org\/index.php?rest_route=\/wp\/v2\/posts\/23336\/revisions"}],"predecessor-version":[{"id":23339,"href":"https:\/\/www.bilten.org\/index.php?rest_route=\/wp\/v2\/posts\/23336\/revisions\/23339"}],"wp:featuredmedia":[{"embeddable":true,"href":"https:\/\/www.bilten.org\/index.php?rest_route=\/wp\/v2\/media\/23338"}],"wp:attachment":[{"href":"https:\/\/www.bilten.org\/index.php?rest_route=%2Fwp%2Fv2%2Fmedia&parent=23336"}],"wp:term":[{"taxonomy":"category","embeddable":true,"href":"https:\/\/www.bilten.org\/index.php?rest_route=%2Fwp%2Fv2%2Fcategories&post=23336"},{"taxonomy":"post_tag","embeddable":true,"href":"https:\/\/www.bilten.org\/index.php?rest_route=%2Fwp%2Fv2%2Ftags&post=23336"},{"taxonomy":"theme","embeddable":true,"href":"https:\/\/www.bilten.org\/index.php?rest_route=%2Fwp%2Fv2%2Ftheme&post=23336"},{"taxonomy":"country","embeddable":true,"href":"https:\/\/www.bilten.org\/index.php?rest_route=%2Fwp%2Fv2%2Fcountry&post=23336"},{"taxonomy":"articleformat","embeddable":true,"href":"https:\/\/www.bilten.org\/index.php?rest_route=%2Fwp%2Fv2%2Farticleformat&post=23336"},{"taxonomy":"author","embeddable":true,"href":"https:\/\/www.bilten.org\/index.php?rest_route=%2Fwp%2Fv2%2Fcoauthors&post=23336"}],"curies":[{"name":"wp","href":"https:\/\/api.w.org\/{rel}","templated":true}]}}