{"id":23291,"date":"2018-04-11T08:00:50","date_gmt":"2018-04-11T07:00:50","guid":{"rendered":"http:\/\/www.bilten.org\/?p=23291"},"modified":"2018-04-11T10:14:04","modified_gmt":"2018-04-11T09:14:04","slug":"zivot-bez-struje","status":"publish","type":"post","link":"https:\/\/www.bilten.org\/?p=23291","title":{"rendered":"\u017divot bez struje"},"content":{"rendered":"<p>Prema <a href=\"http:\/\/www.tiranatimes.com\/?p=135985\" target=\"_blank\" rel=\"noopener\">podacima<\/a> ekolo\u0161ke udruge EDEN, \u010dak dvije tre\u0107ine albanskih ku\u0107anstava ima problema s pla\u0107anjem ra\u010duna za struju te je prisiljena provoditi razli\u010dite mjere u\u0161tede tog energenta. Osobito se to odnosi na zimske mjesece, \u0161to jasno pokazuje da se \u0161tednja provodi mahom na \u2013 grijanju. Stoga udruga, ali i pojedine me\u0111unarodne institucije poput Svjetske banke, zaklju\u010duju kako ve\u0107inu albanskog stanovni\u0161tva zahva\u0107a fenomen tzv. energetskog siroma\u0161tva. Udio ku\u0107nog bud\u017eeta koji se tro\u0161i na struju penje se povremeno i na preko 30%. Iznos socijalne pomo\u0107i (koju prima 80 tisu\u0107a obitelji) nerijetko je manji od mjese\u010dnog ra\u010duna za struju.<\/p>\n<p>Brojke ne \u010dude, jer je Albanija zemlja s najmanjom minimalnom pla\u0107om i prosje\u010dnim primanjima me\u0111u zemljama regije (oko 180 eura). Istodobno, cijena elektri\u010dne energije vi\u0161a je nego u Srbiji, BiH i Crnoj Gori ili na Kosovu. Stvar je tim bizarnija, jer je Albanija jedna od rijetkih zemalja koja zadovoljava sve svoje energetske potrebe \u2013 izme\u0111u ostalog i one za strujom \u2013 iz doma\u0107ih izvora, primarno hidroelektrana. Dapa\u010de, njezine rijeke vrlo su privla\u010dne stranim investitorima koji na njima \u2013 uz veliku dr\u017eavnu subvenciju \u2013 grade nekoliko novih elektrana za izvoz struje (uz povremene <a href=\"http:\/\/www.bilten.org\/?p=20361\" target=\"_blank\" rel=\"noopener\">prosvjede<\/a> lokalnog stanovni\u0161tva).<\/p>\n<p><strong>Represivna &#8220;reforma&#8221;<\/strong><\/p>\n<p>No potro\u0161nja je vrlo neravnomjerno raspore\u0111ena. Najbogatija ku\u0107anstva tro\u0161e otprilike devet puta vi\u0161e neko siroma\u0161na. To pokazuje kako je osnovni uzrok niske potro\u0161nje kod siroma\u0161nih nemogu\u0107nost pla\u0107anja struje. Osobito otkad je 2014. vlada provela kampanju pokaznog <a href=\"http:\/\/www.bilten.org\/?p=3926\" target=\"_blank\" rel=\"noopener\">ka\u017enjavanja<\/a> onih koji su se ilegalno priklju\u010dili na struju te isklju\u010divanja neplati\u0161a, brojne albanske obitelji prisiljene su potpuno odustati od kori\u0161tenja struje i osloniti se na svije\u0107e za rasvjetu i drvo za ogrjev. No nije problem samo s ku\u0107anstvima. Ugro\u017eene su i brojne javne institucije, poput bolnica i \u0161kola. Tre\u0107ina njih ima ozbiljnih problema s instalacijama, izolacijom i energijom.<\/p>\n<p>Iako je represivna &#8220;reforma&#8221; u naplati struje pravdana potrebom za \u0161tednjom i racionalno\u0161\u0107u u javnoj potro\u0161nji, nedostatak struje za rasvjetu, kuhanje i grijanje ima ozbiljne posljedice za zdravlje i kvalitetu stanovni\u0161tva, \u0161to dakako pove\u0107ava javne izdatke. Paradoksalno, jedan od motiva stro\u017ee kontrole naplate struje bila je obaveza pove\u0107anja efikasnosti kori\u0161tenja energije koja je dio pristupnih pregovora za \u010dlanstvo u EU. No u pobolj\u0161anje izolacije i infrastrukture nije ulo\u017eeno gotovo ni\u0161ta, javna sredstva poklonjena su privatnim tvrtkama koje se bave izvozom struje, a ve\u0107ina doma\u0107eg stanovni\u0161tva nema osiguran stalni pristup tom energentu.<\/p>\n","protected":false},"excerpt":{"rendered":"<p>Prema podacima ekolo\u0161ke udruge EDEN, \u010dak dvije tre\u0107ine albanskih ku\u0107anstava ima problema s pla\u0107anjem ra\u010duna za struju te je prisiljena provoditi razli\u010dite mjere u\u0161tede tog energenta. Osobito se to odnosi na zimske mjesece, \u0161to jasno pokazuje da se \u0161tednja provodi mahom na \u2013 grijanju&#8230;<\/p>\n","protected":false},"author":10,"featured_media":23293,"comment_status":"closed","ping_status":"closed","sticky":false,"template":"","format":"standard","meta":{"footnotes":""},"categories":[],"tags":[128],"theme":[457],"country":[65],"articleformat":[205],"coauthors":[26],"class_list":["post-23291","post","type-post","status-publish","format-standard","has-post-thumbnail","hentry","tag-energetika","theme-klima","country-albanija","articleformat-vijest"],"_links":{"self":[{"href":"https:\/\/www.bilten.org\/index.php?rest_route=\/wp\/v2\/posts\/23291","targetHints":{"allow":["GET"]}}],"collection":[{"href":"https:\/\/www.bilten.org\/index.php?rest_route=\/wp\/v2\/posts"}],"about":[{"href":"https:\/\/www.bilten.org\/index.php?rest_route=\/wp\/v2\/types\/post"}],"author":[{"embeddable":true,"href":"https:\/\/www.bilten.org\/index.php?rest_route=\/wp\/v2\/users\/10"}],"replies":[{"embeddable":true,"href":"https:\/\/www.bilten.org\/index.php?rest_route=%2Fwp%2Fv2%2Fcomments&post=23291"}],"version-history":[{"count":3,"href":"https:\/\/www.bilten.org\/index.php?rest_route=\/wp\/v2\/posts\/23291\/revisions"}],"predecessor-version":[{"id":23308,"href":"https:\/\/www.bilten.org\/index.php?rest_route=\/wp\/v2\/posts\/23291\/revisions\/23308"}],"wp:featuredmedia":[{"embeddable":true,"href":"https:\/\/www.bilten.org\/index.php?rest_route=\/wp\/v2\/media\/23293"}],"wp:attachment":[{"href":"https:\/\/www.bilten.org\/index.php?rest_route=%2Fwp%2Fv2%2Fmedia&parent=23291"}],"wp:term":[{"taxonomy":"category","embeddable":true,"href":"https:\/\/www.bilten.org\/index.php?rest_route=%2Fwp%2Fv2%2Fcategories&post=23291"},{"taxonomy":"post_tag","embeddable":true,"href":"https:\/\/www.bilten.org\/index.php?rest_route=%2Fwp%2Fv2%2Ftags&post=23291"},{"taxonomy":"theme","embeddable":true,"href":"https:\/\/www.bilten.org\/index.php?rest_route=%2Fwp%2Fv2%2Ftheme&post=23291"},{"taxonomy":"country","embeddable":true,"href":"https:\/\/www.bilten.org\/index.php?rest_route=%2Fwp%2Fv2%2Fcountry&post=23291"},{"taxonomy":"articleformat","embeddable":true,"href":"https:\/\/www.bilten.org\/index.php?rest_route=%2Fwp%2Fv2%2Farticleformat&post=23291"},{"taxonomy":"author","embeddable":true,"href":"https:\/\/www.bilten.org\/index.php?rest_route=%2Fwp%2Fv2%2Fcoauthors&post=23291"}],"curies":[{"name":"wp","href":"https:\/\/api.w.org\/{rel}","templated":true}]}}