{"id":23260,"date":"2018-04-09T10:45:36","date_gmt":"2018-04-09T09:45:36","guid":{"rendered":"http:\/\/www.bilten.org\/?p=23260"},"modified":"2018-04-09T10:47:37","modified_gmt":"2018-04-09T09:47:37","slug":"ekstremna-desnica-tiha-vecina","status":"publish","type":"post","link":"https:\/\/www.bilten.org\/?p=23260","title":{"rendered":"Ekstremna desnica, tiha ve\u0107ina"},"content":{"rendered":"<p>Dugi redovi ispred bira\u010dkih mjesta \u2013 kakvi su ju\u010der <a href=\"https:\/\/hungarytoday.hu\/elections-2018-high-turnout-long-queues-at-the-polling-stations\/\" target=\"_blank\" rel=\"noopener\">zabilje\u017eeni<\/a> u Ma\u0111arskoj \u2013 relativno su rijetka pojava, osobito u Isto\u010dnoj Europi. U ovom je dijelu svijeta po\u010detnu euforiju zbog uvo\u0111enja vi\u0161estrana\u010dja brzo zamijenila bira\u010dka apatija, pa se izlaznost posljednjih desetlje\u0107a survala ponegdje na ispod 50% bira\u010da (kao u Poljskoj, Rumunjskoj ili Albaniji) ili se kre\u0107e do maksimalno 60%, kao u ve\u0107ini drugih zemalja. Interes za izbore na Istoku nije samo znatno manji nego na Zapadu, nego se i gotovo svugdje smanjuje kako se te zemlje navodno europeiziraju i vesterniziraju. U tom su smislu redovi ispred ma\u0111arskih birali\u0161ta iznimka koju treba zamijetiti.<\/p>\n<p>Iako izlaznost nije prema\u0161ila mr\u0161avih 70%, ipak je najvi\u0161a jo\u0161 od 1994. godine. Takav je interes ostavio la\u017ean dojam \u017eelje za promjenom, jer su jutro\u0161nji rezultati jasno pokazali kako je gotovo polovica bira\u010da <a href=\"https:\/\/444.hu\/valasztas2018\" target=\"_blank\" rel=\"noopener\">podr\u0161ku<\/a> dala vladaju\u0107em Fideszu premijera Viktora Orb\u00e1na. Dapa\u010de, potpora vladaju\u0107ima je u odnosu na pro\u0161le izbore narasla, \u0161to im je ponovno dalo dvotre\u0107insku ve\u0107inu u parlamentu, dok je utjecaj opozicije dodatno opao. Pogotovo se to odnosi na liberale koji sada ne uspijevaju dobiti potporu ni \u010detvrtine bira\u010da, iako su jo\u0161 do prije desetak godina suvereno vladali. Ni vi\u0161emjese\u010dni dogovori oko neformalnih koalicija izme\u0111u posva\u0111anih liberalnih stran\u010dica nisu puno pomogli.<\/p>\n<p><strong>Bez socijalnog programa<\/strong><\/p>\n<p>Op\u0107enito govore\u0107i, te su stranke postale gotovo marginalne svugdje osim u centru Budimpe\u0161te gdje jo\u0161 mogu konkurirati Fideszu. Tako je, pored vladaju\u0107e stranke ekstremne desnice, klju\u010dna opozicijska stranka postao jo\u0161 ekstremnije desni <a href=\"http:\/\/www.bilten.org\/?p=21429\" target=\"_blank\" rel=\"noopener\">Jobbik<\/a>, kojem su posljednjih godina prebjegli neki od ranijih Orb\u00e1novih <a href=\"http:\/\/www.bilten.org\/?p=19177\" target=\"_blank\" rel=\"noopener\">tajkuna<\/a>. No \u010dak ni to nije ugrozilo potpunu dominaciju Fidesza. I nije rije\u010d samo o parlamentarnoj hegemoniji. Uo\u010di ovih izbora, sve su stranke \u2013 uklju\u010duju\u0107i i novu urbanu &#8220;zelenu ljevicu&#8221;, nastalu na nezadovoljstvu starijim liberalnim strankama \u2013 zapravo pristale na neki tip <em><a href=\"http:\/\/www.bilten.org\/?p=22330\" target=\"_blank\" rel=\"noopener\">orbanizma<\/a><\/em>, uglavnom osu\u0111uju\u0107i &#8220;migrantsku invaziju&#8221;.<\/p>\n<p>U borbi protiv Fidesza, opozicijske stranke nastoje preuzeti njegovu rasisti\u010dku retoriku, dok je u ekonomskim i socijalnim pitanjima najpametnije \u010dega se mogu <a href=\"https:\/\/visegradpost.com\/en\/2018\/04\/06\/peter-marki-zay-my-hope-would-be-for-a-technocrat-government\/\" target=\"_blank\" rel=\"noopener\">domisliti<\/a> \u2013 tehnokratska vlada. Istovremeno, Fidesz svoju popularnost \u010dini se temelji primarno na svojim <a href=\"http:\/\/www.criticatac.ro\/lefteast\/the-economics-of-orbanism\/\" target=\"_blank\" rel=\"noopener\">ekonomskim<\/a> &#8220;uspjesima&#8221;. Nakon ekonomskog kraha za vrijeme posljednje liberalne vlade, nezaposlenost je sada <a href=\"http:\/\/hungarytoday.hu\/jobless-rate-in-hungary-stands-at-3-8\/\" target=\"_blank\" rel=\"noopener\">pala<\/a> na manje od 5%. Oporavak je bio vrlo neravnomjeran i njime su se okoristili primarno Orb\u00e1novi tajkuni. No \u010dak je su i minimalni uzmaci od ranije antisocijalne politike bili dovoljni da kupe veliku lojalnost ma\u0111arskih bira\u010da.<\/p>\n<p>Tu\u017ena je \u010dinjenica da nakon vi\u0161e od desetlje\u0107a ni lokalni liberali ni europski birokrati \u2013 koji \u010desto kritiziraju Orb\u00e1nov rasizam i autoritarnost \u2013 nisu uspjeli osmisliti socijalniji program, takav koji bi Ma\u0111arima ponudio barem ne\u0161to vi\u0161e od Orb\u00e1novih mrvica.<\/p>\n","protected":false},"excerpt":{"rendered":"<p>Dugi redovi ispred bira\u010dkih mjesta \u2013 kakvi su ju\u010der zabilje\u017eeni u Ma\u0111arskoj \u2013 relativno su rijetka pojava, osobito u Isto\u010dnoj Europi. U ovom je dijelu svijeta po\u010detnu euforiju zbog uvo\u0111enja vi\u0161estrana\u010dja brzo zamijenila bira\u010dka apatija, pa se izlaznost posljednjih desetlje\u0107a survala ponegdje&#8230;<\/p>\n","protected":false},"author":10,"featured_media":23261,"comment_status":"closed","ping_status":"closed","sticky":false,"template":"","format":"standard","meta":{"footnotes":""},"categories":[],"tags":[12,287],"theme":[456],"country":[],"articleformat":[205],"coauthors":[26],"class_list":["post-23260","post","type-post","status-publish","format-standard","has-post-thumbnail","hentry","tag-izbori","tag-madarska","theme-politika","articleformat-vijest"],"_links":{"self":[{"href":"https:\/\/www.bilten.org\/index.php?rest_route=\/wp\/v2\/posts\/23260","targetHints":{"allow":["GET"]}}],"collection":[{"href":"https:\/\/www.bilten.org\/index.php?rest_route=\/wp\/v2\/posts"}],"about":[{"href":"https:\/\/www.bilten.org\/index.php?rest_route=\/wp\/v2\/types\/post"}],"author":[{"embeddable":true,"href":"https:\/\/www.bilten.org\/index.php?rest_route=\/wp\/v2\/users\/10"}],"replies":[{"embeddable":true,"href":"https:\/\/www.bilten.org\/index.php?rest_route=%2Fwp%2Fv2%2Fcomments&post=23260"}],"version-history":[{"count":2,"href":"https:\/\/www.bilten.org\/index.php?rest_route=\/wp\/v2\/posts\/23260\/revisions"}],"predecessor-version":[{"id":23263,"href":"https:\/\/www.bilten.org\/index.php?rest_route=\/wp\/v2\/posts\/23260\/revisions\/23263"}],"wp:featuredmedia":[{"embeddable":true,"href":"https:\/\/www.bilten.org\/index.php?rest_route=\/wp\/v2\/media\/23261"}],"wp:attachment":[{"href":"https:\/\/www.bilten.org\/index.php?rest_route=%2Fwp%2Fv2%2Fmedia&parent=23260"}],"wp:term":[{"taxonomy":"category","embeddable":true,"href":"https:\/\/www.bilten.org\/index.php?rest_route=%2Fwp%2Fv2%2Fcategories&post=23260"},{"taxonomy":"post_tag","embeddable":true,"href":"https:\/\/www.bilten.org\/index.php?rest_route=%2Fwp%2Fv2%2Ftags&post=23260"},{"taxonomy":"theme","embeddable":true,"href":"https:\/\/www.bilten.org\/index.php?rest_route=%2Fwp%2Fv2%2Ftheme&post=23260"},{"taxonomy":"country","embeddable":true,"href":"https:\/\/www.bilten.org\/index.php?rest_route=%2Fwp%2Fv2%2Fcountry&post=23260"},{"taxonomy":"articleformat","embeddable":true,"href":"https:\/\/www.bilten.org\/index.php?rest_route=%2Fwp%2Fv2%2Farticleformat&post=23260"},{"taxonomy":"author","embeddable":true,"href":"https:\/\/www.bilten.org\/index.php?rest_route=%2Fwp%2Fv2%2Fcoauthors&post=23260"}],"curies":[{"name":"wp","href":"https:\/\/api.w.org\/{rel}","templated":true}]}}