{"id":23150,"date":"2018-03-30T10:37:30","date_gmt":"2018-03-30T09:37:30","guid":{"rendered":"http:\/\/www.bilten.org\/?p=23150"},"modified":"2018-03-30T10:48:07","modified_gmt":"2018-03-30T09:48:07","slug":"sifra-zovi-erdogana","status":"publish","type":"post","link":"https:\/\/www.bilten.org\/?p=23150","title":{"rendered":"\u0160ifra: zovi Erdo\u011fana"},"content":{"rendered":"<p>Uloga tzv. vanjskog faktora nezaobilazna je stavka u me\u0111usobnim igricama mo\u0107i balkanskih dr\u017eavnika posljednjih tridesetak godina. Prije svega se to odnosi na EU i SAD, kao tobo\u017ee neutralne faktore, ali prisutne su i &#8220;tradicionalne&#8221; veze poput one Srbije i Rusije. Uspje\u0161nije pozicioniranje spram mo\u0107nih sila predstavljalo je uvijek korisnu polugu u kom\u0161ijskim obra\u010dunima. No, sve izra\u017eenija geopoliti\u010dka dezorijentiranost ili neu\u010dinkovitost klju\u010dnih sila pridonijele se slabljenju uobi\u010dajenih obrazaca.<\/p>\n<p>Posljednjih se mjeseci kao faktor stabilnosti i neutralni arbitar u sporovima na Balkanu etablirao ni manje ni vi\u0161e nego turski predsjednik <a href=\"http:\/\/www.bilten.org\/?p=22568\" target=\"_blank\" rel=\"noopener\">Recep Tayyip Erdo\u011fan<\/a>. I to u maniri strpljivog i dobrohotnog oca koji posreduje u sva\u0111ama nezrele dje\u010dice. A svako dijete se \u017eeli pokazati zrelijim u odnosu na bra\u0107u i sestre. Jesenas je tako hrvatska predsjednica Kolinda Grabar Kitarovi\u0107 na sastanku u Istanbulu zatra\u017eila\u00a0Erdo\u011fanov anga\u017eman oko novog izbornog zakona u BiH. Na to je turski predsjednik odmah zvao Bakira Izetbegovi\u0107a da njih troje sve to zajedno prokomentiraju i usklade smjer pregovora.<\/p>\n<p>Nakon <a href=\"http:\/\/www.bilten.org\/?p=23078\" target=\"_blank\" rel=\"noopener\">ovotjednog incident<\/a>a na Kosovu,\u00a0Erdo\u011fana je odmah nazvao srpski predsjednik Aleksandar Vu\u010di\u0107 kako bi se po\u017ealio na postupke slu\u017ebene Pri\u0161tine.\u00a0Erdo\u011fan je poru\u010dio Vu\u010di\u0107u i posredno kolegi mu Thaciju da se svi problemi i sporovi na Kosovu mogu i moraju rje\u0161avati mirnim putem. S Kosova su mu, da ne zaostaju za Vu\u010di\u0107em, ve\u0107 odgovorili <a href=\"http:\/\/www.balkaninsight.com\/en\/article\/kosovo-arrests-directors-of-turkish-school-03-29-2018\" target=\"_blank\" rel=\"noopener\">hap\u0161enjem &#8220;gulenista&#8221;<\/a>. I doista, mogu i moraju se sporovi rje\u0161avati mirnim putem, ali te\u0161ko da taj savjet zvu\u010di uvjerljivo iz usta turskog predsjednika. Autoritarni progonitelj opozicije koji svoju zemlju dr\u017ei u stanju stalno tinjaju\u0107eg gra\u0111anskog rata i okupira sjever Sirije u svrhu obra\u010duna s Kurdima, ne mo\u017ee ba\u0161 figurirati kao vjesnik stabilnosti i mira.<\/p>\n<p>Naravno, na\u0161im balkanskim dr\u017eavnicima ti aspekti\u00a0Erdo\u011fanove politike nimalo ne smetaju. Me\u0111utim, valja postaviti pitanje: govori li nova\u00a0Erdo\u011fanova uloga vi\u0161e o neozbiljnosti tih obra\u010duna u koje intervenira ili o njihovoj potpunoj nepredvidivosti? Vjerojatno i jedno i drugo. A najvi\u0161e govori o potpunoj politi\u010dkoj redikulizaciji ovda\u0161njih elita. Tko zna, kako je krenulo, mo\u017eda ga Zaev i Cipras nazovu s ponudom da smisli novo ime Makedoniji.<\/p>\n","protected":false},"excerpt":{"rendered":"<p>Uloga tzv. vanjskog faktora nezaobilazna je stavka u me\u0111usobnim igricama mo\u0107i balkanskih dr\u017eavnika posljednjih tridesetak godina. Prije svega se to odnosi na EU i SAD, kao tobo\u017ee neutralne faktore, ali prisutne su i &#8220;tradicionalne&#8221; veze poput one Srbije i Rusije. Uspje\u0161nije pozicioniranje spram mo\u0107nih sila predstavljalo je uvijek korisnu polugu u kom\u0161ijskim obra\u010dunima. No, sve [&hellip;]<\/p>\n","protected":false},"author":5,"featured_media":23156,"comment_status":"closed","ping_status":"closed","sticky":false,"template":"","format":"standard","meta":{"footnotes":""},"categories":[],"tags":[234],"theme":[],"country":[35,38,124,11],"articleformat":[205],"coauthors":[291],"class_list":["post-23150","post","type-post","status-publish","format-standard","has-post-thumbnail","hentry","tag-turska","country-bih","country-hrvatska","country-kosovo","country-srbija","articleformat-vijest"],"_links":{"self":[{"href":"https:\/\/www.bilten.org\/index.php?rest_route=\/wp\/v2\/posts\/23150","targetHints":{"allow":["GET"]}}],"collection":[{"href":"https:\/\/www.bilten.org\/index.php?rest_route=\/wp\/v2\/posts"}],"about":[{"href":"https:\/\/www.bilten.org\/index.php?rest_route=\/wp\/v2\/types\/post"}],"author":[{"embeddable":true,"href":"https:\/\/www.bilten.org\/index.php?rest_route=\/wp\/v2\/users\/5"}],"replies":[{"embeddable":true,"href":"https:\/\/www.bilten.org\/index.php?rest_route=%2Fwp%2Fv2%2Fcomments&post=23150"}],"version-history":[{"count":4,"href":"https:\/\/www.bilten.org\/index.php?rest_route=\/wp\/v2\/posts\/23150\/revisions"}],"predecessor-version":[{"id":23154,"href":"https:\/\/www.bilten.org\/index.php?rest_route=\/wp\/v2\/posts\/23150\/revisions\/23154"}],"wp:featuredmedia":[{"embeddable":true,"href":"https:\/\/www.bilten.org\/index.php?rest_route=\/wp\/v2\/media\/23156"}],"wp:attachment":[{"href":"https:\/\/www.bilten.org\/index.php?rest_route=%2Fwp%2Fv2%2Fmedia&parent=23150"}],"wp:term":[{"taxonomy":"category","embeddable":true,"href":"https:\/\/www.bilten.org\/index.php?rest_route=%2Fwp%2Fv2%2Fcategories&post=23150"},{"taxonomy":"post_tag","embeddable":true,"href":"https:\/\/www.bilten.org\/index.php?rest_route=%2Fwp%2Fv2%2Ftags&post=23150"},{"taxonomy":"theme","embeddable":true,"href":"https:\/\/www.bilten.org\/index.php?rest_route=%2Fwp%2Fv2%2Ftheme&post=23150"},{"taxonomy":"country","embeddable":true,"href":"https:\/\/www.bilten.org\/index.php?rest_route=%2Fwp%2Fv2%2Fcountry&post=23150"},{"taxonomy":"articleformat","embeddable":true,"href":"https:\/\/www.bilten.org\/index.php?rest_route=%2Fwp%2Fv2%2Farticleformat&post=23150"},{"taxonomy":"author","embeddable":true,"href":"https:\/\/www.bilten.org\/index.php?rest_route=%2Fwp%2Fv2%2Fcoauthors&post=23150"}],"curies":[{"name":"wp","href":"https:\/\/api.w.org\/{rel}","templated":true}]}}