{"id":23078,"date":"2018-03-27T13:09:39","date_gmt":"2018-03-27T12:09:39","guid":{"rendered":"http:\/\/www.bilten.org\/?p=23078"},"modified":"2018-03-29T08:43:46","modified_gmt":"2018-03-29T07:43:46","slug":"sranje-na-kosovu","status":"publish","type":"post","link":"https:\/\/www.bilten.org\/?p=23078","title":{"rendered":"Sranje na Kosovu"},"content":{"rendered":"<p>Stanje na Kosovu i dalje se nije vratilo u normalu, makar onu kosovsku, a kako stvari stoje niti ne\u0107e tako brzo. Upravo u trenutku pisanja ove vijesti <a href=\"http:\/\/www.tanjug.rs\/full-view.aspx?izb=397550\" target=\"_blank\" rel=\"noopener\">Tanjug<\/a> je potvrdio ju\u010dera\u0161nje glasine: Srpska lista iz\u0161la je iz vlade Kosova i <a href=\"http:\/\/prishtinainsight.com\/srpska-lista-leaves-kosovo-government\/\" target=\"_blank\" rel=\"noopener\">sru\u0161ila parlamentarnu ve\u0107inu<\/a>. Srbija je danas dodatno zao\u0161trila odnose potvrdiv\u0161i da se 20. aprila ide u jednostrano osnivanje Zajednice (10 ve\u0107inski) srpskih op\u0107ina na Kosovu.<\/p>\n<p>U selu Rudare, u kojem \u017eive Srbi, na sjeveru Kosova, stanovnici blokiraju promet na magistralnom putu Zve\u010dan \u2013 Kosovska Mitrovica. Izvanredna situacija razvila se ju\u010der nakon \u0161to je kosovska policija uhitila predstojnika Kancelarije za Kosovo i Metohiju srpske vlade, Marka \u0110uri\u0107a. Slu\u017ebeni razlog uhi\u0107enja je ulazak na Kosovo bez prethodno izdane dozvole.<\/p>\n<p>Naime, nakon jo\u0161 jednog kruga propalih pregovora izme\u0111u Srbije i Kosova koji se vodio pro\u0161li tjedan u Bruxellesu, situacija pomalo <a href=\"http:\/\/www.dw.com\/hr\/srbija-i-kosovo-daleko-od-normalizacije-odnosa\/a-43114446\" target=\"_blank\" rel=\"noopener\">izmi\u010de kontroli<\/a>. Dok EU u skladu s ograni\u010denjem svojih diplomatskih sposobnosti i sklono\u0161\u0107u zavaravanja javnosti hvali predanost obiju strana pregovorima i predvi\u0111a velike uspjehe, iz balkanske perspektive stvar o\u010dito izgleda malo druga\u010dije. Krunski dokaz tome je i ju\u010dera\u0161nji incident \u010dije se politi\u010dke i dru\u0161tvene posljedice jo\u0161 uvijek razvijaju.<\/p>\n<p>Pregovori u Bruxellesu se jednostavno ne mi\u010du, ma \u0161to govorila EU. Nakon vi\u0161e od pola godine, Ramu\u0161 Haradinaj i Aleksandar Vu\u010di\u0107 susreli su se pro\u0161log tjedna u Bruxellesu, no bez ikakvih rezultata: Srbija nije priznala Kosovo, a Kosovo nije omogu\u0107ilo stvaranje autonomnog udru\u017eenja srpskih op\u0107ina boje\u0107i se jo\u0161 jedne enklave u drugim dr\u017eavama poput Republike Srpske u BiH. O normalizaciji odnosa stoga nema ni govora, zaklju\u010duju brojni mediji, a jedini koji smatraju suprotno su dakako delegati Europske unije.<\/p>\n<p><strong>Svakoga dana u svakom pogledu&#8230;<\/strong><\/p>\n<p>Za o\u010dekivati je stoga da je ju\u010dera\u0161nje nasilje u Kosovskoj Mitrovici najvi\u0161e \u0161okiralo ba\u0161 Europsku uniju, jer lokalce svakako nije. Nakon briselskog sastanka Vu\u010di\u0107 u doma\u0107im medijima nije krio svoje nezadovoljstvo te je kazao &#8220;gotovo 1.800 dana \u0161est glavnih to\u010daka Briselskog sporazuma nije ni dirnuto, a to ne mo\u017ee biti samo krivica Albanaca, to je potpisala i Europska unija&#8221;. Kako pi\u0161e B92 Vu\u010di\u0107 je bio posebno revoltiran izjavom premijera Kosova Ramu\u0161a Haradinaja, \u010diju je poruku kako &#8220;nije stigao prou\u010diti dogovor o formiranju Asocijacije srpskih op\u0107ina&#8221;, nazvao &#8220;uvredom za zdrav razum i uvredom za Srbiju&#8221;. Na tu uvredu Vu\u010di\u0107, koji i ina\u010de vidi uvrede kamo god pogleda, kazao je kako \u0107e Beograd &#8220;samostalno formirati Zajednicu srpskih op\u0107ina&#8221; i otvoreno se oglu\u0161iti o zabranu koju su kosovske vlasti izdale kada je u pitanju posjeta visokih srpskih du\u017enosnika srpskim enklavama na Kosovu, tako\u0111er pi\u0161e B92.<\/p>\n<p>Stoga nas odluka kosovske policije da sprije\u010di ulazak u dr\u017eavu kao prvo srpskog ministra kulture koji je trebao obi\u0107i pravoslavne manastire, pa potom delegacije u kojoj je bio i Aleksandar Vulin te u kona\u010dnici Mraka \u0110uri\u0107a ne iznena\u0111uje. Postupak dolaska ovih delegacija obi\u010dno se svodi na najave srpske vlade, \u0161to se i ovoga puta dogodilo. Na prvu najavu nisu dobili potvrdu ulaska, a na drugu je kosovska strana izdala odbijenicu. Usprkos tome, srpski su delegati odlu\u010dili u\u0107i u Kosovo.<\/p>\n<p>Danas, vi\u0161e od 24 sata od po\u010detka incidenta i niti tjedan dana od posljednjeg neuspjelog sastanka sukobljenih strana, zatvaraju se prometnice, podi\u017eu barikade, prednja\u010di ratnohu\u0161ka\u010dka retorika, a ponavljanja Europske unije kako je sve u redu i kako su svi predani rje\u0161enju situacije zvu\u010de poput <a href=\"https:\/\/www.youtube.com\/watch?v=_X4x78j5cSk\" target=\"_blank\" rel=\"noopener\">tragikomi\u010dne re\u010denice<\/a> iz filma &#8220;Sje\u0107a\u0161 li se Dolly Bell&#8221;: &#8220;Svakoga dana u svakom pogledu sve vi\u0161e napredujem&#8221;. Razvoj situacije mo\u017eete detaljnije pratiti na B92 i Balkan Insight. \u0160to se vlade na Kosovu ti\u010de, mogu\u0107a je ona nacionalnog spasa oformljena me\u0111u albanskim strankama, ili novi izbori&#8230;<\/p>\n","protected":false},"excerpt":{"rendered":"<p>Stanje na Kosovu i dalje se nije vratilo u normalu, makar onu kosovsku, a kako stvari stoje niti ne\u0107e tako brzo. Upravo u trenutku pisanja ove vijesti Tanjug je potvrdio ju\u010dera\u0161nje glasine: Srpska lista iz\u0161la je iz vlade Kosova i sru\u0161ila parlamentarnu ve\u0107inu. Srbija je danas dodatno zao\u0161trila odnose potvrdiv\u0161i da se 20. aprila ide [&hellip;]<\/p>\n","protected":false},"author":4,"featured_media":23079,"comment_status":"closed","ping_status":"closed","sticky":false,"template":"","format":"standard","meta":{"footnotes":""},"categories":[],"tags":[],"theme":[],"country":[124],"articleformat":[205],"coauthors":[289],"class_list":["post-23078","post","type-post","status-publish","format-standard","has-post-thumbnail","hentry","country-kosovo","articleformat-vijest"],"_links":{"self":[{"href":"https:\/\/www.bilten.org\/index.php?rest_route=\/wp\/v2\/posts\/23078","targetHints":{"allow":["GET"]}}],"collection":[{"href":"https:\/\/www.bilten.org\/index.php?rest_route=\/wp\/v2\/posts"}],"about":[{"href":"https:\/\/www.bilten.org\/index.php?rest_route=\/wp\/v2\/types\/post"}],"author":[{"embeddable":true,"href":"https:\/\/www.bilten.org\/index.php?rest_route=\/wp\/v2\/users\/4"}],"replies":[{"embeddable":true,"href":"https:\/\/www.bilten.org\/index.php?rest_route=%2Fwp%2Fv2%2Fcomments&post=23078"}],"version-history":[{"count":6,"href":"https:\/\/www.bilten.org\/index.php?rest_route=\/wp\/v2\/posts\/23078\/revisions"}],"predecessor-version":[{"id":23127,"href":"https:\/\/www.bilten.org\/index.php?rest_route=\/wp\/v2\/posts\/23078\/revisions\/23127"}],"wp:featuredmedia":[{"embeddable":true,"href":"https:\/\/www.bilten.org\/index.php?rest_route=\/wp\/v2\/media\/23079"}],"wp:attachment":[{"href":"https:\/\/www.bilten.org\/index.php?rest_route=%2Fwp%2Fv2%2Fmedia&parent=23078"}],"wp:term":[{"taxonomy":"category","embeddable":true,"href":"https:\/\/www.bilten.org\/index.php?rest_route=%2Fwp%2Fv2%2Fcategories&post=23078"},{"taxonomy":"post_tag","embeddable":true,"href":"https:\/\/www.bilten.org\/index.php?rest_route=%2Fwp%2Fv2%2Ftags&post=23078"},{"taxonomy":"theme","embeddable":true,"href":"https:\/\/www.bilten.org\/index.php?rest_route=%2Fwp%2Fv2%2Ftheme&post=23078"},{"taxonomy":"country","embeddable":true,"href":"https:\/\/www.bilten.org\/index.php?rest_route=%2Fwp%2Fv2%2Fcountry&post=23078"},{"taxonomy":"articleformat","embeddable":true,"href":"https:\/\/www.bilten.org\/index.php?rest_route=%2Fwp%2Fv2%2Farticleformat&post=23078"},{"taxonomy":"author","embeddable":true,"href":"https:\/\/www.bilten.org\/index.php?rest_route=%2Fwp%2Fv2%2Fcoauthors&post=23078"}],"curies":[{"name":"wp","href":"https:\/\/api.w.org\/{rel}","templated":true}]}}