{"id":23047,"date":"2018-03-27T07:00:42","date_gmt":"2018-03-27T06:00:42","guid":{"rendered":"http:\/\/www.bilten.org\/?p=23047"},"modified":"2018-03-26T11:06:18","modified_gmt":"2018-03-26T10:06:18","slug":"crni-dani-za-poljakinje","status":"publish","type":"post","link":"https:\/\/www.bilten.org\/?p=23047","title":{"rendered":"Crni dani za Poljakinje"},"content":{"rendered":"<p><span style=\"font-weight: 400;\">Pro\u0161log se petka u velikim poljskim gradovima odr\u017eavao &#8220;Crni petak&#8221;, prosvjed protiv postro\u017eavanja zakona o poba\u010daju. Prema procjeni gradskih vlasti, samo u Var\u0161avi okupilo se 55.000 prosvjednika (policijska procjena, nimalo iznena\u0111uju\u0107e, bila je znatno ni\u017ea, oko 20.000). Za vrijeme protesta, dok su deseci tisu\u0107a ljudi prolazili gradom, dr\u017eavna televizija, TVP, i drugi vlastima bliski <\/span><a href=\"https:\/\/oko.press\/pikieta-kilku-tysiecy-zwolenniczek-zabijania-dzieci-wiadomosci-tvp-odjechaly-zarazily-sie-jezykiem-fanatykow\/\" target=\"_blank\" rel=\"noopener\"><span style=\"font-weight: 400;\">mediji<\/span><\/a><span style=\"font-weight: 400;\"> govorili su o &#8220;tisu\u0107ama prista\u0161a ubijanja nero\u0111ene djece&#8221;, a poku\u0161ali su dati i \u0161to vi\u0161e prostora kontraprosvjedu, \u00a0&#8220;Bijelom petku&#8221;, mar\u0161u &#8220;u obranu \u017eivota&#8221;. Ta kontra-manifestacija svjedeno je pro\u0161la nezapa\u017eeno, \u0161to ne iznena\u0111uje s obzirom na \u010dinjenicu da poo\u0161travanje antiaborcijskog zakona podr\u017eava tek desetak posto stanovni\u0161tva.<\/span><\/p>\n<p><span style=\"font-weight: 400;\">&#8220;Crni petak&#8221; samo je jedan od protestnih doga\u0111aja, \u010diji je niz (&#8220;<a href=\"https:\/\/www.theguardian.com\/world\/2016\/oct\/05\/polish-government-performs-u-turn-on-total-abortion-ban\" target=\"_blank\" rel=\"noopener\">Crni ponedjeljak<\/a>&#8220;, &#8220;<a href=\"https:\/\/www.eurotopics.net\/en\/187125\/protest-on-poland-s-black-tuesday\" target=\"_blank\" rel=\"noopener\">Crni utorak<\/a>&#8220;) zapo\u010deo 2016. godine nakon \u0161to je vlada konzervativnog PiS-a poku\u0161ala uvesti totalnu zabranu abortusa. Nakon ogromnog odaziva na prvi &#8220;crni&#8221; protest, u oktobru 2016., poljska je vlada morala odustati od tog nauma. Ipak, 2018. godina donosi jo\u0161 povoda za prosvjede. Prije tjedan dana dostavljena je pozitivna ocjena parlamentarnog odbora za pravosu\u0111e i ljudska prava prijedloga gra\u0111anske &#8220;pro-life&#8221; inicijative &#8220;Stop abortusu&#8221; kojim se \u017eeli promijeniti zakon o abortusu iz 1993. Taj je zakon ionako jedan od najstro\u017eih u Europi jer je abortus dozvoljen u samo tri slu\u010daja: kada su zdravlje i\/ili \u017eivot \u017eene ugro\u017eeni, kada je do za\u010de\u0107a do\u0161lo silovanjem ili incestom i u slu\u010daju malformacije fetusa. Sada se predla\u017ee ukidanje potonje odredbe. <\/span><\/p>\n<p><span style=\"font-weight: 400;\"><strong>&#8220;Pro-life&#8221; i pro-business<\/strong> <\/span><\/p>\n<p><span style=\"font-weight: 400;\">Takva izmjena prakti\u010dki bi zna\u010dila totalnu zabranu poba\u010daja u Poljskoj. Naime, 95 posto legalnih poba\u010daja obavlja se zbog deformiranosti i neizlje\u010divih bolesti ploda. Tako je i lider vladaju\u0107e stranke, Jaros\u0142aw Kaczy\u0144ski nedavno najavio nastavak borbe protiv poba\u010daja izjavljuju\u0107i da \u0107e poticati ra\u0111anje neovisno o ishodu, \u010dak i samo &#8220;kako bi dijete bilo kr\u0161teno, pokopano i kako bi imalo ime&#8221;. Jedino \u0161to bi nesretnice koje se na\u0111u u takvoj situaciji mogle dobiti je jednokratna pomo\u0107 od 4.000 zlota &#8211; svi ostali obe\u0107ani benefiti, primjerice bolja i br\u017ea <\/span><a href=\"http:\/\/wyborcza.pl\/7,75398,22249722,za-zyciem-nieuleczalnie-chore-dzieci-bez-kolejki-tylko-w.html\"><span style=\"font-weight: 400;\">medicinska usluga<\/span><\/a><span style=\"font-weight: 400;\">, zapravo su mrtvo slovo na papru, jer poljske bolnice ne posjeduju kapacitete za to. Da ne govorimo o mjerama poput psiholo\u0161ke pomo\u0107i roditeljima koji bi se trebali nositi sa stresnim \u017eivotnim situacijama o kojima je progovorio, o\u010digledno s previ\u0161e non\u0161alancije, lider PiS-a.<\/span><\/p>\n<p><span style=\"font-weight: 400;\">Pored toga \u0161to ni vladaju\u0107a stranka, ni navodno neovisni nositelji projekta &#8220;Stop abortusu&#8221;, ne nude sistemska rje\u0161enja kojima bi se olak\u0161alo \u017eenama koje se brinu za te\u0161ko bolesnu djecu ili djecu s posebnim potrebama, u Poljskoj se sprema novi udar na reproduktivna prava, i to unutar radnog zakonodavstva. Nadle\u017eno ministarstvo sprema novi <\/span><a href=\"https:\/\/businessinsider.com.pl\/firmy\/przepisy\/kobiety-w-ciazy-bedzie-mozna-zwolnic-nowy-kodeks-pracy\/cc3g38m\"><span style=\"font-weight: 400;\">Zakon o radu<\/span><\/a><span style=\"font-weight: 400;\">, prema kojem \u0107e se ukinuti zabrana otpu\u0161tanja trudnica koje su zaposlene na zamjeni ili onih koje rade u poduze\u0107u s manje od 10 zaposlenih, a takvih poduze\u0107a ima preko dva milijuna. Znamo li da kompenzaciju za ove diskriminatorne mjere predstavljaju dr\u017eavne naknade koje se od 2016. godine ispla\u0107uju obiteljima koje imaju barem dvoje djece, jasno je da poljska vlada \u017eene vidi isklju\u010divo kao majke i ku\u0107anice.<\/span><\/p>\n","protected":false},"excerpt":{"rendered":"<p>Pro\u0161log se petka u velikim poljskim gradovima odr\u017eavao &#8220;Crni petak&#8221;, prosvjed protiv postro\u017eavanja zakona o poba\u010daju. Prema procjeni gradskih vlasti, samo u Var\u0161avi okupilo se 55.000 prosvjednika (policijska procjena, nimalo iznena\u0111uju\u0107e, bila je znatno ni\u017ea, oko 20.000). Za vrijeme protesta, dok su deseci tisu\u0107a ljudi prolazili gradom, dr\u017eavna televizija, TVP, i drugi vlastima bliski mediji [&hellip;]<\/p>\n","protected":false},"author":7,"featured_media":23048,"comment_status":"closed","ping_status":"closed","sticky":false,"template":"","format":"standard","meta":{"footnotes":""},"categories":[],"tags":[174,286],"theme":[458],"country":[],"articleformat":[205],"coauthors":[302],"class_list":["post-23047","post","type-post","status-publish","format-standard","has-post-thumbnail","hentry","tag-feminizam","tag-poljska","theme-drustvo","articleformat-vijest"],"_links":{"self":[{"href":"https:\/\/www.bilten.org\/index.php?rest_route=\/wp\/v2\/posts\/23047","targetHints":{"allow":["GET"]}}],"collection":[{"href":"https:\/\/www.bilten.org\/index.php?rest_route=\/wp\/v2\/posts"}],"about":[{"href":"https:\/\/www.bilten.org\/index.php?rest_route=\/wp\/v2\/types\/post"}],"author":[{"embeddable":true,"href":"https:\/\/www.bilten.org\/index.php?rest_route=\/wp\/v2\/users\/7"}],"replies":[{"embeddable":true,"href":"https:\/\/www.bilten.org\/index.php?rest_route=%2Fwp%2Fv2%2Fcomments&post=23047"}],"version-history":[{"count":2,"href":"https:\/\/www.bilten.org\/index.php?rest_route=\/wp\/v2\/posts\/23047\/revisions"}],"predecessor-version":[{"id":23050,"href":"https:\/\/www.bilten.org\/index.php?rest_route=\/wp\/v2\/posts\/23047\/revisions\/23050"}],"wp:featuredmedia":[{"embeddable":true,"href":"https:\/\/www.bilten.org\/index.php?rest_route=\/wp\/v2\/media\/23048"}],"wp:attachment":[{"href":"https:\/\/www.bilten.org\/index.php?rest_route=%2Fwp%2Fv2%2Fmedia&parent=23047"}],"wp:term":[{"taxonomy":"category","embeddable":true,"href":"https:\/\/www.bilten.org\/index.php?rest_route=%2Fwp%2Fv2%2Fcategories&post=23047"},{"taxonomy":"post_tag","embeddable":true,"href":"https:\/\/www.bilten.org\/index.php?rest_route=%2Fwp%2Fv2%2Ftags&post=23047"},{"taxonomy":"theme","embeddable":true,"href":"https:\/\/www.bilten.org\/index.php?rest_route=%2Fwp%2Fv2%2Ftheme&post=23047"},{"taxonomy":"country","embeddable":true,"href":"https:\/\/www.bilten.org\/index.php?rest_route=%2Fwp%2Fv2%2Fcountry&post=23047"},{"taxonomy":"articleformat","embeddable":true,"href":"https:\/\/www.bilten.org\/index.php?rest_route=%2Fwp%2Fv2%2Farticleformat&post=23047"},{"taxonomy":"author","embeddable":true,"href":"https:\/\/www.bilten.org\/index.php?rest_route=%2Fwp%2Fv2%2Fcoauthors&post=23047"}],"curies":[{"name":"wp","href":"https:\/\/api.w.org\/{rel}","templated":true}]}}