{"id":22955,"date":"2018-03-21T08:00:49","date_gmt":"2018-03-21T07:00:49","guid":{"rendered":"http:\/\/www.bilten.org\/?p=22955"},"modified":"2021-02-25T10:55:04","modified_gmt":"2021-02-25T09:55:04","slug":"socijalisticki-mentalitet","status":"publish","type":"post","link":"https:\/\/www.bilten.org\/?p=22955","title":{"rendered":"Socijalisti\u010dki mentalitet: obja\u0161njava sve, ne zna\u010di ni\u0161ta"},"content":{"rendered":"<p><strong>Ako vam treba brzopotezno obja\u0161njenje nekog dru\u0161tvenog fenomena u Hrvatskoj najisplativije se latiti sintagme: &#8220;socijalisti\u010dki mentalitet&#8221;. U \u010demu je tajna uspjeha tog pojma? \u0160to nam govori o na\u0161im intelektualnim elitama, a \u0161to o politi\u010dkom trenutku?<\/strong><\/p>\n<p>Koga zanima to\u010dna definicija pojma &#8220;socijalisti\u010dki mentalitet&#8221;, ne treba listati doma\u0107u znanstvenu literaturu, studije iz sociologije ili antropologije: nje tamo nema. Ni konzultiranje stranih izvora ne poma\u017ee previ\u0161e. Sasvim povr\u0161nom onlajn pretragom, dodu\u0161e, termin mo\u017ee otkriti u knjizi &#8220;<a href=\"http:\/\/www.johnlbowman.com\/books\/s-i-a\/\" target=\"_blank\" rel=\"noopener\">Socijalisti\u010dka Amerika<\/a>&#8221; izvjesnog Johna L. Bowmana \u2013 autora naslova poput &#8220;Kako uspjeti u trgovini nekretninama&#8221; i &#8220;Umije\u0107e odbojka\u0161kog udarca&#8221; \u2013 koji podsje\u0107a da su Adolf Hitler, Fidel Castro i Josif Staljin, svi skupa, zapravo <a href=\"https:\/\/books.google.hr\/books?id=IodRBQAAQBAJ&amp;pg=PA188&amp;lpg=PA188&amp;dq=socialist+mentality&amp;source=bl&amp;ots=I1uBnr3cVF&amp;sig=vVVHRgBK7WzIgnLQf_wRBoEEDKw&amp;hl=en&amp;sa=X&amp;ved=0ahUKEwjRvY_91vbZAhWRK1AKHbFrBBQ4ChDoAQg5MAI#v=onepage&amp;q=socialist%20mentality&amp;f=false\" target=\"_blank\" rel=\"noopener\">proizvodi socijalisti\u010dkog mentaliteta<\/a>.<\/p>\n<p>Ili \u0107e ga pak prona\u0107i u djelu &#8220;<a href=\"https:\/\/www.amazon.com\/Surviving-Socialist-America-Advantage-Government-ebook\/dp\/B004EYUCOM\" target=\"_blank\" rel=\"noopener\">Pre\u017eivjeti socijalisti\u010dku Ameriku<\/a>&#8221; podjednako nepoznatog J.S.B. Morsea koji 2010. godine \u2013 ubrzo nakon prve izborne pobjede Baracka Obame \u2013 uspani\u010deno na listu dopisuje ime novog ameri\u010dkog predsjednika, upozoravaju\u0107i \u010ditaoce kako je krajnji, prikriveni cilj Obamine politike da socijalisti\u010dkom mentalitetu podvrgne \u010ditavu naciju. Nesretni Morse tom tezom, na\u017ealost, nije uspio zainteresirati ionako skroman krug svoje vjerne publike, pa njegovi \u010ditaniji naslovi do danas ostaju onih nekoliko bizarnih kr\u0161\u0107anskih krimi\u0107a, me\u0111u kojima vrijedi izdvojiti &#8220;Danas i u trenutku na\u0161e smrti&#8221;: pri\u010du o Mary Credence, suvremenoj verziji Djevice Marije, koja bezgre\u0161no za\u010dinje i tako &#8220;obra\u0107a naciju cinika u vjernike&#8221;&#8230;<\/p>\n<p>Da skratimo: tko kojim slu\u010dajem traga za pojmom &#8220;socijalisti\u010dkog mentaliteta&#8221;, prona\u0107i \u0107e ga daleko s one strane ruba znanosti, u grozni\u010davim paranoidnim konstrukcijama entuzijasti\u010dnih libertarijanskih lunatika, vjerskih fanatika, autora smu\u0161enih parabiblijskih trilera i priru\u010dnika o tehnici odbojka\u0161kog zakucavanja; prona\u0107i \u0107e ga u onoj pretrpanoj izdava\u010dkoj ni\u0161i kojom vladaju samouki filozofi i neprepoznati literarni talenti, na\u010delno simpati\u010dni susjedi s pogubnim vi\u0161kom slobodnog vremena, ljudi koji ve\u0107 izdaleka djeluju kao da temeljito smaraju u\u017eu i \u0161iru rodbinu na zajedni\u010dkim nedjeljnim ru\u010dkovima. Tako, barem, zavr\u0161ava internetska potraga za &#8220;socijalisti\u010dkim mentalitetom&#8221; na engleskom: ne, me\u0111utim, ako ga tra\u017eite na hrvatskom.<\/p>\n<p><strong>Cvijet doma\u0107e inteligencije<\/strong><\/p>\n<p>Ovdje je pojam me\u0111u prvima <a href=\"http:\/\/poslovnipuls.com\/2011\/02\/08\/borislav-skegro-socijalisticki-mentalitet\/\" target=\"_blank\" rel=\"noopener\">plasirao<\/a> ni manje ni vi\u0161e nego klju\u010dni \u010dovjek Vlade za ekonomska pitanja u devedesetima \u2013 notorni Borislav \u0160kegro \u2013 upitan jo\u0161 2011. da pojasni \u0161to je glavna ko\u010dnica ekonomskog razvoja dr\u017eave. Ovdje je danas njegov glavni promotor slu\u017ebeni savjetnik Predsjednice Republike Nenad Baki\u0107, koji u Hrvatskoj <a href=\"https:\/\/www.jutarnji.hr\/vijesti\/manifest-nenada-bakica-hrvati-dosta-je-krize-imamo-rast-bdp-a-uopce-nam-nije-tako-lose.-jos-samo-da-nemamo-taj-depresivni-mentalitet\/196702\/\" target=\"_blank\" rel=\"noopener\">vidi<\/a> &#8220;mo\u017eda i mentalno najsocijalisti\u010dkiju zemlju u EU&#8221;, \u010diji gra\u0111ani zbog &#8220;mentalnog naslije\u0111a socijalizma&#8221; kolektivno pate od &#8220;negative&#8221;, &#8220;ogor\u010denosti&#8221; i &#8220;zavisti&#8221;, pa im se zato \u010dini da \u017eive lo\u0161e, iako je s njihovim standardom, zapravo, sve u najboljem redu. Ovdje se na &#8220;socijalisti\u010dki mentalitet&#8221; <a href=\"http:\/\/vijesti.hrt.hr\/290536\/kusic-mi-jos-uvijek-razmisljamo-socijalisticki-svi-traze-nesto-u-ovoj-drzavi\" target=\"_blank\" rel=\"noopener\">poziva<\/a> nitko drugi do predsjednik Hrvatske akademije znanosti i umjetnosti, \u010dovjek koji bi po logici pozicije trebao ponajvi\u0161e paziti da javni prostor sa\u010duva od pseudoznanstvenih konstrukcija i papazjanija s prizvukom akademskog diskursa.<\/p>\n<p>Ovdje o &#8220;socijalisti\u010dkom mentalitetu&#8221; govore ugledni <a href=\"http:\/\/www.ncs.hr\/hr\/zasto_se_treba_veseliti_nestanku_todoriceva_carstva_dobro_je_sto_je_agrokor_propao_to_je_prilika_da_pocnemo_graditi_moderno_gospodarstvo\/12403\/7_6\" target=\"_blank\" rel=\"noopener\">profesori ekonomije<\/a>, <a href=\"https:\/\/www.jutarnji.hr\/komentari\/samoupravljanje-u-zagrebackom-kazalistu-mladih\/6990072\/\" target=\"_blank\" rel=\"noopener\">kazali\u0161ni kriti\u010dari<\/a>, nebrojeni kolumnisti, <a href=\"http:\/\/www.glas-slavonije.hr\/kolumna\/21\/4326\/Todoric-je-dokaz-da-je-kapitalizam-zao-sustav\" target=\"_blank\" rel=\"noopener\">teolozi<\/a>, <a href=\"http:\/\/www.glasistre.hr\/vijesti\/hrvatska\/juretic-u-glavama-i-radnim-navikama-imamo-socijalisticki-mentalitet-532381\" target=\"_blank\" rel=\"noopener\">ministri u Vladi<\/a>: sam cvijet doma\u0107e inteligencije i ljudi koji vode klju\u010dne institucije u analizi lokalne situacije vrlo rijetko odmaknu dalje od provjerene formule. &#8220;Socijalisti\u010dki mentalitet&#8221; je glavni odgovor na pitanje za\u0161to Hrvatska zaostaje, za\u0161to ne mo\u017eemo biti kao uspje\u0161ne zemlje: &#8220;socijalisti\u010dki mentalitet&#8221; je ono \u010dega ima &#8220;samo kod nas&#8221;, on je te\u0161ki balast pro\u0161losti kojega se \u2013 izgleda \u2013 jedino mi nismo do kraja rije\u0161ili. I ne poma\u017eu pritom trezvene komparativne analize poput one <a href=\"http:\/\/www.h-alter.org\/vijesti\/nejednakost-na-prevelikoj-cijeni\" target=\"_blank\" rel=\"noopener\">Marka Grde\u0161i\u0107a<\/a>, koji je vrlo jednostavno pokazao da se stavovi hrvatskih gra\u0111ana prema dru\u0161tvenoj nejednakosti skoro nimalo ne razlikuju od stavova u zemljama evropskog Istoka, Juga ili Sjevera.<\/p>\n<p>Ne poma\u017eu, osim da uka\u017eu na zgodnu ironiju: ako nas &#8220;socijalisti\u010dki mentalitet&#8221; zapravo ne razlikuje od ostatka svijeta, onda je, \u010dini se, jedina razlika u tome \u0161to mi o tom mentalitetu govorimo uporno i sasvim ozbiljno. Ako ne\u010deg ima &#8220;samo kod nas&#8221; \u2013 drugim rije\u010dima \u2013 onda su to vladaju\u0107i politi\u010dari, ugledni intelektualci i predsjednici akademija kojima je krajnji domet razmi\u0161ljanja pojam \u0161to je u &#8220;razvijenom svijetu&#8221; rezerviran isklju\u010divo za marginalne teoreti\u010dare zavjera, autore \u0161und-trilera i ljubitelje odbojke s filozofskim nagnu\u0107ima.<\/p>\n<p><strong>Ironijski obrat<\/strong><\/p>\n<p>Nije to, me\u0111utim, jedina ironija. Ba\u0161 kao \u0161to je Boris Buden u <a href=\"https:\/\/lupiga.com\/intervjui\/intervju-boris-buden-sto-je-manje-komunizma-to-je-vise-antikomunizma\" target=\"_blank\" rel=\"noopener\">nedavnom intervjuu<\/a> podsjetio da antikomunisti\u010dka ideologija postaje utoliko sna\u017enija ukoliko komunizma ima manje, tako i &#8220;socijalisti\u010dki mentalitet&#8221; biva to ja\u010di \u0161to je od historijskog sloma socijalizma pro\u0161lo vi\u0161e vremena: netko zajedljiviji mogao bi zaklju\u010diti da kapitalizam \u0161to smo ga prije tridesetak godina uveli i nije pretjerano efikasan sistem ako se, evo, jo\u0161 uvijek nije uspio obra\u010dunati s naslje\u0111em svoga prethodnika, koji na ovim prostorima nije trajao niti mr\u0161avih pola vijeka.<\/p>\n<p>Da stvar bude gora, upravo te\u017enja da se promijeni &#8220;socijalisti\u010dki mentalitet&#8221; nacije pedantno reproducira ono najgore \u0161to pre\u0161utno prepoznaje u biv\u0161em re\u017eimu: ideju indoktrinacije, poricanje individualne slobode mi\u0161ljenja, malu protototalitarnu \u017eelju da se oblikuje svijest mase. Napokon, zamisao mentaliteta koji nekim \u010dudom pre\u017eivljava decenijama nakon \u0161to su ukinuti socijalisti\u010dki proizvodni odnosi u svome je temelju toliko antisocijalisti\u010dka da ba\u0161 popularnost pripovijesti o &#8220;socijalisti\u010dkom mentalitetu&#8221; \u2013 u zavr\u0161nom ironijskom obratu \u2013 postaje klju\u010dnim dokazom kako socijalizma ovdje odavno nema.<\/p>\n<p>S koje god strane da se otklju\u010da, dakle, zagonetka &#8220;socijalisti\u010dkog mentaliteta&#8221; uru\u0161ava se u kr\u0161 provizornih kontradikcija. Sintagma je suvisla koliko i, recimo, &#8220;rodna ideologija&#8221;: ba\u0161 kao i &#8220;rodna ideologija&#8221;, me\u0111utim, evidentno funkcionira. Upravo zato \u0161to ne predstavlja vi\u0161e od <em>patchworka<\/em> olako skrpljenih dojmova, dovoljno je \u0161iroka da prekrije sve potrebne primjere. Najupe\u010datljiviji je vjerojatno onaj Ivice Todori\u0107a: pro\u0161lo je tek par godina otkako je Nenad Baki\u0107 <a href=\"https:\/\/poslovnipuls.com\/2013\/06\/20\/nenad-bakic-jeste-li-sada-sretni-sto-todoric-nije-kupio-podravku\/\" target=\"_blank\" rel=\"noopener\">posprdno pripisivao<\/a> kolektivni prijezir spram najve\u0107eg doma\u0107eg tajkuna socijalisti\u010dkom mentalitetu &#8220;negative&#8221; i &#8220;zavisti&#8221;, a kada se tajkun neslavno survao, Baki\u0107ev je tekst <a href=\"https:\/\/www.lupiga.com\/vijesti\/gdje-su-nestali-napisi-s-bloga-kako-je-bakic-zagovarao-da-podravka-pripadne-todoricu\" target=\"_blank\" rel=\"noopener\">misteriozno nestao<\/a>, otvoriv\u0161i prostor drugim stru\u010dnjacima da <a href=\"http:\/\/www.ncs.hr\/hr\/zasto_se_treba_veseliti_nestanku_todoriceva_carstva_dobro_je_sto_je_agrokor_propao_to_je_prilika_da_pocnemo_graditi_moderno_gospodarstvo\/12403\/7_6\" target=\"_blank\" rel=\"noopener\">iznenada spoznaju<\/a> kako je Todori\u0107ev Agrokor zapravo &#8220;nastao na kasnosocijalisti\u010dkom modelu&#8221; i uklju\u010divao &#8220;mnoge u socijalizmu razra\u0111ene patologije&#8221;. I zavist zbog Todori\u0107evog uspjeha, dakle, i glavni razlog Gazdinog debakla: nema fenomena koji nam teorija &#8220;socijalisti\u010dkog mentaliteta&#8221; elegantno ne obja\u0161njava. A ukoliko mo\u017ee protuma\u010diti ba\u0161 sve, onda je to vjerojatno zato \u0161to u osnovi ne zna\u010di ni\u0161ta.<\/p>\n<p><strong>Podmukli protivnik<\/strong><\/p>\n<p>Tajna opsesivnog insistiranja poduzetni\u010dkih, politi\u010dkih, medijskih i akademskih elita na &#8220;socijalisti\u010dkom mentalitetu&#8221;, me\u0111utim, ionako se ne krije u njegovoj znanstvenoj definiciji \u2013 koja ne postoji \u2013 niti u unutarnjoj koherentnosti, koje tako\u0111er nema: tajna je uglavnom u tajmingu. Lansiran u periodu nepovratnog iscrpljivanja posljednjih tranzicijskih iluzija, neposredno nakon \u0161to je velika globalna recesija upoznala lokalno stanovni\u0161tvo s nezgodnom navikom kapitalizma da se cikli\u010dki uru\u0161ava i malo prije nego \u0161to \u0107e lijepa evrointegracijska pri\u010da o &#8220;slobodnom kolanju ljudi&#8221; okon\u010dati na slavonskim autobusnim kolodvorima, pojam &#8220;socijalisti\u010dkog mentaliteta&#8221; ozna\u010dio je to\u010dku zamjene proigranih vanjskih ciljeva proizvodnjom skrivenih unutra\u0161njih neprijatelja.<\/p>\n<p>Pritom, ima sve osobine neophodne za konstrukciju tako podmuklog i opasnog protivnika. Sveprisutan je, ali nevidljiv; kolektivno ra\u0161iren, ali prepu\u0161ten metodolo\u0161koj magli individualne odgovornosti; perfidno oslonjen na radikalno desna naklapanja o jugokomunisti\u010dkim avetima, ali dovoljno distanciran od njih da bude prihvatljiv i pristojnim liberalima. Dok prijete\u0107i vitlaju crvenom krpom socijalizma, lokalne elite tako u osnovi samo promoviraju rudimentarne poruke poduzetni\u010dke ideologije: zamisao da su ekonomska postignu\u0107a, na kraju krajeva, tek stvar osobnoga stava i pozitivnog mi\u0161ljenja, a ujedno i krajnja mjera \u017eivotnog uspjeha.<\/p>\n<p>Perverzni \u017eanrovski kri\u017eanac petpara\u010dkog <em>self-help<\/em> priru\u010dnika i totalitarnog popisa socijalnih izroda, njihov &#8220;socijalisti\u010dki mentalitet&#8221; u ovom je trenutku \u2013 barem u Hrvatskoj \u2013 vrhunac poku\u0161aja legitimacije vladaju\u0107eg sustava. I ba\u0161 zato \u0161to predstavlja vrhunac, vrijedi zabilje\u017eiti koliko nisko padaju oni koji ga promoviraju: dok promatramo na\u0161e ugledne poduzetnike, akademike i politi\u010dke savjetnike kako propovijedaju o hvatanju priklju\u010dka s razvijenim kapitalisti\u010dkim svijetom, vidimo samo da nam kapitalizam nije donio ni\u0161ta vi\u0161e od dru\u0161tvene elite \u010dvrsto usidrene na intelektualnoj razini prosje\u010dnog ameri\u010dkog paranoi\u010dnog skribomana kojega na nedjeljnim ru\u010dkovima izbjegava \u010dak i u\u017ea rodbina.<\/p>\n","protected":false},"excerpt":{"rendered":"<p>Koga zanima to\u010dna definicija pojma &#8220;socijalisti\u010dki mentalitet&#8221;, ne treba listati doma\u0107u znanstvenu literaturu, studije iz sociologije ili antropologije&#8230;<\/p>\n","protected":false},"author":5,"featured_media":17452,"comment_status":"closed","ping_status":"closed","sticky":false,"template":"","format":"standard","meta":{"footnotes":""},"categories":[454,1],"tags":[103],"theme":[456],"country":[38],"articleformat":[450],"coauthors":[58],"class_list":["post-22955","post","type-post","status-publish","format-standard","has-post-thumbnail","hentry","category-naslovnica","category-uncategorized","tag-ideologija","theme-politika","country-hrvatska","articleformat-tema"],"_links":{"self":[{"href":"https:\/\/www.bilten.org\/index.php?rest_route=\/wp\/v2\/posts\/22955","targetHints":{"allow":["GET"]}}],"collection":[{"href":"https:\/\/www.bilten.org\/index.php?rest_route=\/wp\/v2\/posts"}],"about":[{"href":"https:\/\/www.bilten.org\/index.php?rest_route=\/wp\/v2\/types\/post"}],"author":[{"embeddable":true,"href":"https:\/\/www.bilten.org\/index.php?rest_route=\/wp\/v2\/users\/5"}],"replies":[{"embeddable":true,"href":"https:\/\/www.bilten.org\/index.php?rest_route=%2Fwp%2Fv2%2Fcomments&post=22955"}],"version-history":[{"count":6,"href":"https:\/\/www.bilten.org\/index.php?rest_route=\/wp\/v2\/posts\/22955\/revisions"}],"predecessor-version":[{"id":22966,"href":"https:\/\/www.bilten.org\/index.php?rest_route=\/wp\/v2\/posts\/22955\/revisions\/22966"}],"wp:featuredmedia":[{"embeddable":true,"href":"https:\/\/www.bilten.org\/index.php?rest_route=\/wp\/v2\/media\/17452"}],"wp:attachment":[{"href":"https:\/\/www.bilten.org\/index.php?rest_route=%2Fwp%2Fv2%2Fmedia&parent=22955"}],"wp:term":[{"taxonomy":"category","embeddable":true,"href":"https:\/\/www.bilten.org\/index.php?rest_route=%2Fwp%2Fv2%2Fcategories&post=22955"},{"taxonomy":"post_tag","embeddable":true,"href":"https:\/\/www.bilten.org\/index.php?rest_route=%2Fwp%2Fv2%2Ftags&post=22955"},{"taxonomy":"theme","embeddable":true,"href":"https:\/\/www.bilten.org\/index.php?rest_route=%2Fwp%2Fv2%2Ftheme&post=22955"},{"taxonomy":"country","embeddable":true,"href":"https:\/\/www.bilten.org\/index.php?rest_route=%2Fwp%2Fv2%2Fcountry&post=22955"},{"taxonomy":"articleformat","embeddable":true,"href":"https:\/\/www.bilten.org\/index.php?rest_route=%2Fwp%2Fv2%2Farticleformat&post=22955"},{"taxonomy":"author","embeddable":true,"href":"https:\/\/www.bilten.org\/index.php?rest_route=%2Fwp%2Fv2%2Fcoauthors&post=22955"}],"curies":[{"name":"wp","href":"https:\/\/api.w.org\/{rel}","templated":true}]}}