{"id":22809,"date":"2018-03-12T11:33:21","date_gmt":"2018-03-12T10:33:21","guid":{"rendered":"http:\/\/www.bilten.org\/?p=22809"},"modified":"2018-03-12T11:33:21","modified_gmt":"2018-03-12T10:33:21","slug":"mmf-protiv-javno-privatnih-partnerstava","status":"publish","type":"post","link":"https:\/\/www.bilten.org\/?p=22809","title":{"rendered":"MMF protiv javno-privatnih partnerstava?"},"content":{"rendered":"<p>Jens Reinke, predstavnik Me\u0111unarodnog monetarnog fonda u Albaniji, izrazio je zabrinutost zbog vladinog ambicioznog plana javno-privatnih investicija \u010dija bi vrijednost trebala iznositi \u010dak milijardu dolara. U sklopu tog projekta, vlada planira veliku izgradnju poslovno-stambenog prostora i infrastrukture, ali i pokretanje drugih projekata poput eksploatacije nafte i plina iz teritorijalnih voda. Postoje doista brojni razlozi za\u0161to projekt izaziva opravdanu zabrinutost. Npr. izgradnja u Dra\u010du uni\u0161tava arheolo\u0161ka nalazi\u0161ta u ovom gradu koji spada me\u0111u najstarije i povijesno najzanimljivije na Balkanu. U Vlori na jugu zemlje gradnja aerodroma prijeti da izazove ekolo\u0161ku katastrofu. Uz to, svi projekti ostavljaju dojam dr\u017eavnog pogodovanja privatnom investitoru. No ni jedna od tih stvari nije ono \u0161to je zapravo zabrinulo MMF.<\/p>\n<p>Naravno, me\u0111unarodna financijska organizacija poznata po nametanju &#8220;neoliberalnih&#8221; ekonomskih programa nema na\u010delno ni\u0161ta protiv ovakvih projekata. Dapa\u010de, namjera da se dr\u017eavnim sredstvima financira uvoz stranog kapitala spada upravo me\u0111u one mjere kakve je MMF navikao propisivati &#8220;zemljama u razvoju&#8221;. No \u010dini se da je Albanija uspjela ne\u0161to \u0161to se rijetko vi\u0111a: u svojim politikama pogodovanja kapitalu je, prema procjenama MMF-a, pretjerala. Daleko od toga da su u me\u0111unarodnom fondu zabrinuti za socijalne posljedice ovog programa. Kako obja\u0161njava Reinke, klju\u010dni problem je \u010dinjenica da na\u010din na koji dr\u017eava sudjeluje u projektima zapravo predstavlja bespovratni kredit investitorima (jer dr\u017eava pokriva prvi dio tro\u0161kova, a investitor se treba kasnije uklju\u010diti). Me\u0111utim, za dobar dio investicija je daleko od izvjesnog da \u0107e se strani kapital doista uklju\u010diti u predvi\u0111enom iznosu.<\/p>\n<p>To bi pak moglo dovesti od &#8220;rasta albanskog dr\u017eavnog duga&#8221; i &#8220;makroekonomskih nestabilnosti&#8221;. Osim toga, obja\u0161njava Reinke, broj odobrenih projekata o\u010dito pokazuje da ne postoji nikakav dr\u017eavni plan razvojnih prioriteta. Albanija je toliko entuzijasti\u010dna da omogu\u0107uje kapitalu da bez narud\u017ebe nudi javno-privatna partnerstva dr\u017eavi, stoga su ona prepu\u0161tena tr\u017ei\u0161nim, a ne dr\u017eavnim inicijativama. Bit \u0107e da i \u010dudesna rje\u0161enja iz MMF-ove kuhinje imaju ograni\u010denja svoje koristi. \u010cak i za kapital, a kamoli za radnike koji ostaju njihove vje\u010dne \u017ertve.<\/p>\n","protected":false},"excerpt":{"rendered":"<p>Jens Reinke, predstavnik Me\u0111unarodnog monetarnog fonda u Albaniji, izrazio je zabrinutost zbog vladinog ambicioznog plana javno-privatnih investicija \u010dija bi vrijednost trebala iznositi \u010dak milijardu dolara. U sklopu tog projekta&#8230;<\/p>\n","protected":false},"author":10,"featured_media":22810,"comment_status":"closed","ping_status":"closed","sticky":false,"template":"","format":"standard","meta":{"footnotes":""},"categories":[],"tags":[],"theme":[],"country":[65],"articleformat":[205],"coauthors":[26],"class_list":["post-22809","post","type-post","status-publish","format-standard","has-post-thumbnail","hentry","country-albanija","articleformat-vijest"],"_links":{"self":[{"href":"https:\/\/www.bilten.org\/index.php?rest_route=\/wp\/v2\/posts\/22809","targetHints":{"allow":["GET"]}}],"collection":[{"href":"https:\/\/www.bilten.org\/index.php?rest_route=\/wp\/v2\/posts"}],"about":[{"href":"https:\/\/www.bilten.org\/index.php?rest_route=\/wp\/v2\/types\/post"}],"author":[{"embeddable":true,"href":"https:\/\/www.bilten.org\/index.php?rest_route=\/wp\/v2\/users\/10"}],"replies":[{"embeddable":true,"href":"https:\/\/www.bilten.org\/index.php?rest_route=%2Fwp%2Fv2%2Fcomments&post=22809"}],"version-history":[{"count":1,"href":"https:\/\/www.bilten.org\/index.php?rest_route=\/wp\/v2\/posts\/22809\/revisions"}],"predecessor-version":[{"id":22811,"href":"https:\/\/www.bilten.org\/index.php?rest_route=\/wp\/v2\/posts\/22809\/revisions\/22811"}],"wp:featuredmedia":[{"embeddable":true,"href":"https:\/\/www.bilten.org\/index.php?rest_route=\/wp\/v2\/media\/22810"}],"wp:attachment":[{"href":"https:\/\/www.bilten.org\/index.php?rest_route=%2Fwp%2Fv2%2Fmedia&parent=22809"}],"wp:term":[{"taxonomy":"category","embeddable":true,"href":"https:\/\/www.bilten.org\/index.php?rest_route=%2Fwp%2Fv2%2Fcategories&post=22809"},{"taxonomy":"post_tag","embeddable":true,"href":"https:\/\/www.bilten.org\/index.php?rest_route=%2Fwp%2Fv2%2Ftags&post=22809"},{"taxonomy":"theme","embeddable":true,"href":"https:\/\/www.bilten.org\/index.php?rest_route=%2Fwp%2Fv2%2Ftheme&post=22809"},{"taxonomy":"country","embeddable":true,"href":"https:\/\/www.bilten.org\/index.php?rest_route=%2Fwp%2Fv2%2Fcountry&post=22809"},{"taxonomy":"articleformat","embeddable":true,"href":"https:\/\/www.bilten.org\/index.php?rest_route=%2Fwp%2Fv2%2Farticleformat&post=22809"},{"taxonomy":"author","embeddable":true,"href":"https:\/\/www.bilten.org\/index.php?rest_route=%2Fwp%2Fv2%2Fcoauthors&post=22809"}],"curies":[{"name":"wp","href":"https:\/\/api.w.org\/{rel}","templated":true}]}}