{"id":22722,"date":"2018-03-08T08:00:19","date_gmt":"2018-03-08T07:00:19","guid":{"rendered":"http:\/\/www.bilten.org\/?p=22722"},"modified":"2018-03-07T21:22:19","modified_gmt":"2018-03-07T20:22:19","slug":"slabe-nade-za-pozitivne-promjene-u-madarskoj","status":"publish","type":"post","link":"https:\/\/www.bilten.org\/?p=22722","title":{"rendered":"Slabe nade za pozitivne promjene u Ma\u0111arskoj"},"content":{"rendered":"<p>Malo tko je prije par mjeseci mogao o\u010dekivati da \u0107e gradi\u0107 Va\u0161arhelj (H\u00f3dmez\u0151v\u00e1s\u00e1rhely) u jugoisto\u010dnoj Ma\u0111arskoj postati jedno od klju\u010dnih politi\u010dkih bojnih polja u toj zemlji. No upravo to se dogodilo kada je prije nekoliko tjedana na tamo\u0161njim izborima iznena\u0111uju\u0107e pobijedio nezavisni kandidat. Jo\u0161 od 1990-ih u gradi\u0107u je na vlasti desna opcija, \u010dija je trenutna inkarnacija stranka Fidesz premijera Viktora Orb\u00e1na. Uz to, jedan od Orb\u00e1novih najbli\u017eih suradnika, J\u00e1nos L\u00e1z\u00e1r, porijeklom je iz tog gradi\u0107a. Sve to trebalo je zna\u010diti sigurnu pobjedu za stranku koja na dr\u017eavnoj razini apsolutno dominira politi\u010dkom scenom. No ne\u0161to je za njih po\u0161lo po krivu, u najgorem mogu\u0107em trenutku. Svega mjesec dana prije parlamentarnih izbora, Fidesz je izgubio jedan od svojih pretpostavljenih &#8220;bastiona&#8221;.<\/p>\n<p>Nervoza vladaju\u0107ih pokazala se ve\u0107 kada je nezavisni kandidat P\u00e9ter M\u00e1rki-Zay, odmah nakon objave kandidature, iznenada dobio otkaz na poslu. A pritiscima su bili izlo\u017eeni i njegovi suradnici protiv kojih su po gradi\u0107u lijepljeni bizarni plakati. No sve to samo je oja\u010dalo M\u00e1rki-Zayev opozicijski kredibilitet. Iza njega je uskoro stala i cijela opozicija, od socijaldemokrata preko zelenih do fa\u0161ista iz Jobbika. Kao \u010dvrsti protivnik Fidesza, a ujedno i katoli\u010dki ultrakonzervativac, M\u00e1rki-Zay je o\u010dito svima odgovarao. Liberalni je dio Ma\u0111arske brzo pao u euforiju zbog ovog poraza vladaju\u0107ih, iako je doista te\u0161ko argumentirati da je rije\u010d o pobjedi liberala. Taj uspjeh naposljetku je potaknuo sve opozicijske stranke da ozbiljno razgovaraju o mogu\u0107oj ujedinjenoj koaliciji suprotstavljenoj Fideszu.<\/p>\n<p><strong>Upitni rezultati<\/strong><\/p>\n<p>Na\u010din na koji Orb\u00e1nova stranka provodi vlast ipak je, \u010dini se, iziritirala mnoge. No velika koalicija koja uklju\u010duje formalnu ljevicu (ono \u0161to je od nje ostalo) i fa\u0161iste ipak nije siguran recept za &#8220;pobjedu&#8221;. Za po\u010detak, izbori su blizu, a dogovor o suradnji zapravo daleko, jer bi sve stranke trebale ne\u0161to \u017ertvovati u korist navodnih ideolo\u0161kih protivnika, a takti\u010dkih saveznika. Ni Fidesz ne miruje, ve\u0107 je za 15. marta najavio veliki skup podr\u0161ke vladi i mobilizaciju svojih bira\u010da. No, najgore za opoziciju, pojedina istra\u017eivanja pokazuju kako veliki savezi opozicije mogu imati i kontraefekt. Osobito u velikim gradovima, gdje liberalne stranke jo\u0161 dobivaju ne\u0161to glasova, manje bi bira\u010da iza\u0161lo da podr\u017ei nekog zajedni\u010dkog nego kandidate liberalnih stranaka.<\/p>\n<p>I veliko je pitanje, osim toga, \u0161to bi pobjeda takve udru\u017eene opozicije uop\u0107e donijela. Iako se Jobbik sada \u010de\u0161\u0107e predstavlja kao &#8220;umjerena&#8221; desnica, to ne zna\u010di da su odustali od rasisti\u010dkih politika npr. prema izbjeglicama ili Romima. Me\u0111u klju\u010dnim prigovorima Fideszu \u010desto se isti\u010de njihova agresivna ksenofobija i netolerancija, a to sigurno nije ne\u0161to \u0161to \u0107e Jobbik promijeniti ako do\u0111e na vlast. S druge strane, ako je Fideszova korupcija dojadila mnogima, dobro upravljanje nije ne\u0161to s \u010dime se mogu pohvaliti liberalne stranke koje su vladale prije Fidesza. Njihova korupcija i katastrofalne politike upravo su prije desetak godina i lansirale Orb\u00e1na na ovu poziciju.<\/p>\n","protected":false},"excerpt":{"rendered":"<p>Malo tko je prije par mjeseci mogao o\u010dekivati da \u0107e gradi\u0107 Va\u0161arhelj (H\u00f3dmez\u0151v\u00e1s\u00e1rhely) u jugoisto\u010dnoj Ma\u0111arskoj postati jedno od klju\u010dnih politi\u010dkih bojnih polja u toj zemlji. No upravo to se dogodilo kada je prije nekoliko tjedana na tamo\u0161njim izborima iznena\u0111uju\u0107e&#8230;<\/p>\n","protected":false},"author":10,"featured_media":22724,"comment_status":"closed","ping_status":"closed","sticky":false,"template":"","format":"standard","meta":{"footnotes":""},"categories":[],"tags":[12,287],"theme":[456],"country":[],"articleformat":[205],"coauthors":[26],"class_list":["post-22722","post","type-post","status-publish","format-standard","has-post-thumbnail","hentry","tag-izbori","tag-madarska","theme-politika","articleformat-vijest"],"_links":{"self":[{"href":"https:\/\/www.bilten.org\/index.php?rest_route=\/wp\/v2\/posts\/22722","targetHints":{"allow":["GET"]}}],"collection":[{"href":"https:\/\/www.bilten.org\/index.php?rest_route=\/wp\/v2\/posts"}],"about":[{"href":"https:\/\/www.bilten.org\/index.php?rest_route=\/wp\/v2\/types\/post"}],"author":[{"embeddable":true,"href":"https:\/\/www.bilten.org\/index.php?rest_route=\/wp\/v2\/users\/10"}],"replies":[{"embeddable":true,"href":"https:\/\/www.bilten.org\/index.php?rest_route=%2Fwp%2Fv2%2Fcomments&post=22722"}],"version-history":[{"count":4,"href":"https:\/\/www.bilten.org\/index.php?rest_route=\/wp\/v2\/posts\/22722\/revisions"}],"predecessor-version":[{"id":22743,"href":"https:\/\/www.bilten.org\/index.php?rest_route=\/wp\/v2\/posts\/22722\/revisions\/22743"}],"wp:featuredmedia":[{"embeddable":true,"href":"https:\/\/www.bilten.org\/index.php?rest_route=\/wp\/v2\/media\/22724"}],"wp:attachment":[{"href":"https:\/\/www.bilten.org\/index.php?rest_route=%2Fwp%2Fv2%2Fmedia&parent=22722"}],"wp:term":[{"taxonomy":"category","embeddable":true,"href":"https:\/\/www.bilten.org\/index.php?rest_route=%2Fwp%2Fv2%2Fcategories&post=22722"},{"taxonomy":"post_tag","embeddable":true,"href":"https:\/\/www.bilten.org\/index.php?rest_route=%2Fwp%2Fv2%2Ftags&post=22722"},{"taxonomy":"theme","embeddable":true,"href":"https:\/\/www.bilten.org\/index.php?rest_route=%2Fwp%2Fv2%2Ftheme&post=22722"},{"taxonomy":"country","embeddable":true,"href":"https:\/\/www.bilten.org\/index.php?rest_route=%2Fwp%2Fv2%2Fcountry&post=22722"},{"taxonomy":"articleformat","embeddable":true,"href":"https:\/\/www.bilten.org\/index.php?rest_route=%2Fwp%2Fv2%2Farticleformat&post=22722"},{"taxonomy":"author","embeddable":true,"href":"https:\/\/www.bilten.org\/index.php?rest_route=%2Fwp%2Fv2%2Fcoauthors&post=22722"}],"curies":[{"name":"wp","href":"https:\/\/api.w.org\/{rel}","templated":true}]}}