{"id":22330,"date":"2018-02-14T08:00:07","date_gmt":"2018-02-14T07:00:07","guid":{"rendered":"http:\/\/www.bilten.org\/?p=22330"},"modified":"2018-02-14T08:18:48","modified_gmt":"2018-02-14T07:18:48","slug":"orban-i-njegove-kopije","status":"publish","type":"post","link":"https:\/\/www.bilten.org\/?p=22330","title":{"rendered":"Orb\u00e1n i njegove kopije"},"content":{"rendered":"<p>Ni jednoglasno zgra\u017eanje europske liberalne javnosti, ni sankcije kojima povremeno prijete institucije Unije, ni svemo\u0107ni George Soros koji navodno intenzivno radi protiv njega \u2013 ni\u0161ta od toga ne\u0107e ugroziti apsolutnu dominaciju ma\u0111arskog premijera Viktora Orb\u00e1na na izborima koji se trebaju odr\u017eati po\u010detkom aprila. Dapa\u010de, ankete njegovoj stranci predvi\u0111aju izme\u0111u 50 i 60% glasova. Prema va\u017ee\u0107em izbornom zakonu, to se prevodi u sigurnu dvotre\u0107insku ve\u0107inu. Nitko u Europi ne u\u017eiva takvu hegemoniju, osim eventualno ruskog predsjednika Vladimira Putina i srpskog predsjednika Aleksandra Vu\u010di\u0107a. Dodu\u0161e, zna\u010dajna je razlika to \u0161to u Rusiji (a ni u Srbiji, iako na drugi na\u010din) nitko ne glumi da je politi\u010dki sustav i\u0161ta vi\u0161e od &#8220;stabilokracije&#8221;, dok Ma\u0111arska spada u ono \u0161to se obi\u010dno optimisti\u010dno naziva &#8220;demokratskim&#8221; zemljama.<\/p>\n<p>Trideset godina nakon \u0161to je herojski izboreno, vi\u0161estrana\u010dje o kojem su Ma\u0111ari sanjali u crnom mraku komunisti\u010dke diktature sada je &#8220;prirodno&#8221; umrlo u &#8220;demokratskim&#8221; uvjetima. Istina je da postoji vladin <a href=\"http:\/\/www.bilten.org\/?p=15351\" target=\"_blank\" rel=\"noopener\">pritisak<\/a> na opozicijski raspolo\u017eene li\u010dnosti, ali on postoji i u mnogim drugim zemljama koje jo\u0161 imaju opoziciju. U Ma\u0111arskoj pak, iako formalno egzistiraju i druge politi\u010dke stranke, za njih jedva tko da glasa. Niti jedna od stranaka opozicije ne prebacuje 15%, a najja\u010da <a href=\"http:\/\/www.bilten.org\/?p=18733\" target=\"_blank\" rel=\"noopener\">me\u0111u njima<\/a> je stranka Orb\u00e1novih doju\u010dera\u0161njih fa\u0161isti\u010dkih pomaga\u010da, \u010diju su stranu \u2013 silom prilike \u2013 zauzeli i oni rijetki <a href=\"http:\/\/www.bilten.org\/?p=19177\" target=\"_blank\" rel=\"noopener\">tajkuni<\/a> koji su u me\u0111uvremenu ispali iz Orb\u00e1nove naju\u017ee orbite. \u010cak ni takvi vi\u0161e ne pomi\u0161ljaju da podr\u017ee stranke koje bi spadale u zami\u0161ljenu &#8220;europsku normalnost&#8221;. Naravno, to nije ne\u0161to \u0161to se dogodilo preko no\u0107i. Kolaps ma\u0111arskih liberala uglavnom je njihovo vlastito djelo.<\/p>\n<p><strong>Jo\u0161 ve\u0107i trijumf<\/strong><\/p>\n<p>Politika agresivne liberalizacije ma\u0111arske privrede nai\u0161la je na zid po\u010detkom krize 2008. godine. Zamijenila ju je politika za\u0161tite &#8220;nacionalnog kapitala&#8221; uz malo socijalne demagogije i puno ksenofobije, a sve pod dirigentskom palicom reformiranog Sorosevog stipendista Orb\u00e1na. Posljednjih deset godina, opozicija ne uspijeva na\u0107i odgovor na ovo. Uo\u010di ovih izbora, mnogi misle da su otkrili recept: ako je Orb\u00e1nov uspjeh sazdan na puno ksenofobije i malo socijale, mo\u017eda bi upravo ne\u0161to od toga trebalo preuzeti. Poga\u0111ate, liberali su dakako radije preuzeli ksenofobiju. Tako se npr. najve\u0107a socijaldemokratska stranka sna\u017eno <a href=\"http:\/\/www.bilten.org\/?p=21429\" target=\"_blank\" rel=\"noopener\">pribli\u017eava<\/a> fa\u0161istima, liberali biv\u0161eg premijera Ferenca Gyurcs\u00e1nyija <a href=\"http:\/\/hungarianfreepress.com\/2018\/01\/27\/ferenc-gyurcsany-focuses-election-campaign-on-populist-themes\/\" target=\"_blank\" rel=\"noopener\">pokrenuli<\/a> su kampanju protiv Ukrajinaca koji navodno iskori\u0161tavaju ma\u0111arsku socijalnu dr\u017eavu, a nisu razo\u010darale ni nove &#8220;antisistemske&#8221; opcije.<\/p>\n<p>&#8220;Zelena&#8221; stranka <em>Politika mo\u017ee biti druga\u010dija<\/em>, koju je svojevremeno osnovala ma\u0111arska ljudskoprava\u0161ka scena, za ove izbore najavila da bi mogla sklopiti <a href=\"http:\/\/hungarytoday.hu\/news\/left-wing-opposition-parties-momentum-lmp-discussions-potential-alliance-14247\" target=\"_blank\" rel=\"noopener\">koaliciju<\/a> s novom strankom &#8220;proeuropske&#8221; <a href=\"http:\/\/www.bilten.org\/?p=17197\" target=\"_blank\" rel=\"noopener\">desnice<\/a>. U namjeri ih nije pokolebalo ni <a href=\"http:\/\/hungarianfreepress.com\/2018\/02\/02\/momentums-balazs-nemes-a-reformed-anti-semitic-homophobe\/\" target=\"_blank\" rel=\"noopener\">otkri\u0107e<\/a> da je jedan od istaknutijih \u010dlanova novog partnera do nedavno bio deklarirani rasist i homofob. Koliko god se &#8220;reformirala&#8221;, ma\u0111arska opozicija se ne uspijeva iskobeljati iz blata antisocijalne ksenofobije u koje je ukopana cijela zemlja. U tom smislu, Orb\u00e1nov je trijumf daleko ve\u0107i nego \u0161to \u0107e to pokazati \u010dak i ovako predvidivi izbori: vi\u0161e nitko tko se bavi politikom ni ne mo\u017ee smisliti ni\u0161ta drugo osim da bude njegova gluplja kopija.<\/p>\n","protected":false},"excerpt":{"rendered":"<p>Ni jednoglasno zgra\u017eanje europske liberalne javnosti, ni sankcije kojima povremeno prijete institucije Unije, ni svemo\u0107ni George Soros koji navodno intenzivno radi protiv njega \u2013 ni\u0161ta od toga ne\u0107e ugroziti apsolutnu dominaciju ma\u0111arskog premijera Viktora Orb\u00e1na&#8230;<\/p>\n","protected":false},"author":10,"featured_media":22332,"comment_status":"closed","ping_status":"closed","sticky":false,"template":"","format":"standard","meta":{"footnotes":""},"categories":[],"tags":[287],"theme":[],"country":[],"articleformat":[205],"coauthors":[26],"class_list":["post-22330","post","type-post","status-publish","format-standard","has-post-thumbnail","hentry","tag-madarska","articleformat-vijest"],"_links":{"self":[{"href":"https:\/\/www.bilten.org\/index.php?rest_route=\/wp\/v2\/posts\/22330","targetHints":{"allow":["GET"]}}],"collection":[{"href":"https:\/\/www.bilten.org\/index.php?rest_route=\/wp\/v2\/posts"}],"about":[{"href":"https:\/\/www.bilten.org\/index.php?rest_route=\/wp\/v2\/types\/post"}],"author":[{"embeddable":true,"href":"https:\/\/www.bilten.org\/index.php?rest_route=\/wp\/v2\/users\/10"}],"replies":[{"embeddable":true,"href":"https:\/\/www.bilten.org\/index.php?rest_route=%2Fwp%2Fv2%2Fcomments&post=22330"}],"version-history":[{"count":5,"href":"https:\/\/www.bilten.org\/index.php?rest_route=\/wp\/v2\/posts\/22330\/revisions"}],"predecessor-version":[{"id":22373,"href":"https:\/\/www.bilten.org\/index.php?rest_route=\/wp\/v2\/posts\/22330\/revisions\/22373"}],"wp:featuredmedia":[{"embeddable":true,"href":"https:\/\/www.bilten.org\/index.php?rest_route=\/wp\/v2\/media\/22332"}],"wp:attachment":[{"href":"https:\/\/www.bilten.org\/index.php?rest_route=%2Fwp%2Fv2%2Fmedia&parent=22330"}],"wp:term":[{"taxonomy":"category","embeddable":true,"href":"https:\/\/www.bilten.org\/index.php?rest_route=%2Fwp%2Fv2%2Fcategories&post=22330"},{"taxonomy":"post_tag","embeddable":true,"href":"https:\/\/www.bilten.org\/index.php?rest_route=%2Fwp%2Fv2%2Ftags&post=22330"},{"taxonomy":"theme","embeddable":true,"href":"https:\/\/www.bilten.org\/index.php?rest_route=%2Fwp%2Fv2%2Ftheme&post=22330"},{"taxonomy":"country","embeddable":true,"href":"https:\/\/www.bilten.org\/index.php?rest_route=%2Fwp%2Fv2%2Fcountry&post=22330"},{"taxonomy":"articleformat","embeddable":true,"href":"https:\/\/www.bilten.org\/index.php?rest_route=%2Fwp%2Fv2%2Farticleformat&post=22330"},{"taxonomy":"author","embeddable":true,"href":"https:\/\/www.bilten.org\/index.php?rest_route=%2Fwp%2Fv2%2Fcoauthors&post=22330"}],"curies":[{"name":"wp","href":"https:\/\/api.w.org\/{rel}","templated":true}]}}