{"id":22209,"date":"2018-02-06T13:53:07","date_gmt":"2018-02-06T12:53:07","guid":{"rendered":"http:\/\/www.bilten.org\/?p=22209"},"modified":"2018-02-06T20:19:43","modified_gmt":"2018-02-06T19:19:43","slug":"u-iscekivanju-eu-strategije-za-zapadni-balkan","status":"publish","type":"post","link":"https:\/\/www.bilten.org\/?p=22209","title":{"rendered":"U i\u0161\u010dekivanju EU strategije za Zapadni Balkan"},"content":{"rendered":"<p>Te\u0161ku europsku situaciju danas \u0107e se u Strasbourgu jo\u0161 jednom poku\u0161ati prikazati kao ne\u0161to \u0161to se nalazi pod kontrolom Europske komisije i parlamenta. No, ve\u0107 postavljanje roka za pristup balkanskih zemalja EU do 2025. godine svjedo\u010di o zabrinutosti Bruxellesa stanjem na kontinentu. \u0160to se ti\u010de unutarnje politike na zapadu Unije, Britanija poku\u0161ava iza\u0107i iz braka dugog 45 godina, \u0160panjolska se &#8220;raspada&#8221; po linijama nerije\u0161enima ve\u0107 80 godina. Njema\u010dka ve\u0107 mjesecima ne mo\u017ee sastaviti vladu, kontrola nad Ma\u0111arskom jedva da i postoji, dok Poljskoj prijeti suspenzija glasovanja, a Gr\u010dka ve\u0107 godinama le\u017ei desetkovana dugovima i siroma\u0161tvom. Na vanjskopoliti\u010dkom planu, osim straha od Rusije, ve\u0107 nekoliko godina pogor\u0161ava se i situacija s Turskom, dok na ekonomskom planu kineske intervencije na Balkanu (i u EU i ne-EU zemljama) ostvaruju sve ve\u0107e rezultate, svi\u0111ali nam se ili ne.<\/p>\n<p>Kontradiktorne politike donose se na gotovo svim poljima \u2013 od zabrane glifosata do iznimaka koji zabranu \u010dine izli\u0161nom, od trgovanja klimatskim promjenama do potpunog gubitka globalne energetske prednosti u obnovljivim izvorima; od zabrane uvoza ruskog plina do gradnje plinovoda za ruski plin, itd&#8230; Europska unija ne ide vi\u0161e &#8220;u korak s vremenom&#8221; i ne uspijeva zadovoljiti svoje gra\u0111ane, no kako njezina &#8220;vlada&#8221; zapravo ni ne ovisi o izborima i glasa\u010dima, osiguran je kontinuitet ovih politika.<\/p>\n<p>U takvim se uvjetima ipak predsjednik Europske komisije Jean \u2013 Claude Juncker name\u0107e kao arbitar balkanskih odnosa te poru\u010duje na\u0161em &#8220;buretu&#8221; da izvolimo rije\u0161iti grani\u010dne probleme ako \u017eelimo u EU. Isti diktat pretpostavimo, dat je i gr\u010dkom premijeru, napa\u0107enom Alexisu Ciprasu, koji se otprilike posljednjih pola godine intenzivno trudi rije\u0161iti problem imena s Makedonijom, a to se pokazuje puno \u0161irim problemom, \u010dije uzroke treba tra\u017eiti u nacionalnim pripadnostima, \u0161to su identiteti koji i dalje daju ekonomski i politi\u010dki plodonosne rezultate. Isto to, onemogu\u0107ava rje\u0161avanje pitanja ostalih granica \u2013 od slovensko-hrvatske, do ogromnog problema Srbija \u2013 Kosovo.<\/p>\n<p><strong>\u0160est &#8220;nadanja&#8221;<\/strong><\/p>\n<p>Usprkos dubokim problemima, usprkos tome \u0161to se pokazuje da demokratski mehanizmi ove zajednice ne funkcioniraju, i \u0161to se zemlje periferije sve vi\u0161e opiru nametima Bruxellesa, EU predla\u017ee pro\u0161irenje broja \u010dlanica sa 27 (minus V.B.) na 33 u iluzornom roku do 2025. Tih 6 \u010dlanica su zemlje biv\u0161e Jugoslavije (Srbija, BiH, Makedonija, Crna Gora, Kosovo) i Albanija.<\/p>\n<p>Posebno su se ovome razveselili bosanskohercegova\u010dki politi\u010dari i analiti\u010dari koji danas daju op\u0161irne komentare u medijima o tome \u0161to se sve mo\u017ee i \u0161to se sve treba. I dok se kao prepreke vide zihera\u0161ki problemi mita i korupcije, \u010diji se uzrok ne tra\u017ei u sustavu ve\u0107 balkanskom &#8220;mentalitetu&#8221;, o problemima koji proizlaze iz daytonovskog ustrojstva zemlje, ne govori se u realnim okvirima, ve\u0107 kao o ne\u010demu \u0161to ovisi o <a href=\"https:\/\/www.klix.ba\/vijesti\/bih\/dilberovic-evropskoj-komisiji-dostavljamo-realan-prikaz-stanja-u-bih\/180206031\" target=\"_blank\">politi\u010dkoj volji<\/a> \u2013 koja ne postoji, jer ne postoji niti konsenzus me\u0111u zara\u0107enim narodnostima o tome kako BiH treba izgledati. Me\u0111utim, razmjere reforme koji proizlaze iz ustrojstva ove zemlje, jednostavno je prikazati npr. na obrazovnom sustavu\u00a0\u2013 poglavlju koje se obi\u010dno zatvara me\u0111u prvima. Samo za njegovo uskla\u0111ivanje s europskim, BiH bi trebala su\u0161tinski promijeniti \u010dak 24 zakona i pritom ugasiti brojna resorna ministarstva te otpustiti ogroman broj zaposelnih u javnim slu\u017ebama, koje su glavna grana zapo\u0161ljavanja u zemlji.\u00a0Ako se pritom i zanemare pitanja poput: na kojem \u0107e jeziku se predavati &#8220;materinji&#8221; jezik i knji\u017eevnost i kojim \u0107e se standardom pisati, i dalje ostaje problem etni\u010dki podijeljenih \u0161kola i neadekvatno opremljenih kako profesora, tako i cijele infrastrukture. Ali prije svega, \u010dinjenice da \u0107e reforme uskla\u0111ivanja s EU vjerojatno izazvati ga\u0161enje brojnih radnih mjesta.<\/p>\n<p>Usprkos nadama bh. medija i politi\u010dara, realno BiH nema \u0161anse zatvoriti sva poglavlja do kraja 2025. Suprotno njoj, najdalje je u pristupanju EU oti\u0161la Crna Gora koja je nedavno primljena i u NATO. Ova zemlja bitna je za EU radi smanjivanja ruskog utjecaja na Balkan, stoga je vjerojatno da \u0107e CG pristupiti EU 2025. Osim nje, najvi\u0161e \u0161ansi ima Srbija, no u toj zemlji samo <a href=\"https:\/\/www.politico.eu\/article\/europe-balkan-membership-new-strategy-tough-love\/\" target=\"_blank\">37 posto ljudi<\/a> smatra da je to dobar smjer kretanja zemlje, stoga \u0107e vjerojatno, ba\u0161 kao i u Hrvatskoj biti potrebno mijenjati Ustav da bi se olabavila pravila o stupanju u saveze s drugim dr\u017eavama. Najve\u0107a prepreka u ovom kontekstu je priznavanje Kosova koji bi tako\u0111er trebao pristupiti EU zajedno sa Srbijom i to kao samostalna zemlja. Me\u0111utim, problemi u ovoj zemlji toliko su veliki da jednostavno nije realno da \u0107e se oni rije\u0161iti do zadanog roka, jer su pomaci u posljednjih 25 godina \u2013 u smjeru kojeg EU pri\u017eeljkuje \u2013 premaleni.<\/p>\n<p>Ne radi se naime samo o birokratskim reformama na kojima uporno inzistira EU, ve\u0107 o \u010dinjenici da EU ve\u0107 sad nema veliku kontrolu nad sve heterogenijim pozicijama zemalja \u010dlanica i da se taj raskol kontinuirano produbljuje iz razloga \u0161to Unija ne uspijeva odgovoriti na dru\u0161tvene izazove mjerama koje \u0107e sve zemlje \u010dlanice osjetiti kao pozitivne. Pro\u0161le godine objavljena strategija o Europi razli\u010ditih brzina samo je legitimirala dotad nepriznate probleme centra i periferije. Samo ta strategija izazvala je revolt isto\u010dnih zemalja, i omogu\u0107ila temelje za raskol po osnovi istok-zapad. Strategija Europske unije za Zapadni Balkan mo\u017ee samo privremeno stvoriti iluziju da je &#8220;sve ok&#8221; u EU, no zapravo EU nema mehanizme rje\u0161avanja svojih problema, stoga se oni samo gomilaju i postupno dolaze na naplatu.<\/p>\n","protected":false},"excerpt":{"rendered":"<p>Te\u0161ku europsku situaciju danas \u0107e se u Strasbourgu jo\u0161 jednom poku\u0161ati prikazati kao ne\u0161to \u0161to se nalazi pod kontrolom Europske komisije i parlamenta. No, ve\u0107 postavljanje roka za pristup balkanskih zemalja EU do 2025. godine svjedo\u010di o zabrinutosti Bruxellesa stanjem na kontinentu. \u0160to se ti\u010de unutarnje politike na zapadu Unije, Britanija poku\u0161ava iza\u0107i iz braka [&hellip;]<\/p>\n","protected":false},"author":4,"featured_media":22210,"comment_status":"closed","ping_status":"closed","sticky":false,"template":"","format":"standard","meta":{"footnotes":""},"categories":[],"tags":[245,243],"theme":[456],"country":[],"articleformat":[205],"coauthors":[289],"class_list":["post-22209","post","type-post","status-publish","format-standard","has-post-thumbnail","hentry","tag-balkan","tag-eu","theme-politika","articleformat-vijest"],"_links":{"self":[{"href":"https:\/\/www.bilten.org\/index.php?rest_route=\/wp\/v2\/posts\/22209","targetHints":{"allow":["GET"]}}],"collection":[{"href":"https:\/\/www.bilten.org\/index.php?rest_route=\/wp\/v2\/posts"}],"about":[{"href":"https:\/\/www.bilten.org\/index.php?rest_route=\/wp\/v2\/types\/post"}],"author":[{"embeddable":true,"href":"https:\/\/www.bilten.org\/index.php?rest_route=\/wp\/v2\/users\/4"}],"replies":[{"embeddable":true,"href":"https:\/\/www.bilten.org\/index.php?rest_route=%2Fwp%2Fv2%2Fcomments&post=22209"}],"version-history":[{"count":8,"href":"https:\/\/www.bilten.org\/index.php?rest_route=\/wp\/v2\/posts\/22209\/revisions"}],"predecessor-version":[{"id":22224,"href":"https:\/\/www.bilten.org\/index.php?rest_route=\/wp\/v2\/posts\/22209\/revisions\/22224"}],"wp:featuredmedia":[{"embeddable":true,"href":"https:\/\/www.bilten.org\/index.php?rest_route=\/wp\/v2\/media\/22210"}],"wp:attachment":[{"href":"https:\/\/www.bilten.org\/index.php?rest_route=%2Fwp%2Fv2%2Fmedia&parent=22209"}],"wp:term":[{"taxonomy":"category","embeddable":true,"href":"https:\/\/www.bilten.org\/index.php?rest_route=%2Fwp%2Fv2%2Fcategories&post=22209"},{"taxonomy":"post_tag","embeddable":true,"href":"https:\/\/www.bilten.org\/index.php?rest_route=%2Fwp%2Fv2%2Ftags&post=22209"},{"taxonomy":"theme","embeddable":true,"href":"https:\/\/www.bilten.org\/index.php?rest_route=%2Fwp%2Fv2%2Ftheme&post=22209"},{"taxonomy":"country","embeddable":true,"href":"https:\/\/www.bilten.org\/index.php?rest_route=%2Fwp%2Fv2%2Fcountry&post=22209"},{"taxonomy":"articleformat","embeddable":true,"href":"https:\/\/www.bilten.org\/index.php?rest_route=%2Fwp%2Fv2%2Farticleformat&post=22209"},{"taxonomy":"author","embeddable":true,"href":"https:\/\/www.bilten.org\/index.php?rest_route=%2Fwp%2Fv2%2Fcoauthors&post=22209"}],"curies":[{"name":"wp","href":"https:\/\/api.w.org\/{rel}","templated":true}]}}