{"id":22046,"date":"2018-01-29T08:00:53","date_gmt":"2018-01-29T07:00:53","guid":{"rendered":"http:\/\/www.bilten.org\/?p=22046"},"modified":"2018-01-29T09:39:04","modified_gmt":"2018-01-29T08:39:04","slug":"od-disidenta-do-europskog-trumpa","status":"publish","type":"post","link":"https:\/\/www.bilten.org\/?p=22046","title":{"rendered":"Od disidenta do &#8220;europskog Trumpa&#8221;"},"content":{"rendered":"<p>&#8220;Pobjeda europskog Trumpa&#8221;: sli\u010dnim je <a href=\"https:\/\/www.politico.eu\/article\/milos-zeman-czech-republic-how-the-european-donald-trump-won-a-second-term\/?utm_source=RSS_Feed&amp;utm_medium=RSS&amp;utm_campaign=RSS_Syndication\" target=\"_blank\">naslovima<\/a> dobar dio medija popratio tijesnu pobjedu Milo\u0161a Zemana na nedavnim predsjedni\u010dkim izborima u \u010ce\u0161koj Republici. Sedamdesettrogodi\u0161nji Zeman, koji je u subotu osvojio drugi predsjedni\u010dki mandat (nakon \u0161to je odradio jedan premijerski u razdoblju od 1998. do 2002.), sam se potrudio da takvim interpretacijama da materijala. Puno prije nego je spomenuti gra\u0111evinski \u0161pekulant i zvijezda <em>reality-showova<\/em> postala ameri\u010dki predsjednik, Zeman je ve\u0107 naveliko prosta\u010dio po \u010de\u0161kom javnom prostoru, izazivaju\u0107i skandale otvoreno vrije\u0111aju\u0107i \u017eene, LGBT osobe, muslimane i ostale manjine.<\/p>\n<p>Dapa\u010de, jo\u0161 vi\u0161e nego Trump, Zeman je svoju &#8220;primitivnost&#8221; brendirao obra\u0107aju\u0107i se &#8220;tradicionalnim&#8221; mu\u0161karcima, koji po svim stereotipovima ba\u0161 poput njega lan\u010dano pu\u0161e i konzumiraju goleme koli\u010dine alkohola, te koji se vi\u0161e ne osje\u0107aju sigurno u svijetu gdje pozicije mo\u0107i vi\u0161e nisu rezervirane samo za u \u010dijem se \u017eivotnom stilu mogu prepoznati. Iako su ti elementi njegove osobnosti posljednjih godina dodatno nagla\u0161eni, valja primijetiti kako Zeman nije uvijek u me\u0111unarodnim medijima bio prepoznat kao veliki problem. Ponovno sli\u010dno Trumpu, njegov je \u0161ovinizam <a href=\"https:\/\/www.slobodnaevropa.org\/a\/ceski-izbori-referendum-o-zemanu\/29000116.html\" target=\"_blank\">komentatorima<\/a> o\u010dito znatno manji problem od njegove pretpostavljene bliskosti ruskom predsjedniku Vladimiru Putinu.<\/p>\n<p><strong>Proizvodi tranzicije<\/strong><\/p>\n<p>Prema sada ve\u0107 klasi\u010dnom narativu koji se ponavlja na svakim izborima u bilo kojoj zemlji Europe, Zeman predstavlja &#8220;populisti\u010dku&#8221; <a href=\"https:\/\/www.politico.eu\/article\/milos-zeman-jiri-drahos-czech-election-prague-turn-for-populist-vs-liberal-showdown\/?utm_source=RSS_Feed&amp;utm_medium=RSS&amp;utm_campaign=RSS_Syndication\" target=\"_blank\">opasnost<\/a> kojoj se suprotstavlja autenti\u010dno europejstvo, ovoga puta oli\u010deno u biv\u0161em predsjedniku \u010ce\u0161ke akademije znanosti Ji\u0159\u00edju Draho\u0161u. On je \u010de\u0161kim bira\u010dima ponudio urbanu <a href=\"https:\/\/www.slobodnaevropa.org\/a\/29001937.html\" target=\"_blank\">ulju\u0111enost<\/a>, sna\u017eniju vezanost uz Njema\u010dku i SAD, i malo \u0161to drugo. No u osnovnim stavovima nije se dramati\u010dno razlikovao od svog konkurenta. Po pitanju migracija (koje su u \u010ce\u0161koj neznatne) nije se libio izra\u017eavati stavove o nespojivosti islama s &#8220;europskom kulturom&#8221; i poru\u010divati kako Europa &#8220;ne mo\u017ee hraniti Afriku&#8221; (!)<\/p>\n<p>Podudarnost u stavovima izme\u0111u dvojice kandidata nije pokolebala liberalne komentatore da Draho\u0161a nazivaju &#8220;uglednim kemi\u010darem&#8221;, a Zemana &#8220;<a href=\"http:\/\/www.hurriyetdailynews.com\/pro-russian-and-liberal-clash-in-czech-presidential-showdown-126341\" target=\"_blank\">biv\u0161im komunistom<\/a>&#8220;. Trideset godina nakon pada realsocijalizma, ideja hrabrih liberalnih disidenata suprotstavljenih autoritarnim orijentalnim konzervativcima o\u010dito te\u0161ko umire. \u010cak i kada je sasvim kontrafaktualna. Jer, Zeman je upravo takav disident koji je odigrao klju\u010dnu ulogu u &#8220;ru\u0161enju komunizma&#8221;. Kasnih 1980-ih postao je jedna od vidljivijih li\u010dnosti koje javno kritiziraju tada\u0161nji sistem, da bi se brzo nakon toga anga\u017eirao u stranci V\u00e1clava Havela i preko njezinih odmetnutih frakcija do\u0161ao do pozicija mo\u0107i.<\/p>\n<p>Trideset godina otkad je \u010ce\u0161ka postala &#8220;slobodna zemlja&#8221;, njome vlada trojac koji \u010dine predsjednik Zeman, zatim premijer u poku\u0161aju i najve\u0107i \u010de\u0161ki tajkun <a href=\"http:\/\/www.bilten.org\/?p=18159\" target=\"_blank\">Andrej Babi\u0161<\/a> te njihov povremeni podupiratelj, \u010de\u0161ki ultranacionalist japanskog porijekla (!) <a href=\"http:\/\/www.bilten.org\/?p=20604\" target=\"_blank\">Tomio Okamura<\/a>. Jedino \u0161to ih udru\u017euje \u2013 osim privatnih poslovnih interesa \u2013 je slabo artikulirana ideologija antikomunizma, mizoginije i islamofobije. U tom smislu, \u010ce\u0161ka doista nije daleko od trendova na Zapadu, ve\u0107 ih na odre\u0111eni na\u010din i anticipira. Ako se taj Zapad ne poklapa s o\u010dekivanjima onih koji su vjerovali u projekt tranzicije, to nije problem kojim \u0107e se Zeman previ\u0161e zamarati.<\/p>\n","protected":false},"excerpt":{"rendered":"<p>&#8220;Pobjeda europskog Trumpa&#8221;: sli\u010dnim je naslovima dobar dio medija popratio tijesnu pobjedu Milo\u0161a Zemana na nedavnim predsjedni\u010dkim izborima u \u010ce\u0161koj Republici. Sedamdesettrogodi\u0161nji Zeman, koji je u subotu osvojio drugi predsjedni\u010dki mandat&#8230;<\/p>\n","protected":false},"author":10,"featured_media":22048,"comment_status":"closed","ping_status":"closed","sticky":false,"template":"","format":"standard","meta":{"footnotes":""},"categories":[],"tags":[300,12],"theme":[456],"country":[],"articleformat":[205],"coauthors":[26],"class_list":["post-22046","post","type-post","status-publish","format-standard","has-post-thumbnail","hentry","tag-ceska","tag-izbori","theme-politika","articleformat-vijest"],"_links":{"self":[{"href":"https:\/\/www.bilten.org\/index.php?rest_route=\/wp\/v2\/posts\/22046","targetHints":{"allow":["GET"]}}],"collection":[{"href":"https:\/\/www.bilten.org\/index.php?rest_route=\/wp\/v2\/posts"}],"about":[{"href":"https:\/\/www.bilten.org\/index.php?rest_route=\/wp\/v2\/types\/post"}],"author":[{"embeddable":true,"href":"https:\/\/www.bilten.org\/index.php?rest_route=\/wp\/v2\/users\/10"}],"replies":[{"embeddable":true,"href":"https:\/\/www.bilten.org\/index.php?rest_route=%2Fwp%2Fv2%2Fcomments&post=22046"}],"version-history":[{"count":5,"href":"https:\/\/www.bilten.org\/index.php?rest_route=\/wp\/v2\/posts\/22046\/revisions"}],"predecessor-version":[{"id":22066,"href":"https:\/\/www.bilten.org\/index.php?rest_route=\/wp\/v2\/posts\/22046\/revisions\/22066"}],"wp:featuredmedia":[{"embeddable":true,"href":"https:\/\/www.bilten.org\/index.php?rest_route=\/wp\/v2\/media\/22048"}],"wp:attachment":[{"href":"https:\/\/www.bilten.org\/index.php?rest_route=%2Fwp%2Fv2%2Fmedia&parent=22046"}],"wp:term":[{"taxonomy":"category","embeddable":true,"href":"https:\/\/www.bilten.org\/index.php?rest_route=%2Fwp%2Fv2%2Fcategories&post=22046"},{"taxonomy":"post_tag","embeddable":true,"href":"https:\/\/www.bilten.org\/index.php?rest_route=%2Fwp%2Fv2%2Ftags&post=22046"},{"taxonomy":"theme","embeddable":true,"href":"https:\/\/www.bilten.org\/index.php?rest_route=%2Fwp%2Fv2%2Ftheme&post=22046"},{"taxonomy":"country","embeddable":true,"href":"https:\/\/www.bilten.org\/index.php?rest_route=%2Fwp%2Fv2%2Fcountry&post=22046"},{"taxonomy":"articleformat","embeddable":true,"href":"https:\/\/www.bilten.org\/index.php?rest_route=%2Fwp%2Fv2%2Farticleformat&post=22046"},{"taxonomy":"author","embeddable":true,"href":"https:\/\/www.bilten.org\/index.php?rest_route=%2Fwp%2Fv2%2Fcoauthors&post=22046"}],"curies":[{"name":"wp","href":"https:\/\/api.w.org\/{rel}","templated":true}]}}