{"id":21924,"date":"2018-01-22T09:38:21","date_gmt":"2018-01-22T08:38:21","guid":{"rendered":"http:\/\/www.bilten.org\/?p=21924"},"modified":"2018-01-22T22:12:49","modified_gmt":"2018-01-22T21:12:49","slug":"makedonija-je-srce-grcke","status":"publish","type":"post","link":"https:\/\/www.bilten.org\/?p=21924","title":{"rendered":"Makedonija je srce Gr\u010dke?"},"content":{"rendered":"<p>U Solunu, glavnom gradu biv\u0161eg osmanskog vilajeta Makedonije, stotine tisu\u0107a Grka ju\u010der je iza\u0161lo na ulice. &#8220;Makedonija je bila i bit \u0107e gr\u010dka&#8221; i &#8220;To ime je na\u0161a du\u0161a&#8221; bile su neke od parola. Govore su dr\u017eali predstavnici klera, infrastrukturnu potporu dali su nacisti iz Zlatne zore, a nije nedostajalo ni samozvanih ratnika obu\u010denih u izmi\u0161ljene &#8220;uniforme&#8221; anti\u010dkih Makedonaca, spremnih na obranu makedonstva od barbara sa sjevera. Kako je Skopje daleko, ratnici su se morali zadovoljiti paljenjem skvota Libertatia, koji ve\u0107 godinama slu\u017ei kao socijalni centar, preno\u0107i\u0161te za siroma\u0161ne i besplatna \u0161kola za izbjeglice. Video <a href=\"http:\/\/www.keeptalkinggreece.com\/2018\/01\/21\/libertatia-fire-squat-thessaloniki\/?utm_source=feedburner&amp;utm_medium=feed&amp;utm_campaign=Feed%3A+KeepTalkingGreece+%28Keep+Talking+Greece%29\" target=\"_blank\">snimke<\/a> incidenta jasno pokazuju kako su potporu u paljenju dali i pripadnici policije.<\/p>\n<p>No sama brojka solunskih prosvjednika otkriva da nije rije\u010d ni o kakvom ekstremisti\u010dkom incidentu. Prosvjedu koji je okupio dio establi\u0161menta i sigurnosnih slu\u017ebi pridru\u017eio se golemi broj &#8220;obi\u010dnih ljudi&#8221;. Zanimljivo je da je desnica i u Skopju organizirala prosvjed, ali se njemu odazvalo, kako <a href=\"http:\/\/www.bhrt.ba\/vijesti\/region\/skoplje-na-desnicarskim-protestima-zapaljena-zastava-eu\/\" target=\"_blank\">prenose<\/a> agencije, tek oko tisu\u0107u ljudi. Svega nekoliko tjedana od kada su gr\u010dka i makedonska vlada <a href=\"http:\/\/www.bilten.org\/?p=21775\" target=\"_blank\">najavile<\/a> da \u0107e se pozabaviti rje\u0161avanjem spora oko slu\u017ebenog imena Republike Makedonija situacija vidno eskalira. Jedna od bizarnija manifestacija toga je masovna tu\u010da u <a href=\"http:\/\/www.rts.rs\/page\/stories\/sr\/story\/10\/svet\/3010124\/-tuca-grka-i-makedonaca-u-australiji.html\" target=\"_blank\">Australiji<\/a> izme\u0111u pripadnika gr\u010dke i makedonske dijaspore. U me\u0111uvremenu raste postotak Grka koji odbijaju svaki prijedlog imena koji uklju\u010duje ime Makedonija.<\/p>\n<p>Potporu za dogovor gr\u010dka vlada nema ni u parlamentu, a u Makedoniji \u0107e ga vrlo vjerojatno poku\u0161ati usporiti aktualni predsjednik \u0110orge Ivanov. Da stvar bude gora, ni dvije vlade jo\u0161 uvijek nemaju zajedni\u010dki prijedlog. Prema glasinama, Skopje je sklonije imenu &#8220;Nova Makedonija&#8221;, a Atena imenu &#8220;Vardarska Makedonija&#8221;, a obje strane smatraju da favorit druge strane ugro\u017eava njihov nacionalni identitet. No sada je barem jasno da se razgovara o, kako ka\u017ee gr\u010dki premijer Aleksis Cipras, &#8220;slo\u017eenom imenu&#8221; koje uklju\u010duje termin Makedonija uz neki epitet, po mogu\u0107nosti neki manje besmislen od &#8220;biv\u0161a jugoslavenska republika&#8221;. Dva premijera trebaju se ponovno susreti ove srijede, a obje strane izra\u017eavaju optimizam.<\/p>\n","protected":false},"excerpt":{"rendered":"<p>U Solunu, glavnom gradu biv\u0161eg osmanskog vilajeta Makedonije, stotine tisu\u0107a Grka ju\u010der je iza\u0161lo na ulice. &#8220;Makedonija je bila i bit \u0107e gr\u010dka&#8221; i &#8220;To ime je na\u0161a du\u0161a&#8221; bile su neke od parola. Govore su dr\u017eali predstavnici klera, infrastrukturnu potporu dali su nacisti iz Zlatne zore&#8230;<\/p>\n","protected":false},"author":10,"featured_media":21926,"comment_status":"closed","ping_status":"closed","sticky":false,"template":"","format":"standard","meta":{"footnotes":""},"categories":[],"tags":[226,25],"theme":[456],"country":[24],"articleformat":[205],"coauthors":[26],"class_list":["post-21924","post","type-post","status-publish","format-standard","has-post-thumbnail","hentry","tag-grcka","tag-nacionalizam","theme-politika","country-makedonija","articleformat-vijest"],"_links":{"self":[{"href":"https:\/\/www.bilten.org\/index.php?rest_route=\/wp\/v2\/posts\/21924","targetHints":{"allow":["GET"]}}],"collection":[{"href":"https:\/\/www.bilten.org\/index.php?rest_route=\/wp\/v2\/posts"}],"about":[{"href":"https:\/\/www.bilten.org\/index.php?rest_route=\/wp\/v2\/types\/post"}],"author":[{"embeddable":true,"href":"https:\/\/www.bilten.org\/index.php?rest_route=\/wp\/v2\/users\/10"}],"replies":[{"embeddable":true,"href":"https:\/\/www.bilten.org\/index.php?rest_route=%2Fwp%2Fv2%2Fcomments&post=21924"}],"version-history":[{"count":3,"href":"https:\/\/www.bilten.org\/index.php?rest_route=\/wp\/v2\/posts\/21924\/revisions"}],"predecessor-version":[{"id":21954,"href":"https:\/\/www.bilten.org\/index.php?rest_route=\/wp\/v2\/posts\/21924\/revisions\/21954"}],"wp:featuredmedia":[{"embeddable":true,"href":"https:\/\/www.bilten.org\/index.php?rest_route=\/wp\/v2\/media\/21926"}],"wp:attachment":[{"href":"https:\/\/www.bilten.org\/index.php?rest_route=%2Fwp%2Fv2%2Fmedia&parent=21924"}],"wp:term":[{"taxonomy":"category","embeddable":true,"href":"https:\/\/www.bilten.org\/index.php?rest_route=%2Fwp%2Fv2%2Fcategories&post=21924"},{"taxonomy":"post_tag","embeddable":true,"href":"https:\/\/www.bilten.org\/index.php?rest_route=%2Fwp%2Fv2%2Ftags&post=21924"},{"taxonomy":"theme","embeddable":true,"href":"https:\/\/www.bilten.org\/index.php?rest_route=%2Fwp%2Fv2%2Ftheme&post=21924"},{"taxonomy":"country","embeddable":true,"href":"https:\/\/www.bilten.org\/index.php?rest_route=%2Fwp%2Fv2%2Fcountry&post=21924"},{"taxonomy":"articleformat","embeddable":true,"href":"https:\/\/www.bilten.org\/index.php?rest_route=%2Fwp%2Fv2%2Farticleformat&post=21924"},{"taxonomy":"author","embeddable":true,"href":"https:\/\/www.bilten.org\/index.php?rest_route=%2Fwp%2Fv2%2Fcoauthors&post=21924"}],"curies":[{"name":"wp","href":"https:\/\/api.w.org\/{rel}","templated":true}]}}