{"id":21656,"date":"2018-01-09T08:00:12","date_gmt":"2018-01-09T07:00:12","guid":{"rendered":"http:\/\/www.bilten.org\/?p=21656"},"modified":"2018-01-08T21:17:49","modified_gmt":"2018-01-08T20:17:49","slug":"kosovo-zaustavlja-procese-za-ratne-zlocine","status":"publish","type":"post","link":"https:\/\/www.bilten.org\/?p=21656","title":{"rendered":"Kosovo zaustavlja procese za ratne zlo\u010dine?"},"content":{"rendered":"<p>Na zgra\u017eanje me\u0111unarodnih aktera, vladaju\u0107i politi\u010dari na Kosovu sve otvorenije najavljuju kako bi mogli zakonski zaustaviti procese za ratne zlo\u010dine u toj zemlji. \u010cak 43 parlamentarna zastupnika nedavno su predlo\u017eila da se na dnevni red uvrsti prijedlog suspenzije zakona o posebnom sudu za ratne zlo\u010dine. Neki od njih najavili su i o\u0161trije akcije, navode\u0107i da veterani Oslobodila\u010dke vojske Kosova ne\u0107e mirno do\u010dekati optu\u017enice. Inicijativa dolazi od zastupnika vladaju\u0107e ve\u0107ine, koju \u010dine tri &#8220;veteranske stranke&#8221;, ona premijera Ramusha Haradinaja, zatim ona predsjednika Hashima Tha\u00e7ija te stranka Fatmira Limaja. No inicijativu je sada otvoreno podr\u017eala i opozicijska stranka Samoopredjeljenje, koja ina\u010de \u017eestoko kritizira vladu.<\/p>\n<p>Ako do\u0111e na dnevni red, suspenzija bi se vrlo lako mogla izglasati. Ni veteranske stranke ni nacionalisti\u010dko Samoopredjeljenje ne \u017eele odustati od za\u0161tite veterana. Podr\u0161ku je otvoreno dao i Tha\u00e7i, koji je pod sna\u017enim me\u0111unarodnim pritiskom svojevremeno i progurao uspostavu posebnog suda za ratne zlo\u010dine. Interes za suspenziju zakona ne \u010dudi, ako se zna da bi se dobar dio istaknutih politi\u010dara mogao na\u0107i me\u0111u optu\u017eenima, s obzirom da je \u010desto rije\u010d o biv\u0161im zapovjednicima OVK-a, osobito u vladaju\u0107oj ve\u0107ini. No liberalni kriti\u010dari vlade upozoravaju da bi izbjegavanje me\u0111unarodne obaveze procesiranja ratnih zlo\u010dina moglo ugroziti &#8220;euroatlantsku&#8221; perspektivu zemlje. Vlasti su, uostalom, ve\u0107 dobile izravna upozorenja u tom smislu i od SAD-a i od Europske unije.<\/p>\n<p>&#8220;Izrazito smo razo\u010darani onima koji \u017ertvuju budu\u0107nost vlastite zemlje i dosada\u0161nju nepokolebljivu potporu Sjedinjenih Dr\u017eava da bi za\u0161titili osobne interese&#8221;, stoji tako u priop\u0107enju ameri\u010dke ambasade u Pri\u0161tini. Upozorenje nije bezazleno, jer je ta ambasada tijekom pro\u0161le godine <a href=\"http:\/\/www.bilten.org\/?p=18707\" target=\"_blank\">nekoliko puta<\/a> &#8220;spasila&#8221; vladaju\u0107u garnituru oko predsjednika Tha\u00e7ija, \u010diju je vlast ozbiljno ugro\u017eavala opozicija. No ni\u0161ta ne bi moglo spasiti Tha\u00e7ija ako vlastitu organizaciju i bazu prepusti sudu za ratne zlo\u010dine. Tako se politi\u010dka scena na Kosovu na\u0161la u jo\u0161 jednoj blokadi bez perspektive skorog napretka. Uo\u010di desete godi\u0161njice progla\u0161enja nezavisnosti, zemlja koju jo\u0161 uvijek ne priznaju sve \u010dlanice EU \u010dini se sve dalje od najavljene normalizacije kroz europske integracije.<\/p>\n","protected":false},"excerpt":{"rendered":"<p>Na zgra\u017eanje me\u0111unarodnih aktera, vladaju\u0107i politi\u010dari na Kosovu sve otvorenije najavljuju kako bi mogli zakonski zaustaviti procese za ratne zlo\u010dine u toj zemlji. \u010cak 43 parlamentarna zastupnika nedavno su predlo\u017eila da se na dnevni red&#8230;<\/p>\n","protected":false},"author":10,"featured_media":21657,"comment_status":"closed","ping_status":"closed","sticky":false,"template":"","format":"standard","meta":{"footnotes":""},"categories":[],"tags":[137],"theme":[456],"country":[124],"articleformat":[205],"coauthors":[26],"class_list":["post-21656","post","type-post","status-publish","format-standard","has-post-thumbnail","hentry","tag-rat","theme-politika","country-kosovo","articleformat-vijest"],"_links":{"self":[{"href":"https:\/\/www.bilten.org\/index.php?rest_route=\/wp\/v2\/posts\/21656","targetHints":{"allow":["GET"]}}],"collection":[{"href":"https:\/\/www.bilten.org\/index.php?rest_route=\/wp\/v2\/posts"}],"about":[{"href":"https:\/\/www.bilten.org\/index.php?rest_route=\/wp\/v2\/types\/post"}],"author":[{"embeddable":true,"href":"https:\/\/www.bilten.org\/index.php?rest_route=\/wp\/v2\/users\/10"}],"replies":[{"embeddable":true,"href":"https:\/\/www.bilten.org\/index.php?rest_route=%2Fwp%2Fv2%2Fcomments&post=21656"}],"version-history":[{"count":1,"href":"https:\/\/www.bilten.org\/index.php?rest_route=\/wp\/v2\/posts\/21656\/revisions"}],"predecessor-version":[{"id":21658,"href":"https:\/\/www.bilten.org\/index.php?rest_route=\/wp\/v2\/posts\/21656\/revisions\/21658"}],"wp:featuredmedia":[{"embeddable":true,"href":"https:\/\/www.bilten.org\/index.php?rest_route=\/wp\/v2\/media\/21657"}],"wp:attachment":[{"href":"https:\/\/www.bilten.org\/index.php?rest_route=%2Fwp%2Fv2%2Fmedia&parent=21656"}],"wp:term":[{"taxonomy":"category","embeddable":true,"href":"https:\/\/www.bilten.org\/index.php?rest_route=%2Fwp%2Fv2%2Fcategories&post=21656"},{"taxonomy":"post_tag","embeddable":true,"href":"https:\/\/www.bilten.org\/index.php?rest_route=%2Fwp%2Fv2%2Ftags&post=21656"},{"taxonomy":"theme","embeddable":true,"href":"https:\/\/www.bilten.org\/index.php?rest_route=%2Fwp%2Fv2%2Ftheme&post=21656"},{"taxonomy":"country","embeddable":true,"href":"https:\/\/www.bilten.org\/index.php?rest_route=%2Fwp%2Fv2%2Fcountry&post=21656"},{"taxonomy":"articleformat","embeddable":true,"href":"https:\/\/www.bilten.org\/index.php?rest_route=%2Fwp%2Fv2%2Farticleformat&post=21656"},{"taxonomy":"author","embeddable":true,"href":"https:\/\/www.bilten.org\/index.php?rest_route=%2Fwp%2Fv2%2Fcoauthors&post=21656"}],"curies":[{"name":"wp","href":"https:\/\/api.w.org\/{rel}","templated":true}]}}