{"id":21530,"date":"2017-12-18T08:00:49","date_gmt":"2017-12-18T07:00:49","guid":{"rendered":"http:\/\/www.bilten.org\/?p=21530"},"modified":"2017-12-17T20:08:11","modified_gmt":"2017-12-17T19:08:11","slug":"ekstremna-desnica-na-vlasti-u-austriji","status":"publish","type":"post","link":"https:\/\/www.bilten.org\/?p=21530","title":{"rendered":"Ekstremna desnica na vlasti u Austriji"},"content":{"rendered":"<p>Sebastian Kurz \u0107e danas i slu\u017ebeno biti progla\u0161en novim austrijskim kancelarom. Time \u0107e 31-godi\u0161nji biv\u0161i ministar vanjskih poslova postati najmla\u0111i du\u017enosnik na ovoj poziciji u povijesti zemlje i trenutno najmla\u0111i \u0161ef vlade na kontinentu. No te zanimljivosti nipo\u0161to nisu najva\u017eniji podatak vezan uz dana\u0161nju inauguraciju nove austrijske vlade. Naime, nakon \u0161to su vi\u0161e od desetlje\u0107a na vlasti zajedno bile Pu\u010dka (\u00d6VP) i Socijaldemokratska stranka (SP\u00d6), Kurzova vlada ne samo da isklju\u010duje formalnu austrijsku ljevicu, ve\u0107 i uklju\u010duje ekstremno desni\u010darsku Slobodarsku stranku (FP\u00d6). Politiku kompromisa zamijenio je dakle sna\u017ean zaokret udesno i to je glavni razlog za\u0161to je nova vlada \u010dak i prije nego je imenovana izazvala sna\u017ena <a href=\"http:\/\/www.dw.com\/hr\/duboki-jaz-me%C4%91u-austrijancima\/a-41827506?maca=kro-rss-cro-all-1479-rdf\" target=\"_blank\">protivljenja<\/a>, pa \u010dak i prosvjede.<\/p>\n<p>Ovo nije prvi puta da austrijski &#8220;desni centar&#8221; pravi koaliciju s ekstremnom desnicom. No kada je Wolfgang Sch\u00fcssel 2000. sklopio dogovor s FP\u00d6-om, Austrija se na\u0161la u nekoj vrsti &#8220;sankcija&#8221; unutar Europske unije kojoj je pristupila svega pet godina ranije. Danas se o\u010dito ne doga\u0111a ni\u0161ta sli\u010dno. Jedina <a href=\"https:\/\/www.politico.eu\/article\/pierre-moscovici-sounds-warning-on-austrian-far-right-in-government\/?utm_source=RSS_Feed&amp;utm_medium=RSS&amp;utm_campaign=RSS_Syndication\" target=\"_blank\">reakcija<\/a> bila je ona europskog komesara za ekonomiju i financije Pierrea Moscovicija koji je izjavio kako &#8220;oni koji vjeruju u europske vrijednosti moraju pa\u017eljivo promatrati koaliciju na vlasti u Austriji&#8221;. Razina ambivalencije u izjavi tim je \u010dudnija ako se zna ne samo da je Moscovici predstavnik formalne &#8220;ljevice&#8221;, ve\u0107 i da su barem trojica ministara u novoj vladi koju treba &#8220;promatrati&#8221; ljudi s donedavnim <a href=\"https:\/\/www.haaretz.com\/world-news\/europe\/1.829372\" target=\"_blank\">izravnim<\/a> vezama s nacisti\u010dkom scenom.<\/p>\n<p><strong>Probijanje leda<\/strong><\/p>\n<p>Rije\u010d je o vo\u0111i FP\u00d6-a Heinz-Christianu Stracheu koji \u0107e postati vicekancelar, Herbertu Kicklu koji postaje ministar policije i novom ministru obrane Mariju Kunaseku. Osim represivnog aparata, stranka koja ne oklijeva odr\u017eavati zajedni\u010dke <a href=\"http:\/\/www.dw.com\/en\/austrias-fp%C3%B6-cozies-up-to-extreme-right\/a-36192613\" target=\"_blank\">manifestacije<\/a> s otvorenim rasistima dobit \u0107e i ministarstvo vanjskih poslova iz kojeg \u0107e, dodu\u0161e, biti izdvojeni europski poslovi. To \u0107e umiriti savjest europskih diplomata, ali \u0107e u\u010diniti malo za sigurnost demokratski i antifa\u0161isti\u010dki orijentiranih ljudi u Austriji ili op\u0107enito tamo\u0161njih stanovnika negermanskog i nekr\u0161\u0107anskog porijekla, kojih ima desetak posto. Jedna od ve\u0107 najavljenih mjera je <a href=\"http:\/\/www.rts.rs\/page\/stories\/sr\/story\/11\/region\/2973591\/nova-vlada-austrije-azilantima-ce-uzimati-mobilne-telefone.html\" target=\"_blank\">d\u017eeparenje<\/a> izbjeglica koje bi se na putu prema sigurnijim krajevima mogle na\u0107i u Austriji, a kojima dr\u017eava planira oduzimati svu imovinu.<\/p>\n<p>Mjere poput ove dodu\u0161e nisu samo posljedica proboja na vrh ljudi povezanih s nacisti\u010dkom scenom, ve\u0107 pitanje op\u0107eg konsenzusa na austrijskoj politi\u010dkoj sceni. Kurzovi pu\u010dani u svojim su antidemokratskim prijedlozima podjednako agresivni kao i &#8220;slobodnjaci&#8221;. Da stvar bude gora, ni socijaldemokrati nisu sasvim nezainteresirani za budu\u0107u suradnju s ekstremnom desnicom, kad su sve granice onog \u0161to se donedavno smatralo demokratskom politikom ionako ve\u0107 prije\u0111ene.<\/p>\n","protected":false},"excerpt":{"rendered":"<p>Sebastian Kurz \u0107e danas i slu\u017ebeno biti progla\u0161en novim austrijskim kancelarom. Time \u0107e 31-godi\u0161nji biv\u0161i ministar vanjskih poslova postati najmla\u0111i du\u017enosnik na ovoj poziciji u povijesti zemlje i trenutno najmla\u0111i \u0161ef vlade na kontinentu&#8230;<\/p>\n","protected":false},"author":10,"featured_media":21531,"comment_status":"closed","ping_status":"closed","sticky":false,"template":"","format":"standard","meta":{"footnotes":""},"categories":[],"tags":[299,275],"theme":[456],"country":[],"articleformat":[205],"coauthors":[26],"class_list":["post-21530","post","type-post","status-publish","format-standard","has-post-thumbnail","hentry","tag-austrija","tag-ekstremna-desnica","theme-politika","articleformat-vijest"],"_links":{"self":[{"href":"https:\/\/www.bilten.org\/index.php?rest_route=\/wp\/v2\/posts\/21530","targetHints":{"allow":["GET"]}}],"collection":[{"href":"https:\/\/www.bilten.org\/index.php?rest_route=\/wp\/v2\/posts"}],"about":[{"href":"https:\/\/www.bilten.org\/index.php?rest_route=\/wp\/v2\/types\/post"}],"author":[{"embeddable":true,"href":"https:\/\/www.bilten.org\/index.php?rest_route=\/wp\/v2\/users\/10"}],"replies":[{"embeddable":true,"href":"https:\/\/www.bilten.org\/index.php?rest_route=%2Fwp%2Fv2%2Fcomments&post=21530"}],"version-history":[{"count":3,"href":"https:\/\/www.bilten.org\/index.php?rest_route=\/wp\/v2\/posts\/21530\/revisions"}],"predecessor-version":[{"id":21534,"href":"https:\/\/www.bilten.org\/index.php?rest_route=\/wp\/v2\/posts\/21530\/revisions\/21534"}],"wp:featuredmedia":[{"embeddable":true,"href":"https:\/\/www.bilten.org\/index.php?rest_route=\/wp\/v2\/media\/21531"}],"wp:attachment":[{"href":"https:\/\/www.bilten.org\/index.php?rest_route=%2Fwp%2Fv2%2Fmedia&parent=21530"}],"wp:term":[{"taxonomy":"category","embeddable":true,"href":"https:\/\/www.bilten.org\/index.php?rest_route=%2Fwp%2Fv2%2Fcategories&post=21530"},{"taxonomy":"post_tag","embeddable":true,"href":"https:\/\/www.bilten.org\/index.php?rest_route=%2Fwp%2Fv2%2Ftags&post=21530"},{"taxonomy":"theme","embeddable":true,"href":"https:\/\/www.bilten.org\/index.php?rest_route=%2Fwp%2Fv2%2Ftheme&post=21530"},{"taxonomy":"country","embeddable":true,"href":"https:\/\/www.bilten.org\/index.php?rest_route=%2Fwp%2Fv2%2Fcountry&post=21530"},{"taxonomy":"articleformat","embeddable":true,"href":"https:\/\/www.bilten.org\/index.php?rest_route=%2Fwp%2Fv2%2Farticleformat&post=21530"},{"taxonomy":"author","embeddable":true,"href":"https:\/\/www.bilten.org\/index.php?rest_route=%2Fwp%2Fv2%2Fcoauthors&post=21530"}],"curies":[{"name":"wp","href":"https:\/\/api.w.org\/{rel}","templated":true}]}}