{"id":21507,"date":"2017-12-15T13:30:16","date_gmt":"2017-12-15T12:30:16","guid":{"rendered":"http:\/\/www.bilten.org\/?p=21507"},"modified":"2017-12-15T13:32:40","modified_gmt":"2017-12-15T12:32:40","slug":"sejdic-finci-ustavna-diskriminacija-u-bih","status":"publish","type":"post","link":"https:\/\/www.bilten.org\/?p=21507","title":{"rendered":"Sejdi\u0107 \u2013 Finci: ustavna diskriminacija u BiH"},"content":{"rendered":"<p>Rezimei koji se podvla\u010de krajem svake godine redovni su podsjetnik na \u010dinjenicu da BiH jo\u0161 uvijek ni\u0161ta nije poduzela u slu\u010daju Sejdi\u0107 \u2013 Finci i izgubljene presude Europskog suda za ljudska prava u kojoj je zaklju\u010deno da BiH provodi strukturnu etni\u010dku diskriminaciju. Kraj 2017. godine ne predstavlja u tome iznimku. Kako su za <a href=\"http:\/\/www.balkaninsight.com\/en\/article\/bosnian-constitution-remains-discriminatory-12-14-2017\" target=\"_blank\">BIRN<\/a> kazali nositelji tu\u017ebe, nema nikakvih o\u010dekivanja da \u0107e se u idu\u0107oj godini ovo promijeniti.<\/p>\n<p>Nagla\u0161avati da BiH strukturno naru\u0161ava ljudska prava, ovom prilikom nije dovoljno jer se radi o ustavnoj krizi, a ne o tek obi\u010dnom kr\u0161enju prava uobi\u010dajenima i za druge zemlje. Od dono\u0161enja presude u kojoj je BiH progla\u0161ena krivom za etni\u010dku diskriminaciju pro\u0161lo je osam godina. Tu\u017eitelji Dervo Sejdi\u0107 i Jakob Finci, jedan Rom, drugi \u017eidovskog podrijetla, smatrali su da se imaju pravo kandidirati na predsjedni\u010dkim izborima u BiH, a za razliku od Ustava ove zemlje, s njima se slo\u017eio i Europski sud za ljudska prava. Radi toga \u0161to nisu pripadnici konstitutivnih naroda \u2013 srpskog, hrvatskog ili bo\u0161nja\u010dkog \u2013 prema Ustavu BiH nemaju se pravo kandidirati na izborima, \u0161to naru\u0161ava temeljno na\u010delo demokracije prema kojem svatko ima pravo birati i biti biran.<\/p>\n<p>Ustav BiH tek je \u010detvrti aneks <a href=\"http:\/\/www.bilten.org\/?p=8598\" target=\"_blank\">Dejtonskog mirovnog sporazuma<\/a> iz 1995. godine. Njime je uspostavljena tripartitna struktura vlasti koja se temelji na ravnote\u017ei snaga izme\u0111u Srba, Hrvata i Bo\u0161njaka. Oni su konstitutivni narodi i prema Ustavu samo oni imaju pravo kandidirati se za Dom naroda Parlamentarne skup\u0161tine i Predsjedni\u0161tvo BiH. Pripadnici svih ostalih etniciteta nemaju ista prava.<\/p>\n<p><strong>Socijalne posljedice<\/strong><\/p>\n<p>Rasprava u BiH na ovu temu uglavnom se vrti oko fakti\u010dnog konsenzusa vladaju\u0107ih elita da se presuda <a href=\"http:\/\/vijesti.ba\/clanak\/386071\/milorad-dodik-presudu-sejdic-finci-ne-treba-provoditi\" target=\"_blank\">ne treba uop\u0107e primijeniti<\/a> i deklarativnog &#8220;po\u0161tivanja ljudskih prava&#8221; i &#8220;tekovina EU&#8221; te obe\u0107anja da \u0107e se ona provesti uskoro. S druge strane argumentacije obi\u010dno stoje politolozi i aktivisti koji upozoravaju na to da bi se ovo trebalo rije\u0161iti, ali da to nije mogu\u0107e bez promjene Dejtonskog sporazuma. Europska unija, strani arbitar &#8220;politi\u010dke zrelosti&#8221; i sama je poku\u0161ala nekoliko puta adresirati ovaj problem, no bez uspje\u0161nih ishoda.<\/p>\n<p>Me\u0111utim, problem strukturne diskriminacije ne le\u017ei samo u neprovedbi presude suda ve\u0107 u \u010dinjenici da nekim etni\u010dkim manjinama u BiH, npr. Romima, nisu osigurana nikakva temeljna ljudska prava. U razgovoru za BIRN Sejdi\u0107 je istaknuo kako su izostanak zdravstvene za\u0161tite i adekvatnog obrazovanja Romima najve\u0107i problemi. Kompenzacija za ravnopravan dru\u0161tveni status, Romima su europski programi za socijalnu inkluziju koji malo pobolj\u0161avaju stanje, ali nedovoljno, smatra Sejdi\u0107. No Savjet nacionalnih manjina pri parlamentu ima tek savjetodavnu ulogu \u0161to onemogu\u0107ava ve\u0107i doseg po\u017eeljnih promjena, i to ne samo za Rome, ve\u0107 za sve manjine.<\/p>\n<p>Sa\u017emimo, Dejtonski sporazum nalazi se u samoj sr\u017ei problema. Osim \u0161to ote\u017eava svakodnevno funkcioniranje dr\u017eave zbog prekomjernog broja duplih institucija, diskriminacija i nepravednost upisane su u samo srce ovog sporazuma. Premda se mnoge strane sla\u017eu oko toga da <em>Dejton<\/em> treba mijenjati zbog paralize zemlje koju \u010desto uzrokuje, ne postoji suglasnost oko toga u kom smjeru te promjene trebaju i\u0107i. Dok politi\u010dke elite promjene vide samo u kontekstu ja\u010danja vlastitih etni\u010dkih snaga, narod \u017eeli funkcionalnu i bolje organiziranu zemlju.<\/p>\n","protected":false},"excerpt":{"rendered":"<p>Rezimei koji se podvla\u010de krajem svake godine redovni su podsjetnik na \u010dinjenicu da BiH jo\u0161 uvijek ni\u0161ta nije poduzela u slu\u010daju Sejdi\u0107 \u2013 Finci i izgubljene presude Europskog suda za ljudska prava u kojoj je zaklju\u010deno da BiH provodi strukturnu etni\u010dku diskriminaciju. Kraj 2017. godine ne predstavlja u tome iznimku. Kako su za BIRN kazali [&hellip;]<\/p>\n","protected":false},"author":4,"featured_media":21508,"comment_status":"closed","ping_status":"closed","sticky":false,"template":"","format":"standard","meta":{"footnotes":""},"categories":[],"tags":[110],"theme":[456],"country":[35],"articleformat":[205],"coauthors":[289],"class_list":["post-21507","post","type-post","status-publish","format-standard","has-post-thumbnail","hentry","tag-drzava","theme-politika","country-bih","articleformat-vijest"],"_links":{"self":[{"href":"https:\/\/www.bilten.org\/index.php?rest_route=\/wp\/v2\/posts\/21507","targetHints":{"allow":["GET"]}}],"collection":[{"href":"https:\/\/www.bilten.org\/index.php?rest_route=\/wp\/v2\/posts"}],"about":[{"href":"https:\/\/www.bilten.org\/index.php?rest_route=\/wp\/v2\/types\/post"}],"author":[{"embeddable":true,"href":"https:\/\/www.bilten.org\/index.php?rest_route=\/wp\/v2\/users\/4"}],"replies":[{"embeddable":true,"href":"https:\/\/www.bilten.org\/index.php?rest_route=%2Fwp%2Fv2%2Fcomments&post=21507"}],"version-history":[{"count":2,"href":"https:\/\/www.bilten.org\/index.php?rest_route=\/wp\/v2\/posts\/21507\/revisions"}],"predecessor-version":[{"id":21510,"href":"https:\/\/www.bilten.org\/index.php?rest_route=\/wp\/v2\/posts\/21507\/revisions\/21510"}],"wp:featuredmedia":[{"embeddable":true,"href":"https:\/\/www.bilten.org\/index.php?rest_route=\/wp\/v2\/media\/21508"}],"wp:attachment":[{"href":"https:\/\/www.bilten.org\/index.php?rest_route=%2Fwp%2Fv2%2Fmedia&parent=21507"}],"wp:term":[{"taxonomy":"category","embeddable":true,"href":"https:\/\/www.bilten.org\/index.php?rest_route=%2Fwp%2Fv2%2Fcategories&post=21507"},{"taxonomy":"post_tag","embeddable":true,"href":"https:\/\/www.bilten.org\/index.php?rest_route=%2Fwp%2Fv2%2Ftags&post=21507"},{"taxonomy":"theme","embeddable":true,"href":"https:\/\/www.bilten.org\/index.php?rest_route=%2Fwp%2Fv2%2Ftheme&post=21507"},{"taxonomy":"country","embeddable":true,"href":"https:\/\/www.bilten.org\/index.php?rest_route=%2Fwp%2Fv2%2Fcountry&post=21507"},{"taxonomy":"articleformat","embeddable":true,"href":"https:\/\/www.bilten.org\/index.php?rest_route=%2Fwp%2Fv2%2Farticleformat&post=21507"},{"taxonomy":"author","embeddable":true,"href":"https:\/\/www.bilten.org\/index.php?rest_route=%2Fwp%2Fv2%2Fcoauthors&post=21507"}],"curies":[{"name":"wp","href":"https:\/\/api.w.org\/{rel}","templated":true}]}}