{"id":21429,"date":"2017-12-12T08:00:23","date_gmt":"2017-12-12T07:00:23","guid":{"rendered":"http:\/\/www.bilten.org\/?p=21429"},"modified":"2017-12-11T14:11:07","modified_gmt":"2017-12-11T13:11:07","slug":"jobbikov-zaokret-prema-liberalima","status":"publish","type":"post","link":"https:\/\/www.bilten.org\/?p=21429","title":{"rendered":"Jobbikov zaokret prema liberalima?"},"content":{"rendered":"<p>Jedina snaga koja bi s vlasti mogla smijeniti desno populisti\u010dki Fidesz ma\u0111arskog premijera Viktora Orb\u00e1na je ekstremno desni\u010darski Pokret za bolju Ma\u0111arsku (Jobbik). Sumoran je to zaklju\u010dak koji se name\u0107e iz ve\u0107ine anketa pet mjeseci uo\u010di parlamentarnih izbora u toj zemlji. Kada je Orb\u00e1n 2010. po drugi puta do\u0161ao na vlast dogodilo se to u kontekstu raspada ma\u0111arskog tranzicijskog liberalizma. Tada vladaju\u0107a Ma\u0111arska socijalisti\u010dka stranka prepolovila je broj svojih bira\u010da, a Orb\u00e1n je dolaskom na vlast najavio zaokret od najizrazitijih antisocijalnih politika koje su provodili &#8220;socijalisti&#8221;. Liberalna opozicija se nikada nije oporavila od tog poraza i po svemu sude\u0107i ve\u0107 \u0107e tre\u0107e izbore uvjerljivo izgubiti bez ikakve nade da mo\u017ee ugroziti Orb\u00e1novu dominaciju.<\/p>\n<p>Jobbik je s druge strane godinama jahao na Orb\u00e1novom valu, predstavljaju\u0107i se kao zagovaratelj radikalnijih oblika istih politika te slu\u017ee\u0107i kao neslu\u017ebeni mla\u0111i koalicijski partner Fideszu. No kako se degradacija potpore sve razjedinjenijim liberalima nastavila, tako se Jobbik ni kriv ni du\u017ean na\u0161ao u polo\u017eaju najozbiljnije stranke opozicije. I ta promjena se vrlo brzo osjetila u retorici. Do ju\u010der otvoreno rasisti\u010dka stranka sa simpatijama prema povijesnom fa\u0161izmu i manje-vi\u0161e svim re\u017eimima trenutno suprotstavljenima &#8220;Zapadu&#8221;, Jobbik sada sam objavljuje izjave kakve je donedavno smatrao &#8220;napadima na domovinu&#8221;. Kopiraju\u0107i &#8220;ljudskoprava\u0161ku&#8221; retoriku liberala, Jobbik se sve glasnije po\u010deo \u017ealiti na Fideszove &#8220;napade na demokraciju&#8221; i &#8220;gu\u0161enje opozicije&#8221;.<\/p>\n<p>U bizarnom obratu, Jobbik je napustio ideju Fidesza kao spasitelja od &#8220;komunista&#8221; i po\u010deo uspore\u0111ivati Orb\u00e1novu vlast s periodom ma\u0111arskog realsocijalizma. Svemu je kumovala najava dr\u017eavne revizije da bi Jobbik mogao dobiti nov\u010danu kaznu zbog neuredno vo\u0111enih financija koja bi mogla ugasiti stranku. U tom kontekstu sve se sna\u017enije pri\u010da o mogu\u0107oj suradnji Jobbika s liberalima. U predizbornoj nervozi ve\u0107 se prave neobi\u010dne koalicije: nova &#8220;zelena ljevica&#8221; ujedinjuje se sa starom konzervativnom desnicom iz 1990-ih, pravna sljednica komunisti\u010dke partije razgovara s doju\u010dera\u0161njim fa\u0161istima. Sve to olak\u0161ava Orb\u00e1nu da ih sve zajedno naziva &#8220;slu\u017ebenicima Sorosa&#8221;, odnosno neprijateljima ma\u0111arske nacije \u010diju egzistenciju ugro\u017eava maglovita strana prijetnja.<\/p>\n","protected":false},"excerpt":{"rendered":"<p>Jedina snaga koja bi s vlasti mogla smijeniti desno populisti\u010dki Fidesz ma\u0111arskog premijera Viktora Orb\u00e1na je ekstremno desni\u010darski Pokret za bolju Ma\u0111arsku (Jobbik). Sumoran je to zaklju\u010dak koji se name\u0107e iz ve\u0107ine anketa pet mjeseci uo\u010di parlamentarnih izbora&#8230;<\/p>\n","protected":false},"author":10,"featured_media":21430,"comment_status":"closed","ping_status":"closed","sticky":false,"template":"","format":"standard","meta":{"footnotes":""},"categories":[],"tags":[275,287],"theme":[456],"country":[],"articleformat":[205],"coauthors":[26],"class_list":["post-21429","post","type-post","status-publish","format-standard","has-post-thumbnail","hentry","tag-ekstremna-desnica","tag-madarska","theme-politika","articleformat-vijest"],"_links":{"self":[{"href":"https:\/\/www.bilten.org\/index.php?rest_route=\/wp\/v2\/posts\/21429","targetHints":{"allow":["GET"]}}],"collection":[{"href":"https:\/\/www.bilten.org\/index.php?rest_route=\/wp\/v2\/posts"}],"about":[{"href":"https:\/\/www.bilten.org\/index.php?rest_route=\/wp\/v2\/types\/post"}],"author":[{"embeddable":true,"href":"https:\/\/www.bilten.org\/index.php?rest_route=\/wp\/v2\/users\/10"}],"replies":[{"embeddable":true,"href":"https:\/\/www.bilten.org\/index.php?rest_route=%2Fwp%2Fv2%2Fcomments&post=21429"}],"version-history":[{"count":1,"href":"https:\/\/www.bilten.org\/index.php?rest_route=\/wp\/v2\/posts\/21429\/revisions"}],"predecessor-version":[{"id":21431,"href":"https:\/\/www.bilten.org\/index.php?rest_route=\/wp\/v2\/posts\/21429\/revisions\/21431"}],"wp:featuredmedia":[{"embeddable":true,"href":"https:\/\/www.bilten.org\/index.php?rest_route=\/wp\/v2\/media\/21430"}],"wp:attachment":[{"href":"https:\/\/www.bilten.org\/index.php?rest_route=%2Fwp%2Fv2%2Fmedia&parent=21429"}],"wp:term":[{"taxonomy":"category","embeddable":true,"href":"https:\/\/www.bilten.org\/index.php?rest_route=%2Fwp%2Fv2%2Fcategories&post=21429"},{"taxonomy":"post_tag","embeddable":true,"href":"https:\/\/www.bilten.org\/index.php?rest_route=%2Fwp%2Fv2%2Ftags&post=21429"},{"taxonomy":"theme","embeddable":true,"href":"https:\/\/www.bilten.org\/index.php?rest_route=%2Fwp%2Fv2%2Ftheme&post=21429"},{"taxonomy":"country","embeddable":true,"href":"https:\/\/www.bilten.org\/index.php?rest_route=%2Fwp%2Fv2%2Fcountry&post=21429"},{"taxonomy":"articleformat","embeddable":true,"href":"https:\/\/www.bilten.org\/index.php?rest_route=%2Fwp%2Fv2%2Farticleformat&post=21429"},{"taxonomy":"author","embeddable":true,"href":"https:\/\/www.bilten.org\/index.php?rest_route=%2Fwp%2Fv2%2Fcoauthors&post=21429"}],"curies":[{"name":"wp","href":"https:\/\/api.w.org\/{rel}","templated":true}]}}