{"id":21300,"date":"2017-12-04T07:00:00","date_gmt":"2017-12-04T06:00:00","guid":{"rendered":"http:\/\/www.bilten.org\/?p=21300"},"modified":"2021-02-25T10:55:32","modified_gmt":"2021-02-25T09:55:32","slug":"novi-profil-terorista-slucaj-kandic-i-geografija-beznada","status":"publish","type":"post","link":"https:\/\/www.bilten.org\/?p=21300","title":{"rendered":"Novi profil terorista: slu\u010daj Kandi\u0107 i geografija bezna\u0111a"},"content":{"rendered":"<p><strong>U Sarajevu uhi\u0107en i SAD-u\u00a0izru\u010den borac ISIL-a Mirsad Kandi\u0107, suprotno\u00a0o\u010dekivanome, ne uklapa se u uobi\u010dajene narative o teroristima.\u00a0Islam, \u010dini se, slabo pozna, a u ISIL-u je tra\u017eio izlaz iz vlastite situacije. Indikativni su u ovoj pri\u010di geostrate\u0161ki interesi koji se reflektiraju u BiH, a mogu se izvu\u0107i neki pou\u010dci za budu\u0107nost.<\/strong><\/p>\n<p>Jo\u0161 ljetos bosanskohercegova\u010dkim medijima prohujala je vijest o uhi\u0107enju izvjesnog Mirsada Kandi\u0107a. Do tada javnosti nepoznato ime, u nekoliko sati Kandi\u0107 je postao zna\u010dka kojom se okitila jedna od omiljenijih politi\u010dkih figura u Bosni i Hercegovini \u2013 ministar sigurnosti BiH Dragan Mekti\u0107. Mirsad Kandi\u0107, u \u0161turim izvje\u0161tajima prikazivao se kao va\u017ena karika u zapovjednom lancu Islamske dr\u017eave Iraka i Levanta. U ve\u0107ini vijesti ga se pomopzno nazivalo glavnim obavje\u0161tajcem ili \u010dak mozgom ISIL-a, a u \u017ei\u017eu globalne medijske pa\u017enje do\u0161ao je po\u010detkom studenog kad je, nakon ekstradicijskog procesa u Sarajevu, predan vlastima SAD-a \u010diji je i dr\u017eavljanin. Njegova fizi\u010dka pojava, a onda i pona\u0161anje tijekom sudskog procesa i cini\u010dno sprdanje s vlastitom pozicijom i <a href=\"https:\/\/www.youtube.com\/watch?v=z582PyjGGkY\" target=\"_blank\" rel=\"noopener\">sutkinjinim pitanjima<\/a> ostavlja dojam druga\u010diji od nekih ranijih pojava koje su vremenom postale reprezenti selefizma u BiH i njegovih radikalnih metoda djelovanja (primjerice Husein Bilal Bosni\u0107 \u2013 imam i svojevremeno pripadnik postrojbe Armije BiH El Mud\u017eahid devedesetih sklon medijskom spektakluku svojim lirskim izrazom, <a href=\"https:\/\/www.youtube.com\/watch?v=F58nrviV0T8\" target=\"_blank\" rel=\"noopener\">propovijedima i intervjuima<\/a> ili pak Nusret Imamovi\u0107 \u2013 samoprogla\u0161eni vo\u0111a selefijske komune u Gornjoj Mao\u010di).<\/p>\n<p>Mirsadu Kandi\u0107u je BiH o\u010digledno bila samo jedna od europskih \u0161tacija koje je izmijenio nakon <em>de facto<\/em> poraza ISIL-a na terenu te gubitka ve\u0107eg dijela teritorija i vojne snage na podru\u010dju Iraka i Sirije. Porijeklom (Kosovo) i godi\u0161tem (ro\u0111en 1981.), predstavnik je generacije koja nije sudjelovala u ratu na ovim prostorima, odnosno nema podataka da je eventualno u mla\u0111im danima bio uklju\u010den u ratna de\u0161avanja na Kosovu, a prije odlaska na rati\u0161te u Irak i Siriju, \u017eivio je u Sjedinjenim Dr\u017eavama. Nije izravni pripadnik <em>grassroot<\/em>-klerikalne linije koja je nastala u vrijeme ratova uslijed raspada Jugoslavije i dugo vremena bila nositelj alternativnih \u010ditanja Kur&#8217;ana i vrbovanja novih ljudi u vehabijske zajednice. Smatra se da su upravo oni, uz infrastrukturnu pomo\u0107 nekih sunitskih arapskih dr\u017eava, bili kadrovska snaga koja je ideolo\u0161ki hranila budu\u0107e pripadnike selefijskog pokreta, a onda i ratnike ISIL-a na ovim prostorima. Zadnji podatak Ministarstva sigurnosti BiH govori da je takvih boraca s putovnicom BiH bilo 226 \u0161to je \u2013 bez ikakve intencije da smanjim va\u017enost te brojke, a onda i ISIL-a kao &#8220;fenomena&#8221; \u2013 i mala brojka s obzirom na bezna\u0111e koje opisuje socijalnu i politi\u010dku situaciju u BiH, a i snagu pokreta koju \u010desto tendenciozno \u017eele dodatno uve\u0107ati mediji.<\/p>\n<p><strong>Mutacija metoda mobilizacije<\/strong><\/p>\n<p>Me\u0111utim, Mirsad Kandi\u0107 se \u010dini kao argument za ru\u0161enje klasi\u010dnih poku\u0161aja <em>profilinga<\/em> tipi\u010dnog i jedinstvenog terorista, kao netko tko se ne uklapa u do sada prisutnu sliku bradatih imama koji vrbuju mlade po bosanskim kasabama. On je u tom smislu predstavnik generacije koja nije nu\u017eno ranije (ili ikako) &#8220;radikalizirana&#8221;, \u0161to se dugo smatralo preduvjetom ulaska u ISIL-ovu mre\u017eu i sudjelovanje u ratovanju koje je me\u0111u ostalim uvelo sasvim novu metodu kori\u0161tenja medija i &#8220;spektakla&#8221;. Libanonski politolog Fawaz Gerges u knjizi objavljenoj 2016. godine <a href=\"https:\/\/www.theguardian.com\/books\/2017\/apr\/14\/isis-a-history-fawaz-a-gerges-review\" target=\"_blank\" rel=\"noopener\">ISIS: A History<\/a>, podacima potvr\u0111uje da ve\u0107ina od (pretpostavlja se) \u010detiri tisu\u0107e boraca iz Zapadne Europe posjeduje vrlo rudimentarno znanje o islamu i ISIL-u se predalo iz nekih drugih razloga koji nisu nu\u017eno vezani uz utjecaj klerika i njihovo operiranje po be\u010dkim, londonskim, pari\u0161kim, ali i sarajevskim medresama i d\u017eamijama. \u0160tovi\u0161e, smatra se da velika ve\u0107ina klerikalne klase u muslimanskom svijetu ne podr\u017eava ISIL niti je dio njihove mre\u017ee podr\u0161ke, \u0161to primjerice nije va\u017eilo svojevremeno za al-Kaidu koja je za razliku od ISIL-a bila manje uspje\u0161na u regrutiranju kadrova i nije bila sklona tipi\u010dnim ratnim metodama koje ISIL uveo osvajanjem ve\u0107ih dijelova Iraka i Sirije u svojim &#8220;najboljim&#8221; danima.<\/p>\n<p>Da govorimo o &#8220;novim profilima&#8221; terorista i njihovog djelovanja potvr\u0111uje i deset putovnica i sto Twitter naloga Mirsada Kandi\u0107a koji su ga uostalom i otkrili ameri\u010dkim sigurnosnim slu\u017ebama, a one su onda samo javile bosanskohercegova\u010dkim slu\u017ebama lokaciju njegova skrivanja na sarajevskoj Grbavici. Ostalo je bilo tek stvar rutine izvedive i za sigurnosne slu\u017ebe dr\u017eave s europske periferije. Ovaj podatak pokazuje da je Kandi\u0107 operirao i vrbovao &#8220;sekularnim metodama&#8221;, ne koriste\u0107i postoje\u0107u infrastrukturu, usredoto\u010div\u0161i se najvi\u0161e na zemlje Zapada, ali to se tek treba utvrditi i ostaviti slu\u017ebama BiH koje provode istragu o njegovim suradnicima \u0161to je nedavno potvrdio i ministar sigurnosti Mekti\u0107. No prva curenja u medijima govore da je u BiH bio isklju\u010divo u aran\u017emanu skrivanja i s privatnim vezama koje nemaju veze s njegovim anga\u017emanom u ISIL-u. Ovaj primjer lociranja, hap\u0161enja i transferiranja koji je jedini u valu &#8220;antiteroristi\u010dkih&#8221; akcija po BiH imao globalnog odjeka, ako se poka\u017ee to\u010dnim, svjedo\u010di o novoj organizacijskoj i strategijskoj &#8220;mutaciji&#8221; islamista s radikalnim metodama borbe.<\/p>\n<p><strong>Plodno tlo devastirane zemlje<\/strong><\/p>\n<p>Ako gledamo recentnu povijesti d\u017eihada (ili d\u017eihadizma \u0161to je neologizam koji koriste ve\u0107inom desni komentatori) \u010diji je ISIL posljednji proplamsaj, onda ova mutacija ne iznena\u0111uje. D\u017eihad se od oktobarskog rata 1973. kada se po prvi put s tim imenom pojavljuje u modernom svjetskom sistemu u obliku rata Egipta i Sirije protiv Izraela transformirao od &#8220;metode&#8221; suverenih nacionalnih dr\u017eava preko afganistanskog mud\u017eahedinskog otpora protiv Crvene armije do al-Kaide iz koje se onda u zadnjoj od tih transformacija izrodio ISIL kao pokret koji zagovara ru\u0161enje postoje\u0107ih granica izme\u0111u suverenih arapskih dr\u017eava i uspostavu panislamske \u0161erijatske dr\u017eave. ISIL stoga treba gledati kao odgovor na recentnu krizu arapskih re\u017eima i dr\u017eava, potaknutu \u0161to unutarnjim silnicama \u0161to direktnim uplivom Zapadnih sila (invazija na Irak 2003.). U tom kontekstu ISIL je ponudio svojevrsnu alternativnu, utopijsku i potpuno pomaknutu sliku svijeta u kojoj su mnogi sa \u0161ireg Bliskog istoka poku\u0161ali na\u0107i izlaz iz bezna\u0111a siroma\u0161tva, zaustavljenog i usporenog razvoja, ogromnog gomilanja petrodolara u rukama nekolicine i autoritarnih metoda vladanja. Kao i ranije d\u017eihadisti\u010dke metode i poku\u0161aji do\u017eivjeli su krah uslijed novih geostrate\u0161kih pomicanja. Tako da danas o ISIL-u mo\u017eemo govoriti kao o zavr\u0161enoj etapi d\u017eihada koja je ostavila tisu\u0107u raspu\u0161tenih boraca \u0161to lutaju, poput Mirsada Kandi\u0107a, \u010dekaju\u0107i neki novi preobra\u017eaj u pokret i njegove nagomilane ljudske snage.<\/p>\n<p>Taj novi smjer svakako ovisi prije svega o intenzitetu i obliku tenzija izme\u0111u dvije najve\u0107e sile tog dijela svijeta, Saudijske Arabije i Irana, a onda i pozicioniranju ostalih regionalnih (Turska, Egipat i Izrael) i globalnih igra\u010da (SAD i Rusija) \u0161to predstavlja \u0161iri geopoliti\u010dki okvir uspona ISIL-a. On je, iako &#8220;zami\u0161ljen&#8221; kao panislamska sunitska fundamentalisti\u010dka dr\u017eava, slu\u017eio prije svega kao stroj etni\u010dkog \u010di\u0161\u0107enja ne-sunita (primarno \u0161ijita, a onda i ostalih skupina) s tih prostora. U tome se iscrpila utopijska slika ISIL-a koja je nagnala mlade ljude da mu se priklju\u010de. Za kontekst BiH, va\u017eno je i dalje imati na umu da je socijalna slika zemlje takva da i dalje predstavlja plodno tlo za razvoj d\u017eepova selefijskog radikalizma, ali svakako ne u mjeri u kojoj bi to htjele politi\u010dke elite u Hrvatskoj i Srbiji. Pritom, BiH osim \u0161to je socijalno i infrastrukturno devastirano tlo pogodno za razvoj tih rukavaca globalnih politi\u010dkih islamskih pokreta, istovremeno je i prostor na kojem se posredno reflektiraju geostrate\u0161ke utakmice s Bliskog istoka. Sve ove u\u017ee i \u0161ire okvire treba uzeti u obzir kad se progovara o &#8220;terorizmu u BiH&#8221; \u0161to mnogi svjesno izbjegavaju, znaju\u0107i da si time oduzimaju agument u daljnjem pojednostavljivanju slike BiH i tamo\u0161njeg selefijskog pokreta i njegovih te\u017enji i transformacija<\/p>\n","protected":false},"excerpt":{"rendered":"<p>Jo\u0161 ljetos bosanskohercegova\u010dkim medijima prohujala je vijest o uhi\u0107enju izvjesnog Mirsada Kandi\u0107a. Do tada javnosti nepoznato ime, u nekoliko sati Kandi\u0107 je postao zna\u010dka kojom se okitila jedna od omiljenijih politi\u010dkih figura u Bosni i Hercegovini \u2013 ministar sigurnosti BiH Dragan Mekti\u0107&#8230;<\/p>\n","protected":false},"author":4,"featured_media":21313,"comment_status":"closed","ping_status":"closed","sticky":false,"template":"","format":"standard","meta":{"footnotes":""},"categories":[454,1],"tags":[137],"theme":[456],"country":[35],"articleformat":[450],"coauthors":[60],"class_list":["post-21300","post","type-post","status-publish","format-standard","has-post-thumbnail","hentry","category-naslovnica","category-uncategorized","tag-rat","theme-politika","country-bih","articleformat-tema"],"_links":{"self":[{"href":"https:\/\/www.bilten.org\/index.php?rest_route=\/wp\/v2\/posts\/21300","targetHints":{"allow":["GET"]}}],"collection":[{"href":"https:\/\/www.bilten.org\/index.php?rest_route=\/wp\/v2\/posts"}],"about":[{"href":"https:\/\/www.bilten.org\/index.php?rest_route=\/wp\/v2\/types\/post"}],"author":[{"embeddable":true,"href":"https:\/\/www.bilten.org\/index.php?rest_route=\/wp\/v2\/users\/4"}],"replies":[{"embeddable":true,"href":"https:\/\/www.bilten.org\/index.php?rest_route=%2Fwp%2Fv2%2Fcomments&post=21300"}],"version-history":[{"count":13,"href":"https:\/\/www.bilten.org\/index.php?rest_route=\/wp\/v2\/posts\/21300\/revisions"}],"predecessor-version":[{"id":36518,"href":"https:\/\/www.bilten.org\/index.php?rest_route=\/wp\/v2\/posts\/21300\/revisions\/36518"}],"wp:featuredmedia":[{"embeddable":true,"href":"https:\/\/www.bilten.org\/index.php?rest_route=\/wp\/v2\/media\/21313"}],"wp:attachment":[{"href":"https:\/\/www.bilten.org\/index.php?rest_route=%2Fwp%2Fv2%2Fmedia&parent=21300"}],"wp:term":[{"taxonomy":"category","embeddable":true,"href":"https:\/\/www.bilten.org\/index.php?rest_route=%2Fwp%2Fv2%2Fcategories&post=21300"},{"taxonomy":"post_tag","embeddable":true,"href":"https:\/\/www.bilten.org\/index.php?rest_route=%2Fwp%2Fv2%2Ftags&post=21300"},{"taxonomy":"theme","embeddable":true,"href":"https:\/\/www.bilten.org\/index.php?rest_route=%2Fwp%2Fv2%2Ftheme&post=21300"},{"taxonomy":"country","embeddable":true,"href":"https:\/\/www.bilten.org\/index.php?rest_route=%2Fwp%2Fv2%2Fcountry&post=21300"},{"taxonomy":"articleformat","embeddable":true,"href":"https:\/\/www.bilten.org\/index.php?rest_route=%2Fwp%2Fv2%2Farticleformat&post=21300"},{"taxonomy":"author","embeddable":true,"href":"https:\/\/www.bilten.org\/index.php?rest_route=%2Fwp%2Fv2%2Fcoauthors&post=21300"}],"curies":[{"name":"wp","href":"https:\/\/api.w.org\/{rel}","templated":true}]}}