{"id":21296,"date":"2017-12-04T08:00:06","date_gmt":"2017-12-04T07:00:06","guid":{"rendered":"http:\/\/www.bilten.org\/?p=21296"},"modified":"2017-12-04T08:41:55","modified_gmt":"2017-12-04T07:41:55","slug":"nove-poplave-na-jugu-bakana","status":"publish","type":"post","link":"https:\/\/www.bilten.org\/?p=21296","title":{"rendered":"Poplave na jugu Balkana"},"content":{"rendered":"<p>Sna\u017ene padaline pogodile su ovog vikenda zemlje na jugu Balkanskog poluotoka. Prema prvim procjenama, materijalna \u0161teta od poplava vrlo je velika u dijelovima Gr\u010dke i Bugarske. No situacija je najozbiljnija u Albaniji. Vi\u0161e tisu\u0107a osoba moralo je biti evakuirano diljem zemlje, a u toj operaciji sudjelovala je i vojska. Prema slu\u017ebenim podacima, barem jedna osoba je poginula. Najte\u017ee su pogo\u0111eni krajevi u blizini velikih rijeka, osobito rijeke Vjose. Zabilje\u017eena su izlijevanja i rijeka Osum, Seman i \u0160kumbin. Velik broj cesta je zatvoren, a zbog nepredvidivosti poplava, vlasti upozoravaju da se ne ide na put. Letovi s me\u0111unarodnog aerodroma su ve\u0107inom obustavljeni.<\/p>\n<p>Velika je \u0161teta i na elektri\u010dnoj mre\u017ei, stambenim i gospodarskim objektima te poljoprivrednom zemlji\u0161tu. \u0160kole i mnoge javne institucije su zatvorene jo\u0161 od \u010detvrtka, a nekim klju\u010dnim slu\u017ebama poput vatrogasaca i bolnica ote\u017ean je rad. Voda je na mjestima uzrokovala i odrone zemlje koji dovode u pitanje stabilnost mnogih gra\u0111evina koje nisu pod vodom. Albanija je svake godine krajem studenog i po\u010detkom prosinca izlo\u017eena sezoni sna\u017enih padalina. No velike \u0161tete nisu samo posljedica meteorolo\u0161kih neprilika, ve\u0107 i neadekvatne infrastrukture kojoj kroni\u010dno nedostaje investicija. O\u010dekuje se da bi ki\u0161a koja diljem zemlje pada od \u010detvrtka kona\u010dno trebala prestati danas.<\/p>\n<p>No glavobolje Albanaca s poplavama time \u0107e samo privremeno prestati, jer klju\u010dni infrastrukturni radovi na stabilnosti gra\u0111evina te na ure\u0111ivanju kanala i tokova rijeka jo\u0161 uvijek \u010dekaju neka bolja vremena.<\/p>\n","protected":false},"excerpt":{"rendered":"<p>Sna\u017ene padaline pogodile su ovog vikenda zemlje na jugu Balkanskog poluotoka. Prema prvim procjenama, materijalna \u0161teta od poplava vrlo je velika u dijelovima Gr\u010dke i Bugarske. No situacija je najozbiljnija u Albaniji&#8230;<\/p>\n","protected":false},"author":10,"featured_media":21297,"comment_status":"closed","ping_status":"closed","sticky":false,"template":"","format":"standard","meta":{"footnotes":""},"categories":[],"tags":[],"theme":[],"country":[65],"articleformat":[205],"coauthors":[26],"class_list":["post-21296","post","type-post","status-publish","format-standard","has-post-thumbnail","hentry","country-albanija","articleformat-vijest"],"_links":{"self":[{"href":"https:\/\/www.bilten.org\/index.php?rest_route=\/wp\/v2\/posts\/21296","targetHints":{"allow":["GET"]}}],"collection":[{"href":"https:\/\/www.bilten.org\/index.php?rest_route=\/wp\/v2\/posts"}],"about":[{"href":"https:\/\/www.bilten.org\/index.php?rest_route=\/wp\/v2\/types\/post"}],"author":[{"embeddable":true,"href":"https:\/\/www.bilten.org\/index.php?rest_route=\/wp\/v2\/users\/10"}],"replies":[{"embeddable":true,"href":"https:\/\/www.bilten.org\/index.php?rest_route=%2Fwp%2Fv2%2Fcomments&post=21296"}],"version-history":[{"count":3,"href":"https:\/\/www.bilten.org\/index.php?rest_route=\/wp\/v2\/posts\/21296\/revisions"}],"predecessor-version":[{"id":21312,"href":"https:\/\/www.bilten.org\/index.php?rest_route=\/wp\/v2\/posts\/21296\/revisions\/21312"}],"wp:featuredmedia":[{"embeddable":true,"href":"https:\/\/www.bilten.org\/index.php?rest_route=\/wp\/v2\/media\/21297"}],"wp:attachment":[{"href":"https:\/\/www.bilten.org\/index.php?rest_route=%2Fwp%2Fv2%2Fmedia&parent=21296"}],"wp:term":[{"taxonomy":"category","embeddable":true,"href":"https:\/\/www.bilten.org\/index.php?rest_route=%2Fwp%2Fv2%2Fcategories&post=21296"},{"taxonomy":"post_tag","embeddable":true,"href":"https:\/\/www.bilten.org\/index.php?rest_route=%2Fwp%2Fv2%2Ftags&post=21296"},{"taxonomy":"theme","embeddable":true,"href":"https:\/\/www.bilten.org\/index.php?rest_route=%2Fwp%2Fv2%2Ftheme&post=21296"},{"taxonomy":"country","embeddable":true,"href":"https:\/\/www.bilten.org\/index.php?rest_route=%2Fwp%2Fv2%2Fcountry&post=21296"},{"taxonomy":"articleformat","embeddable":true,"href":"https:\/\/www.bilten.org\/index.php?rest_route=%2Fwp%2Fv2%2Farticleformat&post=21296"},{"taxonomy":"author","embeddable":true,"href":"https:\/\/www.bilten.org\/index.php?rest_route=%2Fwp%2Fv2%2Fcoauthors&post=21296"}],"curies":[{"name":"wp","href":"https:\/\/api.w.org\/{rel}","templated":true}]}}