{"id":21187,"date":"2017-11-27T11:09:37","date_gmt":"2017-11-27T10:09:37","guid":{"rendered":"http:\/\/www.bilten.org\/?p=21187"},"modified":"2017-11-27T11:14:03","modified_gmt":"2017-11-27T10:14:03","slug":"parada-licemjerja-u-albanskoj-provinciji","status":"publish","type":"post","link":"https:\/\/www.bilten.org\/?p=21187","title":{"rendered":"Parada licemjerja u albanskoj provinciji"},"content":{"rendered":"<p>Vi\u0161e stotina u\u010denika, roditelja i mladih prosvjedovalo je pro\u0161log tjedna protiv siroma\u0161tva i diskriminacije u op\u0107ini Kurbin nedaleko Lje\u0161a na sjeveru Albanije, <a href=\"http:\/\/www.tiranatimes.com\/?p=134711\" target=\"_blank\">javljaju<\/a> lokalne agencije. To je jedna od najsiroma\u0161nijih op\u0107ina u zemlji, a prosvjednici tvrde i da je rije\u010d o sustavno zapostavljenom dijelu zemlje. Nedostatak adekvatnih socijalnih servisa ilustriran je mizernim stanjem lokalne knji\u017enice te nedostatkom kulturnog centra kojeg u \u017eivotu mladih zamjenjuje zapanjuju\u0107 broj kladionica i drugih mjesta kla\u0111enja. Sve to, prema navodima prosvjednika, proizvodi emigraciju i trafiking ljudi kojem su najizlo\u017eenija upravo djeca i mladi. Nakon prosvjeda prikupljana je peticija u kojoj se tra\u017ei bolja kulturna ponuda i zdravstvena za\u0161tita mladih a koja je kasnije poslana op\u0107ini i nadle\u017enim ministarstvima.<\/p>\n<p>Zahtjevi su toliko razumni da ih o\u010dekivano nije osporio nitko, a predstavnica Europske unije u zemlji Romana Vlahutin i osobno se pridru\u017eila prosvjedu. No prosvjed ipak nije bio neki samoorganizirani izraz nezadovoljstva i te\u017enji lokalnog stanovni\u0161tva. Njega je organizirala ameri\u010dka humanitarna udruga World Vision, <a href=\"https:\/\/valerietarico.com\/2014\/03\/30\/beyond-homophobia-the-even-bigger-reason-to-avoid-world-vision\/\" target=\"_blank\">proiza\u0161la<\/a> iz ultrakonzervativnih neoevangeli\u010dkih krugova. Iako je prozelitizam jedan od njegovih osnovnih ciljeva, World Vision ipak prikuplja novac i dijeli pomo\u0107 i djeci ostalih religija, zbog \u010dega je i sam na udaru kritika jo\u0161 konzervativnijih evangeli\u010dkih crkava u Americi. No, puno va\u017enije, borba protiv siroma\u0161tva kakvu provodi ova udruga osim dijeljenja pomo\u0107i uklju\u010duje i <a href=\"http:\/\/www.dnaindia.com\/lifestyle\/interview-evangelical-christianity-devils-in-high-places-1524855\" target=\"_blank\">promoviranje<\/a> ameri\u010dkih vanjskopoliti\u010dkih ciljeva i \u2013 tr\u017ei\u0161nih &#8220;<a href=\"https:\/\/www.tekes.fi\/en\/tekes\/results-and-impact\/cases1\/2015\/business-bringing-solutions-to-problems-in-developing-countries\/\" target=\"_blank\">rje\u0161enja<\/a>&#8220;.<\/p>\n<p>Tako je World Vision, koji je u Kurbinu prisutan barem desetak godina, do sad izme\u0111u ostalog organizirao <a href=\"http:\/\/www.wvi.org\/agriculture-and-food-security\/article\/youth-fight-poverty-promoting-tourism\" target=\"_blank\">kampove<\/a> za mlade na kojem su podu\u010davani u turisti\u010dkom poduzetni\u0161tvu te ne\u0161to opu\u0161tenije aktivnosti poput <a href=\"http:\/\/www.wvi.org\/albania\/article\/children-send-balloons-%E2%80%98god%E2%80%99s-house%E2%80%99-learn-about-their-rights\" target=\"_blank\">slanja balona<\/a> sa \u017eeljama &#8220;u bo\u017eju ku\u0107u&#8221; za mla\u0111u djecu. Naravno, siroma\u0161tvo u Albaniji ne\u0107e se rije\u0161iti paketima pomo\u0107i iz Amerike, jer se ono neprestano proizvodi tr\u017ei\u0161nim politikama koje izme\u0111u ostalih promoviraju ili name\u0107u upravo Europska unija, ameri\u010dka vanjska politika i velike ameri\u010dke korporacije \u010diji visoki direktori (ako pripadaju &#8220;pravoj&#8221; denominaciji) \u010desto u nekom trenutku karijere postaju <a href=\"https:\/\/www.worldvision.org\/about-us\/leadership-team\" target=\"_blank\">upravlja\u010dki kadar<\/a> World Visiona. Svi ti akteri albanskoj djeci zapravo nude iste politike koje su ih i dovele do ove situacije \u2013 samo uz velikodu\u0161ni dodatak molitve &#8220;pravom bogu&#8221; i \u0161arenih balona sa lijepim \u017eeljama.<\/p>\n","protected":false},"excerpt":{"rendered":"<p>Vi\u0161e stotina u\u010denika, roditelja i mladih prosvjedovalo je pro\u0161log tjedna protiv siroma\u0161tva i diskriminacije u op\u0107ini Kurbin nedaleko Lje\u0161a na sjeveru Albanije, javljaju lokalne agencije. To je jedna od najsiroma\u0161nijih op\u0107ina u zemlji, a prosvjednici tvrde i da je rije\u010d o sustavno zapostavljenom dijelu zemlje&#8230;<\/p>\n","protected":false},"author":10,"featured_media":21188,"comment_status":"closed","ping_status":"closed","sticky":false,"template":"","format":"standard","meta":{"footnotes":""},"categories":[],"tags":[],"theme":[],"country":[65],"articleformat":[205],"coauthors":[26],"class_list":["post-21187","post","type-post","status-publish","format-standard","has-post-thumbnail","hentry","country-albanija","articleformat-vijest"],"_links":{"self":[{"href":"https:\/\/www.bilten.org\/index.php?rest_route=\/wp\/v2\/posts\/21187","targetHints":{"allow":["GET"]}}],"collection":[{"href":"https:\/\/www.bilten.org\/index.php?rest_route=\/wp\/v2\/posts"}],"about":[{"href":"https:\/\/www.bilten.org\/index.php?rest_route=\/wp\/v2\/types\/post"}],"author":[{"embeddable":true,"href":"https:\/\/www.bilten.org\/index.php?rest_route=\/wp\/v2\/users\/10"}],"replies":[{"embeddable":true,"href":"https:\/\/www.bilten.org\/index.php?rest_route=%2Fwp%2Fv2%2Fcomments&post=21187"}],"version-history":[{"count":4,"href":"https:\/\/www.bilten.org\/index.php?rest_route=\/wp\/v2\/posts\/21187\/revisions"}],"predecessor-version":[{"id":21192,"href":"https:\/\/www.bilten.org\/index.php?rest_route=\/wp\/v2\/posts\/21187\/revisions\/21192"}],"wp:featuredmedia":[{"embeddable":true,"href":"https:\/\/www.bilten.org\/index.php?rest_route=\/wp\/v2\/media\/21188"}],"wp:attachment":[{"href":"https:\/\/www.bilten.org\/index.php?rest_route=%2Fwp%2Fv2%2Fmedia&parent=21187"}],"wp:term":[{"taxonomy":"category","embeddable":true,"href":"https:\/\/www.bilten.org\/index.php?rest_route=%2Fwp%2Fv2%2Fcategories&post=21187"},{"taxonomy":"post_tag","embeddable":true,"href":"https:\/\/www.bilten.org\/index.php?rest_route=%2Fwp%2Fv2%2Ftags&post=21187"},{"taxonomy":"theme","embeddable":true,"href":"https:\/\/www.bilten.org\/index.php?rest_route=%2Fwp%2Fv2%2Ftheme&post=21187"},{"taxonomy":"country","embeddable":true,"href":"https:\/\/www.bilten.org\/index.php?rest_route=%2Fwp%2Fv2%2Fcountry&post=21187"},{"taxonomy":"articleformat","embeddable":true,"href":"https:\/\/www.bilten.org\/index.php?rest_route=%2Fwp%2Fv2%2Farticleformat&post=21187"},{"taxonomy":"author","embeddable":true,"href":"https:\/\/www.bilten.org\/index.php?rest_route=%2Fwp%2Fv2%2Fcoauthors&post=21187"}],"curies":[{"name":"wp","href":"https:\/\/api.w.org\/{rel}","templated":true}]}}