{"id":21113,"date":"2017-11-22T07:00:08","date_gmt":"2017-11-22T06:00:08","guid":{"rendered":"http:\/\/www.bilten.org\/?p=21113"},"modified":"2017-11-21T16:23:57","modified_gmt":"2017-11-21T15:23:57","slug":"ramin-rat-protiv-siromasnih","status":"publish","type":"post","link":"https:\/\/www.bilten.org\/?p=21113","title":{"rendered":"Ramin rat protiv siroma\u0161nih"},"content":{"rendered":"<p>Albanski premijer Edi Rama po\u010detkom je mjeseca na sjednici parlamentarne grupe svoje stranke najavio novu kampanju &#8220;uvo\u0111enja reda&#8221;. Ovoga puta radi se o naplati ra\u010duna za vodu, a kampanja \u2013 otvoreno priznaje premijer \u2013 bit \u0107e vrlo sli\u010dna onoj koja se provodila radi naplate struje. Obje klju\u010dne infrastrukturne i \u017eivotne potrebe (voda i struja) \u017ertve su proma\u0161enih privatizacijskih projekata. Elektrodistribucija je privatizirana 2009. godine, a u sumnjivom procesu obilje\u017eenom kontroverzama novi je vlasnik postala \u010de\u0161ka tvrtka \u010cEZ. No ubrzo se pokazalo kako privatizacija nije ni u kojem smislu pobolj\u0161ala distribuciju struje, ali je dramati\u010dno <a href=\"http:\/\/www.bilten.org\/?p=3926\" target=\"_blank\">pove\u0107ala<\/a> ra\u010dune za korisnike.<\/p>\n<p>Dr\u017eava je naposljetku vratila vlasni\u0161tvo nad elektrodistribucijom, uz veliki tro\u0161ak za dr\u017eavni prora\u010dun, a mali potro\u0161a\u010di su silom prilika razvili naviku nepla\u0107anja i ilegalnog priklju\u010divanja. Distribucija vode je pak privatizirana po\u010detkom 2010-ih s vrlo sli\u010dnim rezultatima i posljedicama zbog \u010dega se i od nje naposljetku odustalo, ali ne prije nego \u0161to je velika \u0161teta ve\u0107 po\u010dinjena. No dok se dr\u017eava pobrinula da biv\u0161i koncesionari i vlasnici ne odu nezadovoljni iz Albanije, pa im je njihovo neuspje\u0161no upravljanje obilno platila, doma\u0107i mali potro\u0161a\u010di, a osobito neplati\u0161e i oni koji su se ilegalno priklju\u010dili na mre\u017eu, pro\u0161li su znatno lo\u0161ije. Upravo njima je i upu\u0107ena Ramina poruka da se \u010dim prije sami isklju\u010de s mre\u017ee.<\/p>\n<p>Kada je prije tri godine provedena kampanja represije radi nepla\u0107anja struje deseci ljudi su zatvoreni da slu\u017ee kao primjer, a zabilje\u017eeni su i slu\u010dajevi samoubojstava radi ogromnih dugova. Naposljetku je znatan dio stanovni\u0161tva, osobito u siroma\u0161nim regijama, privremeno ili trajno ostao bez struje. Sada im ista situacija prijeti s vodom. Ogromnu ljudsku cijenu ove nove kampanje Ramine organizacije, koja se jo\u0161 uvijek (paradoksalno) zove Socijalisti\u010dka stranka, platit \u0107e najsiroma\u0161niji, koji su ispali vje\u010dne \u017ertve tu\u0111ih proma\u0161enih politika.<\/p>\n","protected":false},"excerpt":{"rendered":"<p>Albanski premijer Edi Rama po\u010detkom je mjeseca na sjednici parlamentarne grupe svoje stranke najavio novu kampanju &#8220;uvo\u0111enja reda&#8221;. Ovoga puta radi se o naplati ra\u010duna za vodu, a kampanja \u2013 otvoreno priznaje premijer \u2013 bit \u0107e vrlo sli\u010dna onoj koja se provodila radi naplate struje&#8230;<\/p>\n","protected":false},"author":10,"featured_media":21114,"comment_status":"closed","ping_status":"closed","sticky":false,"template":"","format":"standard","meta":{"footnotes":""},"categories":[],"tags":[51],"theme":[455],"country":[65],"articleformat":[205],"coauthors":[26],"class_list":["post-21113","post","type-post","status-publish","format-standard","has-post-thumbnail","hentry","tag-privatizacija","theme-rad","country-albanija","articleformat-vijest"],"_links":{"self":[{"href":"https:\/\/www.bilten.org\/index.php?rest_route=\/wp\/v2\/posts\/21113","targetHints":{"allow":["GET"]}}],"collection":[{"href":"https:\/\/www.bilten.org\/index.php?rest_route=\/wp\/v2\/posts"}],"about":[{"href":"https:\/\/www.bilten.org\/index.php?rest_route=\/wp\/v2\/types\/post"}],"author":[{"embeddable":true,"href":"https:\/\/www.bilten.org\/index.php?rest_route=\/wp\/v2\/users\/10"}],"replies":[{"embeddable":true,"href":"https:\/\/www.bilten.org\/index.php?rest_route=%2Fwp%2Fv2%2Fcomments&post=21113"}],"version-history":[{"count":1,"href":"https:\/\/www.bilten.org\/index.php?rest_route=\/wp\/v2\/posts\/21113\/revisions"}],"predecessor-version":[{"id":21115,"href":"https:\/\/www.bilten.org\/index.php?rest_route=\/wp\/v2\/posts\/21113\/revisions\/21115"}],"wp:featuredmedia":[{"embeddable":true,"href":"https:\/\/www.bilten.org\/index.php?rest_route=\/wp\/v2\/media\/21114"}],"wp:attachment":[{"href":"https:\/\/www.bilten.org\/index.php?rest_route=%2Fwp%2Fv2%2Fmedia&parent=21113"}],"wp:term":[{"taxonomy":"category","embeddable":true,"href":"https:\/\/www.bilten.org\/index.php?rest_route=%2Fwp%2Fv2%2Fcategories&post=21113"},{"taxonomy":"post_tag","embeddable":true,"href":"https:\/\/www.bilten.org\/index.php?rest_route=%2Fwp%2Fv2%2Ftags&post=21113"},{"taxonomy":"theme","embeddable":true,"href":"https:\/\/www.bilten.org\/index.php?rest_route=%2Fwp%2Fv2%2Ftheme&post=21113"},{"taxonomy":"country","embeddable":true,"href":"https:\/\/www.bilten.org\/index.php?rest_route=%2Fwp%2Fv2%2Fcountry&post=21113"},{"taxonomy":"articleformat","embeddable":true,"href":"https:\/\/www.bilten.org\/index.php?rest_route=%2Fwp%2Fv2%2Farticleformat&post=21113"},{"taxonomy":"author","embeddable":true,"href":"https:\/\/www.bilten.org\/index.php?rest_route=%2Fwp%2Fv2%2Fcoauthors&post=21113"}],"curies":[{"name":"wp","href":"https:\/\/api.w.org\/{rel}","templated":true}]}}