{"id":20952,"date":"2017-11-15T08:00:18","date_gmt":"2017-11-15T07:00:18","guid":{"rendered":"http:\/\/www.bilten.org\/?p=20952"},"modified":"2017-11-13T15:10:02","modified_gmt":"2017-11-13T14:10:02","slug":"grcka-jos-u-strahu-od-fasistickih-bandi","status":"publish","type":"post","link":"https:\/\/www.bilten.org\/?p=20952","title":{"rendered":"Gr\u010dka jo\u0161 u strahu od fa\u0161isti\u010dkih bandi"},"content":{"rendered":"<p>Po\u010detkom mjeseca, grupa gr\u010dkih fa\u0161ista <a href=\"http:\/\/www.ekathimerini.com\/223004\/article\/ekathimerini\/news\/unknown-group-claims-attack-on-refugee-boys-home\" target=\"_blank\">razbila<\/a> je kamenjem prozore na ku\u0107i jedne obitelji u ju\u017enom predgra\u0111u Atene. Incident ne bi privukao osobitu pa\u017enju javnosti da jedno od djece iz te obitelji \u2013 jedanaestogodi\u0161nji Amir \u2013 nije nekoliko dana ranije sprije\u010den u tome da na ceremoniji kojom se obilje\u017eava gr\u010dko odbijanje talijanskog ultimatuma 1940. (&#8220;Dan &#8216;ne'&#8221;) nosi gr\u010dku zastavu. Svake godine 28. listopada Gr\u010dka se paradama u\u010denika podsje\u0107a na otpor napadu fa\u0161isti\u010dke Italije. Izbor djece koja nose gr\u010dku zastavu od nedavno se vr\u0161i ne na temelju preferencija u\u010ditelja, ve\u0107 nasumi\u010dnim izborom. To je pomoglo da ove godine du\u017enost barjaktara zapadne znatno ve\u0107i broj djece koja porijeklom nisu etni\u010dki Grci. No to gr\u010dka desnica nije mogla lako prihvatiti.<\/p>\n<p>U pojedinim slu\u010dajevima (poput Amirovog) intervenirala je \u0161kola i oduzela djeci predvi\u0111enu \u010dast. Drugdje su <a href=\"http:\/\/www.keeptalkinggreece.com\/2017\/10\/29\/oxi-day-parade-racism\/\" target=\"_blank\">intervenirali<\/a> nacisti, posebno grupe notorne Zlatne zore, koje su npr. na otoku Santoriniju napale albansku djevoj\u010dicu koja je trebala nositi zastavu i prekinuli procesiju u \u010dast historijskom otporu fa\u0161izmu. To je me\u0111utim daleko od jedinog incidenta u koji je uklju\u010dena ova fa\u0161isti\u010dka banda. Svega nekoliko dana kasnije, dvije zaposlenice dr\u017eavnog tu\u017eiteljstva koje rade na optu\u017enici protiv du\u017enosnika Zlatne zore zbog organizacije ubojstva pjeva\u010da Pavlosa Fisasa 2013. godine <a href=\"http:\/\/www.ekathimerini.com\/222911\/article\/ekathimerini\/news\/attack-by-gd-members-seen-as-attempt-at-show-of-force\" target=\"_blank\">napadnute<\/a> su u javnog prijevozu. U isto vrijeme, pojedini biv\u0161i \u010dlanovi po\u010deli su otvoreno <a href=\"http:\/\/www.ekathimerini.com\/222928\/article\/ekathimerini\/news\/witness-and-former-member-says-gd-a-military-style-organization\" target=\"_blank\">govoriti<\/a> o divlja\u010dkim napadima i ubojstvima civila te vojnoj obuci koju su dobivali od (biv\u0161ih) pripadnika gr\u010dkog sigurnosnog aparata.<\/p>\n<p>Prema mnogim anketama, Zlatna zora je unato\u010d takvim incidentima jo\u0161 uvijek \u010detvrta najpopularnija stranka sa sna\u017enom potporom u dijelovima gr\u010dkog establi\u0161menta. \u010cak i desnica formalno suprotstavljena ovoj stranci ne preza od toga da koristi njezine argumente. Kirijakos Micotakis, \u0161ef Nove demokracije (najve\u0107e opozicijske stranke), tako je nedavno <a href=\"http:\/\/www.ekathimerini.com\/222926\/article\/ekathimerini\/news\/tsipras-mitsotakis-clash-in-parliament-over-spike-in-crime\" target=\"_blank\">optu\u017eio<\/a> vladu da je kriva za &#8220;porast nereda&#8221;, amnestiraju\u0107i tako naciste za nasilje i prebacuju\u0107i odgovornost na vladu. Kao rje\u0161enje predlo\u017eio je davanje &#8220;ve\u0107ih sloboda&#8221; i financijskih sredstava sigurnosnom aparatu. Onom istom \u010diji su pripadnici, kao \u0161to je nedavno potvr\u0111eno, provodili obuku fa\u0161ista za prebijanja i ubojstva.<\/p>\n","protected":false},"excerpt":{"rendered":"<p>Po\u010detkom mjeseca, grupa gr\u010dkih fa\u0161ista razbila je kamenjem prozore na ku\u0107i jedne obitelji u ju\u017enom predgra\u0111u Atene. Incident ne bi privukao osobitu pa\u017enju javnosti da jedno od djece iz te obitelji \u2013 jedanaestogodi\u0161nji Amir \u2013 nije nekoliko dana ranije sprije\u010den u tome da na ceremoniji kojom se obilje\u017eava gr\u010dko odbijanje talijanskog ultimatuma 1940&#8230;<\/p>\n","protected":false},"author":10,"featured_media":20956,"comment_status":"closed","ping_status":"closed","sticky":false,"template":"","format":"standard","meta":{"footnotes":""},"categories":[],"tags":[275,226],"theme":[456],"country":[],"articleformat":[205],"coauthors":[26],"class_list":["post-20952","post","type-post","status-publish","format-standard","has-post-thumbnail","hentry","tag-ekstremna-desnica","tag-grcka","theme-politika","articleformat-vijest"],"_links":{"self":[{"href":"https:\/\/www.bilten.org\/index.php?rest_route=\/wp\/v2\/posts\/20952","targetHints":{"allow":["GET"]}}],"collection":[{"href":"https:\/\/www.bilten.org\/index.php?rest_route=\/wp\/v2\/posts"}],"about":[{"href":"https:\/\/www.bilten.org\/index.php?rest_route=\/wp\/v2\/types\/post"}],"author":[{"embeddable":true,"href":"https:\/\/www.bilten.org\/index.php?rest_route=\/wp\/v2\/users\/10"}],"replies":[{"embeddable":true,"href":"https:\/\/www.bilten.org\/index.php?rest_route=%2Fwp%2Fv2%2Fcomments&post=20952"}],"version-history":[{"count":4,"href":"https:\/\/www.bilten.org\/index.php?rest_route=\/wp\/v2\/posts\/20952\/revisions"}],"predecessor-version":[{"id":20957,"href":"https:\/\/www.bilten.org\/index.php?rest_route=\/wp\/v2\/posts\/20952\/revisions\/20957"}],"wp:featuredmedia":[{"embeddable":true,"href":"https:\/\/www.bilten.org\/index.php?rest_route=\/wp\/v2\/media\/20956"}],"wp:attachment":[{"href":"https:\/\/www.bilten.org\/index.php?rest_route=%2Fwp%2Fv2%2Fmedia&parent=20952"}],"wp:term":[{"taxonomy":"category","embeddable":true,"href":"https:\/\/www.bilten.org\/index.php?rest_route=%2Fwp%2Fv2%2Fcategories&post=20952"},{"taxonomy":"post_tag","embeddable":true,"href":"https:\/\/www.bilten.org\/index.php?rest_route=%2Fwp%2Fv2%2Ftags&post=20952"},{"taxonomy":"theme","embeddable":true,"href":"https:\/\/www.bilten.org\/index.php?rest_route=%2Fwp%2Fv2%2Ftheme&post=20952"},{"taxonomy":"country","embeddable":true,"href":"https:\/\/www.bilten.org\/index.php?rest_route=%2Fwp%2Fv2%2Fcountry&post=20952"},{"taxonomy":"articleformat","embeddable":true,"href":"https:\/\/www.bilten.org\/index.php?rest_route=%2Fwp%2Fv2%2Farticleformat&post=20952"},{"taxonomy":"author","embeddable":true,"href":"https:\/\/www.bilten.org\/index.php?rest_route=%2Fwp%2Fv2%2Fcoauthors&post=20952"}],"curies":[{"name":"wp","href":"https:\/\/api.w.org\/{rel}","templated":true}]}}